{"id":2649,"date":"2021-04-04T18:55:15","date_gmt":"2021-04-04T17:55:15","guid":{"rendered":"http:\/\/www.unenfantuncartable17.fr\/?p=2649"},"modified":"2021-04-07T08:41:52","modified_gmt":"2021-04-07T07:41:52","slug":"pas-mission-de-printemps-mais-un-plan-b","status":"publish","type":"post","link":"http:\/\/www.unenfantuncartable17.fr\/?p=2649","title":{"rendered":"Pas mission de printemps, mais un plan B"},"content":{"rendered":"<p><span style=\"font-family: 'arial black', sans-serif; font-size: 14pt; color: #808000;\">L&rsquo;\u00e9volution sanitaire en France et les conditions drastiques d&rsquo;entr\u00e9e au S\u00e9n\u00e9gal, ont emp\u00each\u00e9 <strong><span style=\"color: #993300;\">et emp\u00eacheront toute mission dans les mois \u00e0 venir.<\/span><\/strong><\/span><\/p>\n<p><span style=\"font-family: 'arial black', sans-serif; font-size: 14pt; color: #808000;\">Habituellement, les mois de f\u00e9vrier ou mars sont consacr\u00e9s \u00e0 la mission de collecte des besoins en fournitures et livres aupr\u00e8s des directeurs d&rsquo;\u00e9coles qui font une estimation pour la rentr\u00e9e d&rsquo;octobre.<\/span><\/p>\n<p><span style=\"font-family: 'arial black', sans-serif; font-size: 14pt; color: #993300;\">Notre travail aupr\u00e8s des familles et des \u00e9l\u00e8ves de l&rsquo;\u00eele ne doit pas s&rsquo;arr\u00eater, surtout en p\u00e9riode de grandes difficult\u00e9s \u00e9conomiques et sociales, comme c&rsquo;est le cas au S\u00e9n\u00e9gal. Le besoin d&rsquo;\u00e9ducation doit pouvoir s&rsquo;exercer pleinement.<\/span><\/p>\n<p><span style=\"font-family: 'arial black', sans-serif; font-size: 14pt; color: #808000;\">Le conseil d&rsquo;administration a donc d\u00e9cid\u00e9 de mener cette mission <strong><span style=\"color: #993300;\">\u00ab\u00a0\u00e0 distance\u00a0\u00bb<\/span><\/strong> gr\u00e2ce aux outils num\u00e9riques <strong><span style=\"color: #993300;\">(heureusement Internet est accessible dans l&rsquo;\u00eele depuis quelques ann\u00e9es)<\/span><\/strong> <\/span><span style=\"font-family: 'arial black', sans-serif; color: #808000;\"><span style=\"font-size: 14pt;\">et <strong>\u00e0 l&rsquo;assistance de notre correspondant local, Moustapha Diouf, directeur de l&rsquo;\u00e9cole \u00e9l\u00e9mentaire de Mar Lodj, qui a montr\u00e9 ses comp\u00e9tences d&rsquo;organisateur en octobre lors de la livraison, et en qui nous\u00a0avons toute confiance.<\/strong><\/span><\/span><\/p>\n<p><span style=\"font-family: 'arial black', sans-serif; font-size: 14pt; color: #808000;\">Nous venons donc d&rsquo;envoyer aux diff\u00e9rents directeurs et directrices de maternelles et d&rsquo;\u00e9l\u00e9mentaires, les tableaux qui listent les cartables, les trousses, les diff\u00e9rentes fournitures et les livres, habituellement sollicit\u00e9s depuis des ann\u00e9es. <strong><span style=\"color: #993300;\">Environ 950 \u00e9l\u00e8ves sont concern\u00e9s.<\/span><\/strong><\/span><\/p>\n<p><span style=\"font-family: 'arial black', sans-serif; font-size: 14pt; color: #808000;\">Les directeurs n&rsquo;auront plus &#8211; apr\u00e8s l&rsquo;\u00e9valuation du nombre d&rsquo;\u00e9l\u00e8ves \u00e0 la rentr\u00e9e- qu&rsquo;\u00e0 remplir ces tableaux et nous les renvoyer. <strong><span style=\"color: #993300;\">Ils ont jusqu&rsquo;au 15 mai pour cela.\u00a0<\/span><\/strong><\/span><\/p>\n<p><span style=\"font-family: 'arial black', sans-serif; font-size: 14pt; color: #808000;\">Nous aurons bien entendu ensuite \u00e0 analyser les demandes et \u00e0 les adapter au budget qui sera moins \u00e9lev\u00e9 que celui de 2020 mais permettra quand m\u00eame aux \u00e9l\u00e8ves et aux ma\u00eetres d&rsquo;envisager une ann\u00e9e fructueuse.<\/span><\/p>\n<p><span style=\"font-family: 'arial black', sans-serif; font-size: 14pt; color: #808000;\">Nous avons d\u00e9cid\u00e9 de conserver les fournisseurs de l&rsquo;an pass\u00e9 qui recevront les commandes vers la mi-juin.<\/span><\/p>\n<p><span style=\"font-family: 'arial black', sans-serif; font-size: 14pt; color: #808000;\">Il est difficile aujourd&rsquo;hui d&rsquo;avancer la somme totale qui sera affect\u00e9e \u00e0 ces achats car tous les param\u00e8tres ne sont pas connus d\u00e9finitivement. <strong><span style=\"color: #993300;\">On peut toutefois avancer un plancher de 6500 \u20ac, auxquels il convient d&rsquo;ajouter 800 \u20ac pour les \u00e9l\u00e8ves en formation professionnelle. <\/span><\/strong><\/span><\/p>\n<p><span style=\"font-family: 'arial black', sans-serif; font-size: 14pt; color: #808000;\"><strong><span style=\"color: #993300;\">Les adh\u00e9rents seront bien \u00e9videmment inform\u00e9s du contenu d\u00e9finitif de la commande.<\/span><\/strong><\/span><\/p>\n<p><span style=\"font-family: 'arial black', sans-serif; font-size: 14pt; color: #808000;\">Enfin, si la situation sanitaire le permet, les membres du conseil d&rsquo;administration comptent bien assumer la mission de livraison pour la rentr\u00e9e des classes en octobre.<\/span><\/p>\n<p><span style=\"font-family: 'arial black', sans-serif; font-size: 14pt; color: #808000;\"><strong><span style=\"color: #993300;\">La date de l&rsquo;assembl\u00e9e g\u00e9n\u00e9rale et ses conditions de d\u00e9roulement ne sont pas encore arr\u00eat\u00e9es,<\/span><\/strong> mais vous en serez inform\u00e9s d\u00e8s que possible.<\/span><\/p>\n<p>&nbsp;<\/p>\n","protected":false},"excerpt":{"rendered":"<p>L&rsquo;\u00e9volution sanitaire en France et les conditions drastiques d&rsquo;entr\u00e9e au S\u00e9n\u00e9gal, ont emp\u00each\u00e9 et emp\u00eacheront toute mission dans les mois \u00e0 venir. Habituellement, les mois de f\u00e9vrier ou mars sont consacr\u00e9s \u00e0 la mission de collecte des besoins en fournitures et livres aupr\u00e8s des directeurs d&rsquo;\u00e9coles qui font une estimation pour la rentr\u00e9e d&rsquo;octobre. Notre [&hellip;]<\/p>\n","protected":false},"author":2,"featured_media":0,"comment_status":"open","ping_status":"open","sticky":false,"template":"","format":"standard","meta":{"jetpack_post_was_ever_published":false,"_jetpack_newsletter_access":"","_jetpack_dont_email_post_to_subs":true,"_jetpack_newsletter_tier_id":0,"_jetpack_memberships_contains_paywalled_content":false,"_jetpack_memberships_contains_paid_content":false,"footnotes":""},"categories":[1],"tags":[],"class_list":["post-2649","post","type-post","status-publish","format-standard","hentry","category-non-classe"],"jetpack_featured_media_url":"","jetpack_sharing_enabled":true,"jetpack_shortlink":"https:\/\/wp.me\/p5o8j7-GJ","_links":{"self":[{"href":"http:\/\/www.unenfantuncartable17.fr\/index.php?rest_route=\/wp\/v2\/posts\/2649","targetHints":{"allow":["GET"]}}],"collection":[{"href":"http:\/\/www.unenfantuncartable17.fr\/index.php?rest_route=\/wp\/v2\/posts"}],"about":[{"href":"http:\/\/www.unenfantuncartable17.fr\/index.php?rest_route=\/wp\/v2\/types\/post"}],"author":[{"embeddable":true,"href":"http:\/\/www.unenfantuncartable17.fr\/index.php?rest_route=\/wp\/v2\/users\/2"}],"replies":[{"embeddable":true,"href":"http:\/\/www.unenfantuncartable17.fr\/index.php?rest_route=%2Fwp%2Fv2%2Fcomments&post=2649"}],"version-history":[{"count":14,"href":"http:\/\/www.unenfantuncartable17.fr\/index.php?rest_route=\/wp\/v2\/posts\/2649\/revisions"}],"predecessor-version":[{"id":2664,"href":"http:\/\/www.unenfantuncartable17.fr\/index.php?rest_route=\/wp\/v2\/posts\/2649\/revisions\/2664"}],"wp:attachment":[{"href":"http:\/\/www.unenfantuncartable17.fr\/index.php?rest_route=%2Fwp%2Fv2%2Fmedia&parent=2649"}],"wp:term":[{"taxonomy":"category","embeddable":true,"href":"http:\/\/www.unenfantuncartable17.fr\/index.php?rest_route=%2Fwp%2Fv2%2Fcategories&post=2649"},{"taxonomy":"post_tag","embeddable":true,"href":"http:\/\/www.unenfantuncartable17.fr\/index.php?rest_route=%2Fwp%2Fv2%2Ftags&post=2649"}],"curies":[{"name":"wp","href":"https:\/\/api.w.org\/{rel}","templated":true}]}}