{"id":26,"date":"2013-03-28T08:11:00","date_gmt":"2013-03-28T08:11:00","guid":{"rendered":"http:\/\/www.unenfantuncartable17.fr\/?p=26"},"modified":"2015-01-27T11:19:37","modified_gmt":"2015-01-27T10:19:37","slug":"l-assemblee-generale-du-mars","status":"publish","type":"post","link":"http:\/\/www.unenfantuncartable17.fr\/?p=26","title":{"rendered":"L&rsquo;assembl\u00e9e g\u00e9n\u00e9rale du 22 mars"},"content":{"rendered":"<p><span style=\"color: #993300; font-size: 14pt;\"><strong><span style=\"font-family: arial,helvetica,sans-serif;\">En ouvrant l\u2019assembl\u00e9e g\u00e9n\u00e9rale du 22 mars \u00e0 la maison de quartier de Port Neuf par le rapport moral et d\u2019orientations, Jean-Claude Brossard a rappel\u00e9 quelques chiffres. <span style=\"color: #808000;\">\u00ab\u00a0 L\u2019association, aujourd\u2019hui,\u00a0c\u2019est 195 adh\u00e9rents, plus de 600 enfants aid\u00e9s-dont 52% de filles- fin 2013 dans quatre \u00e9coles. Sa mission historique- l\u2019achat de fournitures scolaires- et l\u2019entretien du patrimoine scolaire se poursuit donc depuis 5 ans au profit des enfants de l\u2019\u00eele de Mar Lodj.\u00a0\u00bb<\/span><\/span><\/strong><\/span><\/p>\n<div class=\"ob-section ob-section-html\">\n<div class=\"Standard\" style=\"margin: 0cm 0cm 10pt;\"><img loading=\"lazy\" decoding=\"async\" class=\"CtreTexte\" src=\"http:\/\/www.unenfantuncartable17.fr\/wp-content\/uploads\/2014\/04\/DSC_1025.jpg\" alt=\"DSC 1025\" width=\"300\" height=\"198\" \/>\u00a0<span style=\"text-decoration: underline;\"><span style=\"font-size: 10pt;\"><span style=\"color: #99cc00; text-decoration: underline;\"><span style=\"font-family: arial,helvetica,sans-serif;\"><span style=\"color: #808000; text-decoration: underline;\"><strong>Notre action\u00a0a concern\u00e9 10 fois plus d&rsquo;enfants\u00a0en\u00a05 ans<\/strong><\/span><\/span><\/span><span style=\"color: #808000; text-decoration: underline;\"><strong><span style=\"font-family: arial,helvetica,sans-serif;\">.<\/span><\/strong><\/span><\/span>\u00a0<\/span><\/div>\n<div class=\"Standard\" style=\"margin: 0cm 0cm 10pt;\"><span style=\"color: #993300; font-size: 12pt;\"><strong><span style=\"font-family: arial,helvetica,sans-serif;\">La suite ici : <span style=\"color: #993300; font-size: 14pt;\"><a style=\"color: #993300;\" href=\"http:\/\/www.unenfantuncartable17.fr\/wp-content\/uploads\/2013\/03\/ag-2013.docx\">ag 2013<\/a><\/span><\/span><\/strong><\/span><\/div>\n<\/div>\n","protected":false},"excerpt":{"rendered":"<p>En ouvrant l\u2019assembl\u00e9e g\u00e9n\u00e9rale du 22 mars \u00e0 la maison de quartier de Port Neuf par le rapport moral et d\u2019orientations, Jean-Claude Brossard a rappel\u00e9 quelques chiffres. \u00ab\u00a0 L\u2019association, aujourd\u2019hui,\u00a0c\u2019est 195 adh\u00e9rents, plus de 600 enfants aid\u00e9s-dont 52% de filles- fin 2013 dans quatre \u00e9coles. Sa mission historique- l\u2019achat de fournitures scolaires- et l\u2019entretien du [&hellip;]<\/p>\n","protected":false},"author":2,"featured_media":0,"comment_status":"open","ping_status":"open","sticky":false,"template":"","format":"standard","meta":{"jetpack_post_was_ever_published":false,"_jetpack_newsletter_access":"","_jetpack_dont_email_post_to_subs":false,"_jetpack_newsletter_tier_id":0,"_jetpack_memberships_contains_paywalled_content":false,"_jetpack_memberships_contains_paid_content":false,"footnotes":""},"categories":[1],"tags":[],"class_list":["post-26","post","type-post","status-publish","format-standard","hentry","category-non-classe"],"jetpack_featured_media_url":"","jetpack_sharing_enabled":true,"jetpack_shortlink":"https:\/\/wp.me\/p5o8j7-q","_links":{"self":[{"href":"http:\/\/www.unenfantuncartable17.fr\/index.php?rest_route=\/wp\/v2\/posts\/26","targetHints":{"allow":["GET"]}}],"collection":[{"href":"http:\/\/www.unenfantuncartable17.fr\/index.php?rest_route=\/wp\/v2\/posts"}],"about":[{"href":"http:\/\/www.unenfantuncartable17.fr\/index.php?rest_route=\/wp\/v2\/types\/post"}],"author":[{"embeddable":true,"href":"http:\/\/www.unenfantuncartable17.fr\/index.php?rest_route=\/wp\/v2\/users\/2"}],"replies":[{"embeddable":true,"href":"http:\/\/www.unenfantuncartable17.fr\/index.php?rest_route=%2Fwp%2Fv2%2Fcomments&post=26"}],"version-history":[{"count":7,"href":"http:\/\/www.unenfantuncartable17.fr\/index.php?rest_route=\/wp\/v2\/posts\/26\/revisions"}],"predecessor-version":[{"id":623,"href":"http:\/\/www.unenfantuncartable17.fr\/index.php?rest_route=\/wp\/v2\/posts\/26\/revisions\/623"}],"wp:attachment":[{"href":"http:\/\/www.unenfantuncartable17.fr\/index.php?rest_route=%2Fwp%2Fv2%2Fmedia&parent=26"}],"wp:term":[{"taxonomy":"category","embeddable":true,"href":"http:\/\/www.unenfantuncartable17.fr\/index.php?rest_route=%2Fwp%2Fv2%2Fcategories&post=26"},{"taxonomy":"post_tag","embeddable":true,"href":"http:\/\/www.unenfantuncartable17.fr\/index.php?rest_route=%2Fwp%2Fv2%2Ftags&post=26"}],"curies":[{"name":"wp","href":"https:\/\/api.w.org\/{rel}","templated":true}]}}