{"id":2535,"date":"2020-11-09T16:03:19","date_gmt":"2020-11-09T15:03:19","guid":{"rendered":"http:\/\/www.unenfantuncartable17.fr\/?p=2535"},"modified":"2020-11-09T16:03:19","modified_gmt":"2020-11-09T15:03:19","slug":"livraison-des-fournitures-realisee","status":"publish","type":"post","link":"http:\/\/www.unenfantuncartable17.fr\/?p=2535","title":{"rendered":"Livraison des fournitures r\u00e9alis\u00e9e"},"content":{"rendered":"<p><span style=\"font-family: 'arial black', sans-serif; font-size: 14pt; color: #993300;\"><strong><span style=\"color: #808000;\">Lundi 9 novembre,<\/span> la livraison des diff\u00e9rentes fournitures, des sacs, des trousses, des livres scolaires a pu avoir lieu \u00e0 Mar Lodj, <span style=\"color: #808000;\">gr\u00e2ce \u00e0 l&rsquo;engagement de nos partenaires dans l&rsquo;\u00eele et notamment du directeur de l&rsquo;\u00e9cole \u00e9l\u00e9mentaire de Mar Lothie, Moustapha Diouf qui a pilot\u00e9 l&rsquo;op\u00e9ration en notre absence et qui a r\u00e9alis\u00e9 les photos ci-dessous.<\/span><\/strong><\/span><\/p>\n<p><span style=\"font-family: 'arial black', sans-serif; font-size: 14pt; color: #993300;\"><strong>Pr\u00e9par\u00e9e depuis quelques jours, cette livraison a mobilis\u00e9e les trois fournisseurs de l&rsquo;association, quelques charretiers, les directeurs et les enseignants.<\/strong><\/span><\/p>\n<p><span style=\"font-family: 'arial black', sans-serif; font-size: 14pt; color: #993300;\"><strong><span style=\"color: #808000;\">Deux pirogues,<\/span> totalement remplies, ont \u00e9t\u00e9 n\u00e9cessaires pour effectuer la travers\u00e9e du fleuve de N&rsquo;Dangane \u00e0 Mar Lodj et <span style=\"color: #808000;\">une dizaine de cal\u00e8ches<\/span> pour convoyer les fournitures du d\u00e9barcad\u00e8re \u00e0 l&rsquo;\u00e9cole de Mar Lothie, lieu de la r\u00e9partition entre les \u00e9coles.<\/strong><\/span><\/p>\n<p><span style=\"font-family: 'arial black', sans-serif; font-size: 14pt; color: #993300;\"><strong>Cette ann\u00e9e encore ce sont <span style=\"color: #808000;\">plusieurs m\u00e8tres cubes et des centaines de kilos<\/span> de sacs, de trousses, de fournitures qui ont \u00e9t\u00e9 attribu\u00e9es aux 1000 \u00e9l\u00e8ves et aux 35 enseignants auxquels l&rsquo;association vient en aide depuis 12 ans. L&rsquo;\u00e9quivalent de <span style=\"color: #808000;\">9500 euros investis<\/span> malgr\u00e9 les difficult\u00e9s pour \u00e9quilibrer (pas de recettes des courses solidaires dans les \u00e9coles) le budget et <span style=\"color: #808000;\">qui justifie notre appel \u00e0 votre g\u00e9n\u00e9rosit\u00e9 dans l&rsquo;article pr\u00e9c\u00e9dent.<\/span><\/strong><\/span><\/p>\n<p><div id=\"attachment_2536\" style=\"width: 310px\" class=\"wp-caption alignleft\"><a href=\"http:\/\/www.unenfantuncartable17.fr\/wp-content\/uploads\/2020\/11\/chargement.jpg\"><img loading=\"lazy\" decoding=\"async\" aria-describedby=\"caption-attachment-2536\" class=\"size-medium wp-image-2536\" src=\"http:\/\/www.unenfantuncartable17.fr\/wp-content\/uploads\/2020\/11\/chargement-300x169.jpg\" alt=\"\" width=\"300\" height=\"169\" srcset=\"http:\/\/www.unenfantuncartable17.fr\/wp-content\/uploads\/2020\/11\/chargement-300x169.jpg 300w, http:\/\/www.unenfantuncartable17.fr\/wp-content\/uploads\/2020\/11\/chargement-768x432.jpg 768w, http:\/\/www.unenfantuncartable17.fr\/wp-content\/uploads\/2020\/11\/chargement.jpg 960w\" sizes=\"auto, (max-width: 300px) 100vw, 300px\" \/><\/a><p id=\"caption-attachment-2536\" class=\"wp-caption-text\"><span style=\"color: #993300; font-family: arial, helvetica, sans-serif; font-size: 12pt;\">Chargement des pirogues \u00e0 N&rsquo;Dangane<\/span><\/p><\/div> <div id=\"attachment_2540\" style=\"width: 310px\" class=\"wp-caption alignright\"><a href=\"http:\/\/www.unenfantuncartable17.fr\/wp-content\/uploads\/2020\/11\/embarcadere2.jpg\"><img loading=\"lazy\" decoding=\"async\" aria-describedby=\"caption-attachment-2540\" class=\"size-medium wp-image-2540\" src=\"http:\/\/www.unenfantuncartable17.fr\/wp-content\/uploads\/2020\/11\/embarcadere2-300x167.jpg\" alt=\"\" width=\"300\" height=\"167\" srcset=\"http:\/\/www.unenfantuncartable17.fr\/wp-content\/uploads\/2020\/11\/embarcadere2-300x167.jpg 300w, http:\/\/www.unenfantuncartable17.fr\/wp-content\/uploads\/2020\/11\/embarcadere2.jpg 759w\" sizes=\"auto, (max-width: 300px) 100vw, 300px\" \/><\/a><p id=\"caption-attachment-2540\" class=\"wp-caption-text\"><span style=\"font-family: arial, helvetica, sans-serif; font-size: 12pt; color: #993300;\">Au d\u00e9part de N&rsquo;Dangane<\/span><\/p><\/div> <div id=\"attachment_2541\" style=\"width: 310px\" class=\"wp-caption alignright\"><a href=\"http:\/\/www.unenfantuncartable17.fr\/wp-content\/uploads\/2020\/11\/pirogue-moustapha.jpg\"><img loading=\"lazy\" decoding=\"async\" aria-describedby=\"caption-attachment-2541\" class=\"size-medium wp-image-2541\" src=\"http:\/\/www.unenfantuncartable17.fr\/wp-content\/uploads\/2020\/11\/pirogue-moustapha-300x169.jpg\" alt=\"\" width=\"300\" height=\"169\" srcset=\"http:\/\/www.unenfantuncartable17.fr\/wp-content\/uploads\/2020\/11\/pirogue-moustapha-300x169.jpg 300w, http:\/\/www.unenfantuncartable17.fr\/wp-content\/uploads\/2020\/11\/pirogue-moustapha-768x432.jpg 768w, http:\/\/www.unenfantuncartable17.fr\/wp-content\/uploads\/2020\/11\/pirogue-moustapha.jpg 960w\" sizes=\"auto, (max-width: 300px) 100vw, 300px\" \/><\/a><p id=\"caption-attachment-2541\" class=\"wp-caption-text\"><span style=\"font-family: arial, helvetica, sans-serif; font-size: 12pt; color: #993300;\">Dans une pirogue avec Moustapha Diouf<\/span><\/p><\/div> <div id=\"attachment_2542\" style=\"width: 310px\" class=\"wp-caption alignleft\"><a href=\"http:\/\/www.unenfantuncartable17.fr\/wp-content\/uploads\/2020\/11\/debarcadere3-ML.jpg\"><img loading=\"lazy\" decoding=\"async\" aria-describedby=\"caption-attachment-2542\" class=\"size-medium wp-image-2542\" src=\"http:\/\/www.unenfantuncartable17.fr\/wp-content\/uploads\/2020\/11\/debarcadere3-ML-300x169.jpg\" alt=\"\" width=\"300\" height=\"169\" srcset=\"http:\/\/www.unenfantuncartable17.fr\/wp-content\/uploads\/2020\/11\/debarcadere3-ML-300x169.jpg 300w, http:\/\/www.unenfantuncartable17.fr\/wp-content\/uploads\/2020\/11\/debarcadere3-ML-768x432.jpg 768w, http:\/\/www.unenfantuncartable17.fr\/wp-content\/uploads\/2020\/11\/debarcadere3-ML.jpg 960w\" sizes=\"auto, (max-width: 300px) 100vw, 300px\" \/><\/a><p id=\"caption-attachment-2542\" class=\"wp-caption-text\"><span style=\"font-family: arial, helvetica, sans-serif; font-size: 12pt; color: #993300;\">D\u00e9chargement \u00e0 l&rsquo;arriv\u00e9e<\/span><\/p><\/div> <div id=\"attachment_2543\" style=\"width: 310px\" class=\"wp-caption alignright\"><a href=\"http:\/\/www.unenfantuncartable17.fr\/wp-content\/uploads\/2020\/11\/arriv\u00e9e-ecole-ML2-2.jpg\"><img loading=\"lazy\" decoding=\"async\" aria-describedby=\"caption-attachment-2543\" class=\"size-medium wp-image-2543\" src=\"http:\/\/www.unenfantuncartable17.fr\/wp-content\/uploads\/2020\/11\/arriv\u00e9e-ecole-ML2-2-300x169.jpg\" alt=\"\" width=\"300\" height=\"169\" srcset=\"http:\/\/www.unenfantuncartable17.fr\/wp-content\/uploads\/2020\/11\/arriv\u00e9e-ecole-ML2-2-300x169.jpg 300w, http:\/\/www.unenfantuncartable17.fr\/wp-content\/uploads\/2020\/11\/arriv\u00e9e-ecole-ML2-2-768x432.jpg 768w, http:\/\/www.unenfantuncartable17.fr\/wp-content\/uploads\/2020\/11\/arriv\u00e9e-ecole-ML2-2.jpg 960w\" sizes=\"auto, (max-width: 300px) 100vw, 300px\" \/><\/a><p id=\"caption-attachment-2543\" class=\"wp-caption-text\"><span style=\"font-family: arial, helvetica, sans-serif; font-size: 12pt; color: #993300;\">La livraison arrive \u00e0 l&rsquo;\u00e9cole de Mar Lodj<\/span><\/p><\/div> <div id=\"attachment_2544\" style=\"width: 310px\" class=\"wp-caption alignleft\"><a href=\"http:\/\/www.unenfantuncartable17.fr\/wp-content\/uploads\/2020\/11\/debarcadere2-ML.jpg\"><img loading=\"lazy\" decoding=\"async\" aria-describedby=\"caption-attachment-2544\" class=\"size-medium wp-image-2544\" src=\"http:\/\/www.unenfantuncartable17.fr\/wp-content\/uploads\/2020\/11\/debarcadere2-ML-300x169.jpg\" alt=\"\" width=\"300\" height=\"169\" srcset=\"http:\/\/www.unenfantuncartable17.fr\/wp-content\/uploads\/2020\/11\/debarcadere2-ML-300x169.jpg 300w, http:\/\/www.unenfantuncartable17.fr\/wp-content\/uploads\/2020\/11\/debarcadere2-ML-768x432.jpg 768w, http:\/\/www.unenfantuncartable17.fr\/wp-content\/uploads\/2020\/11\/debarcadere2-ML.jpg 960w\" sizes=\"auto, (max-width: 300px) 100vw, 300px\" \/><\/a><p id=\"caption-attachment-2544\" class=\"wp-caption-text\"><span style=\"font-family: arial, helvetica, sans-serif; font-size: 12pt; color: #993300;\">Cha\u00eene humaine<\/span><\/p><\/div> <div id=\"attachment_2546\" style=\"width: 310px\" class=\"wp-caption alignright\"><a href=\"http:\/\/www.unenfantuncartable17.fr\/wp-content\/uploads\/2020\/11\/lots-tri.jpg\"><img loading=\"lazy\" decoding=\"async\" aria-describedby=\"caption-attachment-2546\" class=\"size-medium wp-image-2546\" src=\"http:\/\/www.unenfantuncartable17.fr\/wp-content\/uploads\/2020\/11\/lots-tri-300x169.jpg\" alt=\"\" width=\"300\" height=\"169\" srcset=\"http:\/\/www.unenfantuncartable17.fr\/wp-content\/uploads\/2020\/11\/lots-tri-300x169.jpg 300w, http:\/\/www.unenfantuncartable17.fr\/wp-content\/uploads\/2020\/11\/lots-tri-768x432.jpg 768w, http:\/\/www.unenfantuncartable17.fr\/wp-content\/uploads\/2020\/11\/lots-tri.jpg 960w\" sizes=\"auto, (max-width: 300px) 100vw, 300px\" \/><\/a><p id=\"caption-attachment-2546\" class=\"wp-caption-text\"><span style=\"font-family: arial, helvetica, sans-serif; font-size: 12pt; color: #993300;\">R\u00e9alisation des lots<\/span><\/p><\/div> <div id=\"attachment_2548\" style=\"width: 310px\" class=\"wp-caption alignnone\"><a href=\"http:\/\/www.unenfantuncartable17.fr\/wp-content\/uploads\/2020\/11\/livraison-cal\u00e8che1.jpg\"><img loading=\"lazy\" decoding=\"async\" aria-describedby=\"caption-attachment-2548\" class=\"size-medium wp-image-2548\" src=\"http:\/\/www.unenfantuncartable17.fr\/wp-content\/uploads\/2020\/11\/livraison-cal\u00e8che1-300x169.jpg\" alt=\"\" width=\"300\" height=\"169\" srcset=\"http:\/\/www.unenfantuncartable17.fr\/wp-content\/uploads\/2020\/11\/livraison-cal\u00e8che1-300x169.jpg 300w, http:\/\/www.unenfantuncartable17.fr\/wp-content\/uploads\/2020\/11\/livraison-cal\u00e8che1-768x432.jpg 768w, http:\/\/www.unenfantuncartable17.fr\/wp-content\/uploads\/2020\/11\/livraison-cal\u00e8che1.jpg 960w\" sizes=\"auto, (max-width: 300px) 100vw, 300px\" \/><\/a><p id=\"caption-attachment-2548\" class=\"wp-caption-text\"><span style=\"font-family: arial, helvetica, sans-serif; font-size: 12pt; color: #993300;\">D\u00e9part vers Mar Fafaco<\/span><\/p><\/div> <div id=\"attachment_2554\" style=\"width: 261px\" class=\"wp-caption alignleft\"><a href=\"http:\/\/www.unenfantuncartable17.fr\/wp-content\/uploads\/2020\/11\/sacs3-novembre-2020.jpg\"><img loading=\"lazy\" decoding=\"async\" aria-describedby=\"caption-attachment-2554\" class=\" wp-image-2554\" src=\"http:\/\/www.unenfantuncartable17.fr\/wp-content\/uploads\/2020\/11\/sacs3-novembre-2020-300x225.jpg\" alt=\"\" width=\"251\" height=\"188\" srcset=\"http:\/\/www.unenfantuncartable17.fr\/wp-content\/uploads\/2020\/11\/sacs3-novembre-2020-300x225.jpg 300w, http:\/\/www.unenfantuncartable17.fr\/wp-content\/uploads\/2020\/11\/sacs3-novembre-2020-768x576.jpg 768w, http:\/\/www.unenfantuncartable17.fr\/wp-content\/uploads\/2020\/11\/sacs3-novembre-2020-1024x768.jpg 1024w, http:\/\/www.unenfantuncartable17.fr\/wp-content\/uploads\/2020\/11\/sacs3-novembre-2020.jpg 1080w\" sizes=\"auto, (max-width: 251px) 100vw, 251px\" \/><\/a><p id=\"caption-attachment-2554\" class=\"wp-caption-text\"><span style=\"font-family: arial, helvetica, sans-serif; font-size: 12pt; color: #993300;\">Les sacs de Baba et Ousmane<\/span><\/p><\/div> <div id=\"attachment_2550\" style=\"width: 310px\" class=\"wp-caption alignright\"><a href=\"http:\/\/www.unenfantuncartable17.fr\/wp-content\/uploads\/2020\/11\/fournisseurs-directeurs.jpg\"><img loading=\"lazy\" decoding=\"async\" aria-describedby=\"caption-attachment-2550\" class=\"size-medium wp-image-2550\" src=\"http:\/\/www.unenfantuncartable17.fr\/wp-content\/uploads\/2020\/11\/fournisseurs-directeurs-300x169.jpg\" alt=\"\" width=\"300\" height=\"169\" srcset=\"http:\/\/www.unenfantuncartable17.fr\/wp-content\/uploads\/2020\/11\/fournisseurs-directeurs-300x169.jpg 300w, http:\/\/www.unenfantuncartable17.fr\/wp-content\/uploads\/2020\/11\/fournisseurs-directeurs-768x432.jpg 768w, http:\/\/www.unenfantuncartable17.fr\/wp-content\/uploads\/2020\/11\/fournisseurs-directeurs.jpg 960w\" sizes=\"auto, (max-width: 300px) 100vw, 300px\" \/><\/a><p id=\"caption-attachment-2550\" class=\"wp-caption-text\"><span style=\"font-family: arial, helvetica, sans-serif; font-size: 12pt; color: #993300;\">Les fournisseurs et les directeurs<\/span><\/p><\/div><\/p>\n","protected":false},"excerpt":{"rendered":"<p>Lundi 9 novembre, la livraison des diff\u00e9rentes fournitures, des sacs, des trousses, des livres scolaires a pu avoir lieu \u00e0 Mar Lodj, gr\u00e2ce \u00e0 l&rsquo;engagement de nos partenaires dans l&rsquo;\u00eele et notamment du directeur de l&rsquo;\u00e9cole \u00e9l\u00e9mentaire de Mar Lothie, Moustapha Diouf qui a pilot\u00e9 l&rsquo;op\u00e9ration en notre absence et qui a r\u00e9alis\u00e9 les photos [&hellip;]<\/p>\n","protected":false},"author":2,"featured_media":0,"comment_status":"open","ping_status":"open","sticky":false,"template":"","format":"standard","meta":{"jetpack_post_was_ever_published":false,"_jetpack_newsletter_access":"","_jetpack_dont_email_post_to_subs":false,"_jetpack_newsletter_tier_id":0,"_jetpack_memberships_contains_paywalled_content":false,"_jetpack_memberships_contains_paid_content":false,"footnotes":""},"categories":[1],"tags":[],"class_list":["post-2535","post","type-post","status-publish","format-standard","hentry","category-non-classe"],"jetpack_featured_media_url":"","jetpack_sharing_enabled":true,"jetpack_shortlink":"https:\/\/wp.me\/p5o8j7-ET","_links":{"self":[{"href":"http:\/\/www.unenfantuncartable17.fr\/index.php?rest_route=\/wp\/v2\/posts\/2535","targetHints":{"allow":["GET"]}}],"collection":[{"href":"http:\/\/www.unenfantuncartable17.fr\/index.php?rest_route=\/wp\/v2\/posts"}],"about":[{"href":"http:\/\/www.unenfantuncartable17.fr\/index.php?rest_route=\/wp\/v2\/types\/post"}],"author":[{"embeddable":true,"href":"http:\/\/www.unenfantuncartable17.fr\/index.php?rest_route=\/wp\/v2\/users\/2"}],"replies":[{"embeddable":true,"href":"http:\/\/www.unenfantuncartable17.fr\/index.php?rest_route=%2Fwp%2Fv2%2Fcomments&post=2535"}],"version-history":[{"count":10,"href":"http:\/\/www.unenfantuncartable17.fr\/index.php?rest_route=\/wp\/v2\/posts\/2535\/revisions"}],"predecessor-version":[{"id":2555,"href":"http:\/\/www.unenfantuncartable17.fr\/index.php?rest_route=\/wp\/v2\/posts\/2535\/revisions\/2555"}],"wp:attachment":[{"href":"http:\/\/www.unenfantuncartable17.fr\/index.php?rest_route=%2Fwp%2Fv2%2Fmedia&parent=2535"}],"wp:term":[{"taxonomy":"category","embeddable":true,"href":"http:\/\/www.unenfantuncartable17.fr\/index.php?rest_route=%2Fwp%2Fv2%2Fcategories&post=2535"},{"taxonomy":"post_tag","embeddable":true,"href":"http:\/\/www.unenfantuncartable17.fr\/index.php?rest_route=%2Fwp%2Fv2%2Ftags&post=2535"}],"curies":[{"name":"wp","href":"https:\/\/api.w.org\/{rel}","templated":true}]}}