{"id":2500,"date":"2020-10-09T08:05:48","date_gmt":"2020-10-09T07:05:48","guid":{"rendered":"http:\/\/www.unenfantuncartable17.fr\/?p=2500"},"modified":"2020-10-09T08:10:20","modified_gmt":"2020-10-09T07:10:20","slug":"annulation-de-la-mission-dautomne","status":"publish","type":"post","link":"http:\/\/www.unenfantuncartable17.fr\/?p=2500","title":{"rendered":"Annulation de la mission d&rsquo;automne"},"content":{"rendered":"<p><span style=\"font-family: 'arial black', sans-serif; font-size: 14pt; color: #808000;\">Pour la premi\u00e8re fois en 12 ans, depuis sa cr\u00e9ation, il n&rsquo;y aura pas, cet automne, de d\u00e9l\u00e9gation de l&rsquo;association pour la distribution des fournitures scolaires \u00e0 Mar Lodj.<\/span><\/p>\n<p><span style=\"font-family: 'arial black', sans-serif; font-size: 14pt; color: #993300;\">Cette d\u00e9cision difficile a \u00e9t\u00e9 prise par le conseil d&rsquo;administration en raison des conditions sanitaires. L&rsquo;\u00e9pid\u00e9mie de covid 19 est, en effet, en forte hausse en Europe depuis un mois. Si on ajoute des conditions d&rsquo;entr\u00e9e drastiques au S\u00e9n\u00e9gal pour les Europ\u00e9ens (au 10 octobre), en raison des mesures de r\u00e9ciprocit\u00e9 prises par cet Etat\u00a0 envers l&rsquo;Europe (celle-ci n&rsquo;autorise pas son espace a\u00e9rien aux vols s\u00e9n\u00e9galais) c&rsquo;\u00e9tait devenu <strong><span style=\"color: #808000;\">\u00ab\u00a0mission impossible\u00a0\u00bb<\/span><\/strong>.<\/span><\/p>\n<p><span style=\"font-family: 'arial black', sans-serif; font-size: 14pt; color: #993300;\"><strong><span style=\"color: #808000;\">Heureusement, toutes les fournitures, dont la liste avait \u00e9t\u00e9 \u00e9tablie avec les directeurs des \u00e9coles, ont pu \u00eatre command\u00e9es aupr\u00e8s de nos fournisseurs habituels.<\/span><\/strong> Ces derniers avaient \u00e9t\u00e9 sollicit\u00e9s en mars dernier, juste avant le retour de la d\u00e9l\u00e9gation de l&rsquo;association et la fermeture des fronti\u00e8res du S\u00e9n\u00e9gal.<\/span><\/p>\n<p><span style=\"font-family: 'arial black', sans-serif; font-size: 14pt; color: #993300;\">Ces fournitures et livres scolaires ont \u00e9t\u00e9 pay\u00e9s et pourront donc \u00eatre livr\u00e9s vers le 15 novembre <strong>pour<\/strong> le d\u00e9but de l&rsquo;ann\u00e9e scolaire, d\u00e9cal\u00e9e en raison de la Covid 19.<\/span><\/p>\n<p><span style=\"font-size: 14pt;\"><strong><span style=\"font-family: 'arial black', sans-serif; color: #808000;\">Ce sont les fournisseurs locaux eux-m\u00eames qui assureront cette mission pour les 1000 \u00e9l\u00e8ves (7 \u00e9coles dont 2 maternelles, 5 \u00e9l\u00e9mentaires et un jardin d&rsquo;enfants en d\u00e9marrage) des diff\u00e9rents \u00e9tablissements, sous la coordination de Moustapha Diouf, le directeur de l&rsquo;\u00e9cole de Mar Lothie, tr\u00e8s impliqu\u00e9 dans notre action depuis plusieurs ann\u00e9es et qui a toute notre confiance.<\/span><\/strong><\/span><\/p>\n<p><span style=\"font-family: 'arial black', sans-serif; font-size: 14pt; color: #993300;\">Dans le d\u00e9tail, ce sont des commandes de:<\/span><\/p>\n<p><span style=\"font-family: 'arial black', sans-serif; font-size: 14pt; color: #993300;\">Fournitures (cahiers, stylos, craies&#8230;) : 5860 \u20ac<\/span><\/p>\n<p><span style=\"font-family: 'arial black', sans-serif; font-size: 14pt; color: #993300;\">Livres scolaires: 2929 \u20ac<\/span><\/p>\n<p><span style=\"font-family: 'arial black', sans-serif; font-size: 14pt; color: #993300;\">Sacs et trousses: 700 \u20ac<\/span><\/p>\n<p><span style=\"font-size: 14pt;\"><strong><span style=\"font-family: 'arial black', sans-serif; color: #808000;\">Soit un total de 9489 \u20ac qui b\u00e9n\u00e9ficieront aussi \u00e0 l&rsquo;\u00e9conomie locale, dont les besoins actuels ont bondi durant la pand\u00e9mie.<\/span><\/strong><\/span><\/p>\n<p><span style=\"font-family: 'arial black', sans-serif; font-size: 14pt; color: #993300;\">Nos correspondances et nos \u00e9changes t\u00e9l\u00e9phoniques avec le Centre de Formation Professionnelle de Diofior et le lyc\u00e9e de Marsoulou permettent d&rsquo;envisager qu&rsquo;<strong><span style=\"color: #808000;\">une deuxi\u00e8me cohorte de 5 nouveaux \u00e9l\u00e8ves pourra \u00eatre constitu\u00e9e en vue d&rsquo;un CAP en 3 ans.<\/span><\/strong> Nous continuons bien entendu de prendre en charge les frais de scolarit\u00e9 des 5 \u00e9l\u00e8ves de l&rsquo;ann\u00e9e pass\u00e9e qui sont <strong><span style=\"color: #808000;\">tous pass\u00e9s en 2\u00e8me ann\u00e9e<\/span><\/strong>. Rappelons que ces d\u00e9penses sont constitu\u00e9es des frais d&rsquo;inscription et de l&rsquo;outillage n\u00e9cessaire, ce dernier pour la premi\u00e8re ann\u00e9e seulement. <strong><span style=\"color: #808000;\">Une d\u00e9pense de 900 \u20ac cette ann\u00e9e.<\/span><\/strong><\/span><\/p>\n<p><span style=\"font-family: 'arial black', sans-serif; font-size: 14pt; color: #993300;\">Le principe de cours de renforcement pour les \u00e9l\u00e8ves de CM2 de l&rsquo;\u00e9cole de Mar Lodj est reconduit et il semble bien que le choix d&rsquo;aider ces \u00e9l\u00e8ves est gagnant, puisque cette ann\u00e9e, ce sont 50% de r\u00e9ussite qui sont venus couronner les efforts des \u00e9l\u00e8ves, des ma\u00eetres et les n\u00f4tres. <strong><span style=\"color: #808000;\">Ce taux se montait \u00e0 36% il y a deux ans et \u00e0 45% l&rsquo;an pass\u00e9. Cette action co\u00fbte 350 \u20ac.<\/span><\/strong><\/span><\/p>\n<p><span style=\"font-family: 'arial black', sans-serif; font-size: 14pt; color: #993300;\">Vous avez pu vous rendre compte que notre budget pr\u00e9visionnel avait d\u00fb subir de tr\u00e8s larges modifications en juillet dernier. En effet, l&rsquo;association qui comptait sur des recettes de 5000 \u20ac gr\u00e2ce aux courses de la solidarit\u00e9 organis\u00e9es par les \u00e9coles de La Rochelle, de Marsilly et de Lagord a d\u00fb y renoncer, aucune manifestation publique n&rsquo;ayant pu se tenir dans les \u00e9coles.<\/span><\/p>\n<p><span style=\"font-family: 'arial black', sans-serif; font-size: 14pt; color: #993300;\">Nous avons donc d\u00e9cid\u00e9 de poursuivre notre action et pour y arriver, de mettre nos r\u00e9serves \u00e0 contribution. Nous avons transf\u00e9r\u00e9 ces recettes dans la colonne \u00ab\u00a0dons\u00a0\u00bb en comptant sur la g\u00e9n\u00e9rosit\u00e9 des adh\u00e9rents. <strong><span style=\"color: #808000;\">Notre hypoth\u00e8se est en train d&rsquo;aboutir puisque \u00e0 ce jour, nous avons d\u00e9j\u00e0 collect\u00e9 1700 \u20ac. Il manque encore 3000 \u20ac et nous ne d\u00e9sesp\u00e9rons pas. Aussi, nous remercions chaleureusement tous ceux qui nous enverront leur obole.<\/span><\/strong><\/span><\/p>\n<p><span style=\"font-family: 'arial black', sans-serif; font-size: 14pt; color: #993300;\">Enfin, la pand\u00e9mie de Covid 19 finira bien par c\u00e9der du terrain et nous envisageons tr\u00e8s sereinement une prochaine mission en f\u00e9vrier\/mars.<\/span><\/p>\n","protected":false},"excerpt":{"rendered":"<p>Pour la premi\u00e8re fois en 12 ans, depuis sa cr\u00e9ation, il n&rsquo;y aura pas, cet automne, de d\u00e9l\u00e9gation de l&rsquo;association pour la distribution des fournitures scolaires \u00e0 Mar Lodj. Cette d\u00e9cision difficile a \u00e9t\u00e9 prise par le conseil d&rsquo;administration en raison des conditions sanitaires. L&rsquo;\u00e9pid\u00e9mie de covid 19 est, en effet, en forte hausse en [&hellip;]<\/p>\n","protected":false},"author":2,"featured_media":0,"comment_status":"open","ping_status":"open","sticky":false,"template":"","format":"standard","meta":{"jetpack_post_was_ever_published":false,"_jetpack_newsletter_access":"","_jetpack_dont_email_post_to_subs":true,"_jetpack_newsletter_tier_id":0,"_jetpack_memberships_contains_paywalled_content":false,"_jetpack_memberships_contains_paid_content":false,"footnotes":""},"categories":[1],"tags":[],"class_list":["post-2500","post","type-post","status-publish","format-standard","hentry","category-non-classe"],"jetpack_featured_media_url":"","jetpack_sharing_enabled":true,"jetpack_shortlink":"https:\/\/wp.me\/p5o8j7-Ek","_links":{"self":[{"href":"http:\/\/www.unenfantuncartable17.fr\/index.php?rest_route=\/wp\/v2\/posts\/2500","targetHints":{"allow":["GET"]}}],"collection":[{"href":"http:\/\/www.unenfantuncartable17.fr\/index.php?rest_route=\/wp\/v2\/posts"}],"about":[{"href":"http:\/\/www.unenfantuncartable17.fr\/index.php?rest_route=\/wp\/v2\/types\/post"}],"author":[{"embeddable":true,"href":"http:\/\/www.unenfantuncartable17.fr\/index.php?rest_route=\/wp\/v2\/users\/2"}],"replies":[{"embeddable":true,"href":"http:\/\/www.unenfantuncartable17.fr\/index.php?rest_route=%2Fwp%2Fv2%2Fcomments&post=2500"}],"version-history":[{"count":30,"href":"http:\/\/www.unenfantuncartable17.fr\/index.php?rest_route=\/wp\/v2\/posts\/2500\/revisions"}],"predecessor-version":[{"id":2530,"href":"http:\/\/www.unenfantuncartable17.fr\/index.php?rest_route=\/wp\/v2\/posts\/2500\/revisions\/2530"}],"wp:attachment":[{"href":"http:\/\/www.unenfantuncartable17.fr\/index.php?rest_route=%2Fwp%2Fv2%2Fmedia&parent=2500"}],"wp:term":[{"taxonomy":"category","embeddable":true,"href":"http:\/\/www.unenfantuncartable17.fr\/index.php?rest_route=%2Fwp%2Fv2%2Fcategories&post=2500"},{"taxonomy":"post_tag","embeddable":true,"href":"http:\/\/www.unenfantuncartable17.fr\/index.php?rest_route=%2Fwp%2Fv2%2Ftags&post=2500"}],"curies":[{"name":"wp","href":"https:\/\/api.w.org\/{rel}","templated":true}]}}