{"id":2461,"date":"2020-07-07T17:27:32","date_gmt":"2020-07-07T16:27:32","guid":{"rendered":"http:\/\/www.unenfantuncartable17.fr\/?p=2461"},"modified":"2020-12-21T11:33:35","modified_gmt":"2020-12-21T10:33:35","slug":"compte-rendu-de-lassemblee-generale-du-4-juillet","status":"publish","type":"post","link":"http:\/\/www.unenfantuncartable17.fr\/?p=2461","title":{"rendered":"Compte rendu de l&rsquo;assembl\u00e9e g\u00e9n\u00e9rale du 4 juillet"},"content":{"rendered":"<p>&nbsp;<\/p>\n<p><span style=\"font-family: 'arial black', sans-serif; font-size: 14pt; color: #808000;\">En ouvrant l\u2019assembl\u00e9e g\u00e9n\u00e9rale, \u00e0 son domicile et \u00ab\u00a0\u00e0 huis clos\u00a0\u00bb le pr\u00e9sident, Jean-Claude Brossard, rappelle et regrette les conditions exceptionnelles dans lesquelles se tient cette r\u00e9union. Il remercie\u00a0 les administrateurs pr\u00e9sents. <\/span><\/p>\n<p><span style=\"font-family: 'arial black', sans-serif; font-size: 14pt; color: #808000;\">74 pouvoirs d\u2019adh\u00e9rents ont \u00e9t\u00e9 re\u00e7us et le pr\u00e9sident en remercie les exp\u00e9diteurs. cette r\u00e9union se tiendra en deux temps : l&rsquo;assembl\u00e9e g\u00e9n\u00e9rale d&rsquo;abord puis un conseil d&rsquo;administration. Exceptionnellement le compte rendu de ce dernier est publi\u00e9, en raison de d\u00e9cisions importantes prises ce jour-l\u00e0, budg\u00e9taires notamment.<\/span><\/p>\n<p><span style=\"text-decoration: underline; font-family: 'arial black', sans-serif; font-size: 14pt; color: #808000;\">Pr\u00e9sents\u00a0:<\/span><\/p>\n<p><span style=\"font-family: 'arial black', sans-serif; font-size: 14pt; color: #993300;\">Jean-Pierre Bonicho, Claude Biardeau, \u00a0Jean-Claude Brossard, Jean Bureau, Marie Gauthier, Murielle Minet, Catherine Muller, Guy Nakache.<\/span><\/p>\n<p><span style=\"text-decoration: underline; font-family: 'arial black', sans-serif; font-size: 14pt; color: #808000;\">Excus\u00e9s\u00a0:<\/span><\/p>\n<p><span style=\"font-family: 'arial black', sans-serif; font-size: 14pt; color: #993300;\">Philippe Carri\u00e9, Patrick Larnaud, Philippe Moquet, Fran\u00e7ois-Michel Moulins, G\u00e9rard Stagliano.<\/span><\/p>\n<p><span style=\"font-size: 14pt; font-family: 'arial black', sans-serif;\"><strong><span style=\"color: #808000;\"><u>A\u00a0 L\u2019 assembl\u00e9e g\u00e9n\u00e9rale.<\/u><\/span><\/strong><\/span><\/p>\n<p><span style=\"font-family: 'arial black', sans-serif; font-size: 14pt; color: #993300;\">1 \u2013Le rapport moral et d\u2019activit\u00e9s est vot\u00e9 \u00e0 l\u2019unanimit\u00e9 (voir pj).<\/span><\/p>\n<p><span style=\"font-family: 'arial black', sans-serif; font-size: 14pt; color: #993300;\">2 \u2013 Le compte d exploitation a re\u00e7u un rapport favorable de la part du v\u00e9rificateur des comptes. Un d\u00e9ficit de 1\u00a0803,32 \u20ac est constat\u00e9 \u00a0en raison de l\u2019achat exceptionnel de livres de biblioth\u00e8que (1\u00a0300\u20ac) et de l\u2019augmentation de certaines fournitures scolaires (voir pj). Les r\u00e9serves couvrent ce d\u00e9ficit.<\/span><\/p>\n<p><span style=\"font-family: 'arial black', sans-serif; font-size: 14pt; color: #993300;\">Le compte d\u2019exploitation 2019 est approuv\u00e9 \u00e0 l unanimit\u00e9.<\/span><\/p>\n<p><span style=\"font-family: 'arial black', sans-serif; font-size: 14pt; color: #993300;\">3 \u2013<span style=\"text-decoration: underline;\"><span style=\"color: #808000; text-decoration: underline;\"> \u00c9lections du conseil\u00a0 d\u2019administration<\/span><\/span><\/span><\/p>\n<p><span style=\"font-family: 'arial black', sans-serif; font-size: 14pt; color: #993300;\">Sortants\u00a0: Philippe Carrier, Fran\u00e7ois-Michel Moulins<\/span><\/p>\n<p><span style=\"font-family: 'arial black', sans-serif; font-size: 14pt; color: #993300;\">Candidats : Marie Gauthier, Patrick Larnaud.<\/span><\/p>\n<p><span style=\"font-family: 'arial black', sans-serif; font-size: 14pt; color: #993300;\">G\u00e9rard Stagliano et Murielle Minet candidats \u00e0 leur r\u00e9\u00e9lection.<\/span><\/p>\n<p><span style=\"font-family: 'arial black', sans-serif; font-size: 14pt; color: #993300;\">Les quatre candidats sont \u00e9lus \u00e0 l\u2019unanimit\u00e9 .<\/span><\/p>\n<p><span style=\"font-family: 'arial black', sans-serif; font-size: 14pt; color: #808000;\"><strong><u>B\u00a0 Conseil d\u2019administration suivant l\u2019assembl\u00e9e g\u00e9n\u00e9rale.<\/u><\/strong><\/span><\/p>\n<p><span style=\"font-family: 'arial black', sans-serif; font-size: 14pt; color: #808000;\"><u>1-Elections au bureau\u00a0<\/u><\/span><\/p>\n<p><span style=\"font-family: 'arial black', sans-serif; font-size: 14pt; color: #993300;\">Pr\u00e9sident\u00a0: Jean-Claude Brossard<\/span><\/p>\n<p><span style=\"font-family: 'arial black', sans-serif; font-size: 14pt; color: #993300;\">Vice-pr\u00e9sident\u00a0: Jean Bureau<\/span><\/p>\n<p><span style=\"font-family: 'arial black', sans-serif; font-size: 14pt; color: #993300;\">Tr\u00e9sorier\u00a0: Philippe Moquet<\/span><\/p>\n<p><span style=\"font-family: 'arial black', sans-serif; font-size: 14pt; color: #993300;\">Secr\u00e9taire\u00a0: Catherine Muller (adjoint\u00a0: Guy Nakache)<\/span><\/p>\n<p><span style=\"font-family: 'arial black', sans-serif; font-size: 14pt; color: #808000;\"><u>2\u2013 Budget pr\u00e9visionnel 2020<\/u>\u00a0(voir pj)\u00a0:<\/span><\/p>\n<p><span style=\"text-decoration: underline; font-size: 14pt;\"><span style=\"font-family: 'arial black', sans-serif; color: #993300; text-decoration: underline;\">Recettes \u00a0:<\/span><\/span><\/p>\n<ul>\n<li><span style=\"font-family: 'arial black', sans-serif; font-size: 14pt; color: #993300;\">190 adh\u00e9rents\u00a0: 5\u00a0700\u20ac. <\/span><\/li>\n<\/ul>\n<p><span style=\"font-size: 14pt;\"><strong><span style=\"font-family: 'arial black', sans-serif; color: #993300;\"><span style=\"text-decoration: underline;\"><span style=\"color: #808000; text-decoration: underline;\">L&rsquo;association a toujours besoin de nouveaux adh\u00e9rents qui remplacent les partants.<\/span><\/span><\/span><\/strong><\/span><\/p>\n<ul>\n<li><span style=\"font-family: 'arial black', sans-serif; font-size: 14pt; color: #993300;\">Partenariat fid\u00e8le de \u00ab\u00a0Entraide et Solidarit\u00e9\u00a0\u00bb\u00a0: 1\u00a0000\u20ac<\/span><\/li>\n<li><span style=\"font-family: 'arial black', sans-serif; font-size: 14pt; color: #993300;\">Dons\u00a0: 5\u00a0510\u20ac<\/span><\/li>\n<\/ul>\n<p><span style=\"font-family: 'arial black', sans-serif; font-size: 14pt; color: #993300;\">Aucune rentr\u00e9e financi\u00e8re issue des cross scolaires annul\u00e9s \u00e0 cause du confinement.<\/span><\/p>\n<p><span style=\"font-size: 14pt; color: #808000;\"><strong><span style=\"font-family: 'arial black', sans-serif;\">Pourtant, l\u2019action pour les 950 \u00e9l\u00e8ves en classes primaires ne sera pas diminu\u00e9e. L\u2019association d\u00e9cide de solliciter des dons exceptionnels pour cette ann\u00e9e. Si le niveau des dons \u00e9tait insuffisant pour \u00e9quilibrer le budget, les r\u00e9serves seraient sollicit\u00e9es.<\/span><\/strong><\/span><\/p>\n<p><span style=\"text-decoration: underline; font-size: 14pt;\"><span style=\"font-family: 'arial black', sans-serif; color: #993300; text-decoration: underline;\">D\u00e9penses\u00a0:<\/span><\/span><\/p>\n<ul>\n<li><span style=\"font-family: 'arial black', sans-serif; font-size: 14pt; color: #993300;\">Livres et fournitures\u00a0: 8\u00a0800 \u20ac<\/span><\/li>\n<\/ul>\n<p><span style=\"font-family: 'arial black', sans-serif; font-size: 14pt; color: #808000;\">Le poste \u00ab\u00a0livres scolaires\u00a0\u00bb va probablement diminuer dans les prochaines ann\u00e9es compte tenu des achats importants r\u00e9alis\u00e9s depuis 3 ans. Les fournitures pour les \u00e9l\u00e8ves sont globalement identiques.<\/span><\/p>\n<ul>\n<li><span style=\"font-family: 'arial black', sans-serif; font-size: 14pt; color: #993300;\">La somme (700 \u20ac) consacr\u00e9e aux sacs et trousses -en diminution depuis qu\u2019ils ne sont plus distribu\u00e9s qu\u2019aux \u00e9l\u00e8ves de CI (1<sup>\u00e8re<\/sup> ann\u00e9e de l\u2019\u00e9cole \u00e9l\u00e9mentaire) continue de baisser en raison d\u2019un moindre nombre d\u2019\u00e9l\u00e8ves \u00e0 ce niveau.<\/span><\/li>\n<li><span style=\"font-family: 'arial black', sans-serif; font-size: 14pt; color: #993300;\">L\u2019action mise en place l\u2019an dernier en direction d\u2019\u00e9l\u00e8ves en difficult\u00e9 scolaire au coll\u00e8ge est maintenue pour la prochaine rentr\u00e9e en novembre. Cette action vise \u00e0 orienter cette ann\u00e9e 5 \u00e9l\u00e8ves vers le Centre de Formation professionnelle de Diofior pour une dur\u00e9e de 3 ans et y passer un CAP en mara\u00eechage, ma\u00e7onnerie, cuisine ou \u00e9lectricit\u00e9. La somme n\u00e9cessaire de 910 \u20ac est vot\u00e9e \u00e0 l\u2019unanimit\u00e9.<\/span><\/li>\n<li><span style=\"font-family: 'arial black', sans-serif; font-size: 14pt; color: #993300;\">Des \u00e9conomies de gestion seront r\u00e9alis\u00e9es en diminuant le nombre de virements bancaires, en cherchant un assureur moins cher et en utilisant des taxis moins co\u00fbteux pendant le s\u00e9jour.<\/span><\/li>\n<\/ul>\n<p><span style=\"font-family: 'arial black', sans-serif; font-size: 14pt; color: #808000;\">3 \u2013 <u>\u00c9valuation de la situation<\/u><\/span><\/p>\n<p><span style=\"font-family: 'arial black', sans-serif; font-size: 14pt; color: #993300;\">De nombreux \u00e9changes avec les directeurs et le proviseur ont eu lieu durant le confinement. Une grande attente est exprim\u00e9e vis \u00e0 vis de l&rsquo;association.<\/span><\/p>\n<p><span style=\"font-size: 14pt;\"><strong><span style=\"font-family: 'arial black', sans-serif; color: #993300;\"><span style=\"color: #808000;\">Globalement le S\u00e9n\u00e9gal va beaucoup souffrir de la pand\u00e9mie et notamment, les habitants de l\u2019\u00eele de Mar Lodj, les \u00e9l\u00e8ves et les enseignants dont les moyens vont diminuer, \u00e0 la mesure\u00a0 des moyens de l\u2019Etat et des familles.<\/span><\/span><\/strong><\/span><\/p>\n<ul>\n<li><span style=\"font-family: 'arial black', sans-serif; font-size: 14pt; color: #993300;\">La reprise des cours a eu lieu uniquement pour les classes d\u2019examens (cm2\/3<sup>e<\/sup>\/terminale).<\/span><\/li>\n<li><span style=\"font-family: 'arial black', sans-serif; font-size: 14pt; color: #993300;\">La rentr\u00e9e des classes est d\u00e9cal\u00e9e d\u2019un mois (1<sup>er<\/sup> novembre).<\/span><\/li>\n<li><span style=\"font-family: 'arial black', sans-serif; font-size: 14pt; color: #993300;\">Examen CFEE\u00a0: 20 ao\u00fbt<\/span><\/li>\n<li><span style=\"font-family: 'arial black', sans-serif; font-size: 14pt; color: #993300;\">Examen Brevet\u00a0: 14 septembre (session de rattrapage le 14 octobre)<\/span><\/li>\n<li><span style=\"font-family: 'arial black', sans-serif; font-size: 14pt; color: #993300;\">La prochaine mission est repouss\u00e9e \u00e0 d\u00e9but novembre (rentr\u00e9e d\u00e9cal\u00e9e) si les conditions d\u2019entr\u00e9e au S\u00e9n\u00e9gal le permettent (quarantaine).<\/span><\/li>\n<li><span style=\"font-family: 'arial black', sans-serif; font-size: 14pt; color: #993300;\">Toutes les commandes ont \u00e9t\u00e9 pass\u00e9es aux trois fournisseurs et 80% de leurs montants ont \u00e9t\u00e9 r\u00e9gl\u00e9s (7\u00a0600\u20ac). Le solde sera vers\u00e9 sur place en esp\u00e8ces lors de la prochaine mission, afin d \u00e9viter les frais bancaires.<\/span><\/li>\n<li><span style=\"font-family: 'arial black', sans-serif; font-size: 14pt; color: #993300;\">La livraison des commandes est suspendue \u00e0 la pr\u00e9sence -ou non- de membres de l&rsquo;association en novembre. Diverses hypoth\u00e8ses sont possibles, et notamment, d&rsquo;envisager l\u2019aide du directeur de l \u00e9cole de Mar Lodj et celle d\u2019un fournisseur pour stocker et distribuer l\u2019ensemble des fournitures avant leur transport du continent vers l\u2019\u00eele.<\/span><\/li>\n<\/ul>\n<p><span style=\"font-family: 'arial black', sans-serif; font-size: 14pt; color: #808000;\">4 \u2013 <u>Budgets pr\u00e9visionnels ult\u00e9rieurs<\/u><\/span><\/p>\n<ul>\n<li><span style=\"font-family: 'arial black', sans-serif; font-size: 14pt; color: #993300;\">Il est n\u00e9cessaire d\u2019envisager une augmentation de 5 euros de la cotisation (inchang\u00e9e depuis 12 ans)<\/span><\/li>\n<li><span style=\"font-family: 'arial black', sans-serif; font-size: 14pt; color: #993300;\">la \u00a0participation des \u00e9coles aux cross solidaires est incertaine \u00e0 long terme.<\/span><\/li>\n<li><span style=\"font-family: 'arial black', sans-serif; font-size: 14pt; color: #993300;\">Le renforcement \u00e0 l \u00e9cole de Mar Lodj\u00a0doit continuer pour aider les \u00e9l\u00e8ves de CM2 \u00e0 r\u00e9ussir les examens (entr\u00e9e en 6 \u00e8me et Certificat d&rsquo;\u00e9tudes)<\/span><\/li>\n<li><span style=\"font-family: 'arial black', sans-serif; font-size: 14pt; color: #993300;\">L\u2019aide aux \u00e9l\u00e8ves int\u00e9grant le CFP est \u00e0 poursuivre. Le budget annuel sera de moins de 900 euros par an pour cinq \u00e9l\u00e8ves \u00e0 chaque cohorte. Donc environ 15 \u00e9l\u00e8ves, \u00e0 terme et en tout.<\/span><\/li>\n<\/ul>\n<p><span style=\"font-family: 'arial black', sans-serif; font-size: 14pt; color: #808000;\">L\u2019augmentation de la cotisation de 30 \u00e0 35 euros par an pour les adh\u00e9rents individuels est vot\u00e9e \u00e0 l l\u2019unanimit\u00e9. Cette augmentation entrera en vigueur le 1er janvier 2021. les adh\u00e9rents ayant r\u00e9gl\u00e9 plusieurs ann\u00e9es d&rsquo;avance ne sont pas concern\u00e9s.<\/span><\/p>\n<p><span style=\"font-family: 'arial black', sans-serif; font-size: 14pt; color: #808000;\">5- <u>Divers<\/u><\/span><\/p>\n<p><span style=\"font-family: 'arial black', sans-serif; font-size: 14pt; color: #993300;\">De plus en plus d\u2019\u00e9coles demandent des imprimantes\u00a0; la p\u00e9dagogie \u00e9volue et la pr\u00e9paration des examens (QCM) induisent des modalit\u00e9s nouvelles. \u00a0Cela conduira probablement l\u2019association \u00e0 envisager des demandes suppl\u00e9mentaires en cartouches d\u2019encre, ramettes de papier\u2026et moins de livres scolaires.<\/span><\/p>\n<p><span style=\"font-family: 'arial black', sans-serif; font-size: 14pt; color: #808000;\">Pour le compte d&rsquo;exploitation et les rapports moraux et d&rsquo;activit\u00e9s, voir articles pr\u00e9c\u00e9dents.<\/span><\/p>\n<p><span style=\"font-size: 14pt; font-family: 'arial black', sans-serif; color: #808000;\"><strong><span style=\"color: #993300;\"><a style=\"color: #993300;\" href=\"http:\/\/www.unenfantuncartable17.fr\/wp-content\/uploads\/2020\/07\/Budget-pr\u00e9visionnel-1.docx\">Budget pr\u00e9visionnel<\/a><\/span>\u00a0(cliquez)<\/strong><\/span><\/p>\n<p>&nbsp;<\/p>\n<p>&nbsp;<\/p>\n<p>&nbsp;<\/p>\n","protected":false},"excerpt":{"rendered":"<p>&nbsp; En ouvrant l\u2019assembl\u00e9e g\u00e9n\u00e9rale, \u00e0 son domicile et \u00ab\u00a0\u00e0 huis clos\u00a0\u00bb le pr\u00e9sident, Jean-Claude Brossard, rappelle et regrette les conditions exceptionnelles dans lesquelles se tient cette r\u00e9union. Il remercie\u00a0 les administrateurs pr\u00e9sents. 74 pouvoirs d\u2019adh\u00e9rents ont \u00e9t\u00e9 re\u00e7us et le pr\u00e9sident en remercie les exp\u00e9diteurs. cette r\u00e9union se tiendra en deux temps : l&rsquo;assembl\u00e9e [&hellip;]<\/p>\n","protected":false},"author":2,"featured_media":0,"comment_status":"open","ping_status":"open","sticky":false,"template":"","format":"standard","meta":{"jetpack_post_was_ever_published":false,"_jetpack_newsletter_access":"","_jetpack_dont_email_post_to_subs":true,"_jetpack_newsletter_tier_id":0,"_jetpack_memberships_contains_paywalled_content":false,"_jetpack_memberships_contains_paid_content":false,"footnotes":""},"categories":[1],"tags":[],"class_list":["post-2461","post","type-post","status-publish","format-standard","hentry","category-non-classe"],"jetpack_featured_media_url":"","jetpack_sharing_enabled":true,"jetpack_shortlink":"https:\/\/wp.me\/p5o8j7-DH","_links":{"self":[{"href":"http:\/\/www.unenfantuncartable17.fr\/index.php?rest_route=\/wp\/v2\/posts\/2461","targetHints":{"allow":["GET"]}}],"collection":[{"href":"http:\/\/www.unenfantuncartable17.fr\/index.php?rest_route=\/wp\/v2\/posts"}],"about":[{"href":"http:\/\/www.unenfantuncartable17.fr\/index.php?rest_route=\/wp\/v2\/types\/post"}],"author":[{"embeddable":true,"href":"http:\/\/www.unenfantuncartable17.fr\/index.php?rest_route=\/wp\/v2\/users\/2"}],"replies":[{"embeddable":true,"href":"http:\/\/www.unenfantuncartable17.fr\/index.php?rest_route=%2Fwp%2Fv2%2Fcomments&post=2461"}],"version-history":[{"count":26,"href":"http:\/\/www.unenfantuncartable17.fr\/index.php?rest_route=\/wp\/v2\/posts\/2461\/revisions"}],"predecessor-version":[{"id":2600,"href":"http:\/\/www.unenfantuncartable17.fr\/index.php?rest_route=\/wp\/v2\/posts\/2461\/revisions\/2600"}],"wp:attachment":[{"href":"http:\/\/www.unenfantuncartable17.fr\/index.php?rest_route=%2Fwp%2Fv2%2Fmedia&parent=2461"}],"wp:term":[{"taxonomy":"category","embeddable":true,"href":"http:\/\/www.unenfantuncartable17.fr\/index.php?rest_route=%2Fwp%2Fv2%2Fcategories&post=2461"},{"taxonomy":"post_tag","embeddable":true,"href":"http:\/\/www.unenfantuncartable17.fr\/index.php?rest_route=%2Fwp%2Fv2%2Ftags&post=2461"}],"curies":[{"name":"wp","href":"https:\/\/api.w.org\/{rel}","templated":true}]}}