{"id":2413,"date":"2020-05-29T08:46:16","date_gmt":"2020-05-29T07:46:16","guid":{"rendered":"http:\/\/www.unenfantuncartable17.fr\/?p=2413"},"modified":"2020-05-29T08:46:16","modified_gmt":"2020-05-29T07:46:16","slug":"lassemblee-generale-annulee-et-a-huis-clos","status":"publish","type":"post","link":"http:\/\/www.unenfantuncartable17.fr\/?p=2413","title":{"rendered":"L&rsquo;assembl\u00e9e g\u00e9n\u00e9rale annul\u00e9e&#8230;et \u00e0 huis clos !"},"content":{"rendered":"<p><span style=\"font-size: 14pt; color: #993300;\"><strong><span style=\"font-family: arial, helvetica, sans-serif;\">Madame, Monsieur, cher(e) adh\u00e9rent(e),<\/span><\/strong><\/span><\/p>\n<p><span style=\"font-size: 14pt; color: #993300;\"><strong><span style=\"font-family: arial, helvetica, sans-serif;\">Malgr\u00e9 l&rsquo;assouplissement des conditions sanitaires r\u00e9centes -cons\u00e9quentes au coronavirus- l&rsquo;impossibilit\u00e9 de tenir une r\u00e9union de plus de 10 personnes dans un lieu public jusqu&rsquo;au 22 juin au moins, persiste. De plus, des pr\u00e9cautions imp\u00e9ratives pour l&rsquo;accueil, la r\u00e9partition des adh\u00e9rents dans une salle ferm\u00e9e, leur distanciation physique,\u00a0<span style=\"color: #808000;\">conduisent le conseil d&rsquo;administration \u00e0 annuler l&rsquo;assembl\u00e9e g\u00e9n\u00e9rale, <span style=\"text-decoration: underline;\"><em>dans les formes usuelles,<\/em><\/span> qui devait se tenir le 4 juillet \u00e0 Nieul\/Mer.<\/span><\/span><\/strong><\/span><\/p>\n<p><span style=\"font-size: 14pt; color: #993300;\"><strong><span style=\"font-family: arial, helvetica, sans-serif;\">Le conseil a \u00e9galement pris en compte les risques encourus pour de nombreuses personnes de plus de 60 ans, appel\u00e9es \u00e0 se r\u00e9unir dans un espace clos, durant 2 heures environ.\u00a0<\/span><\/strong><\/span><\/p>\n<p><span style=\"font-size: 14pt; color: #993300;\"><strong><span style=\"font-family: arial, helvetica, sans-serif;\">Nous devons toutefois assurer le fonctionnement de l&rsquo;association -administratif, r\u00e9glementaire et l\u00e9gal- afin de continuer le travail entrepris, et des d\u00e9cisions doivent \u00eatre prises.<\/span><\/strong><\/span><\/p>\n<p><span style=\"font-size: 14pt; color: #808000;\"><strong><span style=\"font-family: arial, helvetica, sans-serif;\">A l&rsquo;heure o\u00f9 para\u00eet cet article nous ne savons pas si la mairie de Nieul autorisera notre assembl\u00e9e g\u00e9n\u00e9rale, au regard des r\u00e8glements que la Pr\u00e9fecture lui enjoint d&rsquo;appliquer.<\/span><\/strong><\/span><\/p>\n<p><span style=\"font-size: 14pt; color: #993300;\"><strong><span style=\"font-family: arial, helvetica, sans-serif;\">Le conseil d&rsquo;administration a donc d\u00e9cid\u00e9 de tenir cette r\u00e9union <span style=\"color: #808000;\">\u00ab\u00a0\u00e0 huis clos\u00a0\u00bb<\/span> comme <span style=\"color: #808000;\">l&rsquo;ordonnance 2020\/321 du 25 mars 2020<\/span> du minist\u00e8re de l&rsquo;\u00e9conomie et des finances lui en donne la possibilit\u00e9 <span style=\"color: #808000;\">(voir pi\u00e8ce jointe)<\/span><\/span><\/strong><\/span><\/p>\n<p><span style=\"font-size: 14pt; color: #808000;\"><strong><span style=\"font-family: arial, helvetica, sans-serif;\">Une condition doit \u00eatre satisfaite pour pouvoir organiser une assembl\u00e9e \u00ab \u00e0 huis clos \u00bb : <\/span><\/strong><\/span><\/p>\n<ul>\n<li><span style=\"font-size: 14pt; color: #993300;\"><strong><span style=\"font-family: arial, helvetica, sans-serif;\">le lieu\u00a0<\/span><\/strong><\/span><span style=\"font-size: 14pt; color: #993300;\"><strong><span style=\"font-family: arial, helvetica, sans-serif;\">o\u00f9 il est pr\u00e9vu que l\u2019assembl\u00e9e se tienne doit \u00eatre vis\u00e9 par une mesure administrative ou\u00a0<\/span><\/strong><\/span><span style=\"font-size: 14pt; color: #993300;\"><strong><span style=\"font-family: arial, helvetica, sans-serif;\">interdisant les rassemblements de personnes pour des motifs sanitaires. Il peut par exemple\u00a0<\/span><\/strong><\/span><span style=\"font-size: 14pt; color: #993300;\"><strong><span style=\"font-family: arial, helvetica, sans-serif;\">s\u2019agir d\u2019une mesure de confinement ou d\u2019une mesure interdisant les rassemblements d\u2019un\u00a0<\/span><\/strong><\/span><span style=\"font-size: 14pt; color: #993300;\"><strong><span style=\"font-family: arial, helvetica, sans-serif;\">certain nombre de personnes.<\/span><\/strong><\/span><\/li>\n<\/ul>\n<p><span style=\"font-size: 14pt; color: #993300;\"><strong><span style=\"font-family: arial, helvetica, sans-serif;\">L&rsquo;assembl\u00e9e g\u00e9n\u00e9rale se tiendra au domicile du pr\u00e9sident\u00a0<span style=\"color: #808000;\">*<\/span> &#8211; Jean-Claude Brossard- 12, rue de la Cabane des P\u00e8res \u00e0 Ch\u00e2telaillon-Plage, le 4 juillet \u00e0 16 heures en pr\u00e9sence des membres (11 personnes maximum) du conseil d&rsquo;administration.\u00a0<\/span><\/strong><\/span><span style=\"font-size: 14pt; color: #808000;\"><strong><span style=\"font-family: arial, helvetica, sans-serif;\"><span style=\"text-decoration: underline; font-size: 12pt;\"><em>(lieu priv\u00e9 o\u00f9 la r\u00e9glementation sur la fr\u00e9quentation des lieux publics ne s&rsquo;applique pas)<\/em><\/span><\/span><\/strong><\/span><\/p>\n<p><span style=\"font-size: 14pt; color: #993300;\"><strong><span style=\"font-family: arial, helvetica, sans-serif;\">Cette mesure, si elle permet un fonctionnement minimal, n&rsquo;est \u00e9videmment pas satisfaisante. Mais des d\u00e9cisions doivent \u00eatre prises qui engagent la poursuite de notre action pour la rentr\u00e9e scolaire au S\u00e9n\u00e9gal, comme la passation des commandes aux fournisseurs \u00e0 qui nous devons une r\u00e9ponse.<\/span><\/strong><\/span><\/p>\n<p><span style=\"font-size: 14pt; color: #993300;\"><strong><span style=\"font-family: arial, helvetica, sans-serif;\">Aussi, les adh\u00e9rents sont invit\u00e9s \u00e0 remplir et retourner l&rsquo;imprim\u00e9 joint afin de signifier leur accord-ou leur d\u00e9saccord- avec les diff\u00e9rents points \u00e0 l&rsquo;ordre du jour, tels qu&rsquo;ils ont \u00e9t\u00e9 port\u00e9s \u00e0 leur connaissance\u00a0y compris le quitus financier et l&rsquo;\u00e9lection de nouveaux administrateurs <span style=\"color: #808000; font-size: 12pt;\"><em><span style=\"text-decoration: underline;\">(voir article du blog du 29 avril)<\/span><\/em><\/span><\/span><\/strong><\/span><\/p>\n<p><span style=\"text-decoration: underline; font-size: 14pt; color: #808000;\"><strong><span style=\"font-family: arial, helvetica, sans-serif;\">Vous trouverez en pi\u00e8ces jointes la copie de l&rsquo;ordonnance 2020\/321 qui pr\u00e9cise les conditions d&rsquo;une AG \u00e0 huis clos, la fiche \u00e0 remplir et \u00e0 renvoyer ou le bon pour pouvoir.<\/span><\/strong><\/span><\/p>\n<p><span style=\"font-size: 14pt; color: #993300;\"><strong><span style=\"font-family: arial, helvetica, sans-serif;\">Le conseil d&rsquo;administration et moi-m\u00eame sommes \u00e9videmment contraints par la situation sanitaire et navr\u00e9s de surseoir \u00e0 cet \u00e9v\u00e9nement qui, tous les ans rythme la vie de l&rsquo;association, et nous permet de mieux nous conna\u00eetre et d&rsquo;\u00e9changer.<\/span><\/strong><\/span><\/p>\n<p><span style=\"font-size: 14pt; color: #993300;\"><strong><span style=\"font-family: arial, helvetica, sans-serif;\">Vous serez inform\u00e9s au plus vite des d\u00e9cisions prises dans un contexte qui va complexifier notre action, mais que nous entendons poursuivre avec volont\u00e9.<\/span><\/strong><\/span><\/p>\n<p><span style=\"font-size: 14pt; color: #993300;\"><strong><span style=\"font-family: arial, helvetica, sans-serif;\">Bien cordialement,<\/span><\/strong><\/span><\/p>\n<p><span style=\"font-size: 14pt; color: #993300;\"><strong><span style=\"font-family: arial, helvetica, sans-serif;\">Jean-Claude BROSSARD<\/span><\/strong><\/span><\/p>\n<p><span style=\"font-size: 14pt; color: #993300;\"><strong><span style=\"font-family: arial, helvetica, sans-serif;\">Pr\u00e9sident<\/span><\/strong><\/span><\/p>\n<p><span style=\"font-size: 14pt; color: #808000;\"><strong><span style=\"font-family: arial, helvetica, sans-serif;\">Pi\u00e8ces jointes :<\/span><\/strong><\/span><\/p>\n<p><span style=\"font-size: 14pt; color: #808000;\"><strong><span style=\"font-family: arial, helvetica, sans-serif;\">T<a style=\"color: #808000;\" href=\"http:\/\/www.unenfantuncartable17.fr\/wp-content\/uploads\/2020\/05\/tenir-son-AG.pdf\">enir son AG<\/a>\u00a0(<span style=\"font-size: 12pt;\">ordonnance 2020\/321<\/span>)<\/span><\/strong><\/span><\/p>\n<p><span style=\"font-size: 14pt; color: #808000;\"><strong><span style=\"font-family: arial, helvetica, sans-serif;\"><a style=\"color: #808000;\" href=\"http:\/\/www.unenfantuncartable17.fr\/wp-content\/uploads\/2020\/05\/Vote-adh\u00e9rents-04-07-2020.docx\">Vote adh\u00e9rents 04 07 2020<\/a><\/span><\/strong><\/span><\/p>\n<p><span style=\"font-size: 14pt; color: #808000;\"><strong><span style=\"font-family: arial, helvetica, sans-serif;\"><a style=\"color: #808000;\" href=\"http:\/\/www.unenfantuncartable17.fr\/wp-content\/uploads\/2020\/05\/Bon-pour-pouvoir.docx\">Bon pour pouvoir<\/a><\/span><\/strong><\/span><\/p>\n<p>&nbsp;<\/p>\n<p>&nbsp;<\/p>\n<p>&nbsp;<\/p>\n<p>&nbsp;<\/p>\n<p>&nbsp;<\/p>\n","protected":false},"excerpt":{"rendered":"<p>Madame, Monsieur, cher(e) adh\u00e9rent(e), Malgr\u00e9 l&rsquo;assouplissement des conditions sanitaires r\u00e9centes -cons\u00e9quentes au coronavirus- l&rsquo;impossibilit\u00e9 de tenir une r\u00e9union de plus de 10 personnes dans un lieu public jusqu&rsquo;au 22 juin au moins, persiste. De plus, des pr\u00e9cautions imp\u00e9ratives pour l&rsquo;accueil, la r\u00e9partition des adh\u00e9rents dans une salle ferm\u00e9e, leur distanciation physique,\u00a0conduisent le conseil d&rsquo;administration \u00e0 [&hellip;]<\/p>\n","protected":false},"author":2,"featured_media":0,"comment_status":"open","ping_status":"open","sticky":false,"template":"","format":"standard","meta":{"jetpack_post_was_ever_published":false,"_jetpack_newsletter_access":"","_jetpack_dont_email_post_to_subs":false,"_jetpack_newsletter_tier_id":0,"_jetpack_memberships_contains_paywalled_content":false,"_jetpack_memberships_contains_paid_content":false,"footnotes":""},"categories":[1],"tags":[],"class_list":["post-2413","post","type-post","status-publish","format-standard","hentry","category-non-classe"],"jetpack_featured_media_url":"","jetpack_sharing_enabled":true,"jetpack_shortlink":"https:\/\/wp.me\/p5o8j7-CV","_links":{"self":[{"href":"http:\/\/www.unenfantuncartable17.fr\/index.php?rest_route=\/wp\/v2\/posts\/2413","targetHints":{"allow":["GET"]}}],"collection":[{"href":"http:\/\/www.unenfantuncartable17.fr\/index.php?rest_route=\/wp\/v2\/posts"}],"about":[{"href":"http:\/\/www.unenfantuncartable17.fr\/index.php?rest_route=\/wp\/v2\/types\/post"}],"author":[{"embeddable":true,"href":"http:\/\/www.unenfantuncartable17.fr\/index.php?rest_route=\/wp\/v2\/users\/2"}],"replies":[{"embeddable":true,"href":"http:\/\/www.unenfantuncartable17.fr\/index.php?rest_route=%2Fwp%2Fv2%2Fcomments&post=2413"}],"version-history":[{"count":22,"href":"http:\/\/www.unenfantuncartable17.fr\/index.php?rest_route=\/wp\/v2\/posts\/2413\/revisions"}],"predecessor-version":[{"id":2441,"href":"http:\/\/www.unenfantuncartable17.fr\/index.php?rest_route=\/wp\/v2\/posts\/2413\/revisions\/2441"}],"wp:attachment":[{"href":"http:\/\/www.unenfantuncartable17.fr\/index.php?rest_route=%2Fwp%2Fv2%2Fmedia&parent=2413"}],"wp:term":[{"taxonomy":"category","embeddable":true,"href":"http:\/\/www.unenfantuncartable17.fr\/index.php?rest_route=%2Fwp%2Fv2%2Fcategories&post=2413"},{"taxonomy":"post_tag","embeddable":true,"href":"http:\/\/www.unenfantuncartable17.fr\/index.php?rest_route=%2Fwp%2Fv2%2Ftags&post=2413"}],"curies":[{"name":"wp","href":"https:\/\/api.w.org\/{rel}","templated":true}]}}