{"id":2401,"date":"2020-04-29T18:00:20","date_gmt":"2020-04-29T17:00:20","guid":{"rendered":"http:\/\/www.unenfantuncartable17.fr\/?p=2401"},"modified":"2020-07-05T18:11:10","modified_gmt":"2020-07-05T17:11:10","slug":"lassemblee-generale-repoussee-le-4-juillet","status":"publish","type":"post","link":"http:\/\/www.unenfantuncartable17.fr\/?p=2401","title":{"rendered":"L&rsquo;assembl\u00e9e g\u00e9n\u00e9rale repouss\u00e9e le 4 juillet"},"content":{"rendered":"<p><strong><span style=\"font-size: 14.0pt; font-family: 'Arial','sans-serif'; color: #993300;\">Madame, Monsieur, chers amis,<\/span><\/strong><\/p>\n<p><strong><span style=\"font-size: 14.0pt; font-family: 'Arial','sans-serif'; color: #993300;\">La crise due \u00e0 la pand\u00e9mie de \u00ab\u00a0Covid 19\u00a0\u00bb et ses cons\u00e9quences r\u00e9glementaires, oblige le conseil d&rsquo;administration, \u00e0 repousser la date initialement pr\u00e9vue pour l&rsquo;assembl\u00e9e g\u00e9n\u00e9rale, qui devait se tenir le 30 mai.<\/span><\/strong><\/p>\n<p><strong><u><span style=\"font-size: 14.0pt; font-family: 'Arial','sans-serif'; color: olive;\">Le repas pr\u00e9vu au restaurant \u00e0 20 heures est d\u00e9finitivement annul\u00e9.<\/span><\/u><\/strong><\/p>\n<p><strong><span style=\"font-size: 14.0pt; font-family: 'Arial','sans-serif'; color: #993300;\">La tenue de r\u00e9unions de plus de 10 personnes est interdite jusqu\u2019\u00e0 une date encore inconnue et la r\u00e9glementation applicable est inconnue apr\u00e8s le 2 juin (voir les d\u00e9clarations du Premier ministre le 28 avril). Dans ses formes habituelles, l&rsquo;assembl\u00e9e g\u00e9n\u00e9rale pourrait \u00eatre d\u00e9finitivement annul\u00e9e. Dans ce cas, vous serez avis\u00e9s d\u00e8s la d\u00e9cision prise.<\/span><\/strong><\/p>\n<p><strong><span style=\"font-size: 14.0pt; font-family: 'Arial','sans-serif'; color: #993300;\">En attendant nous vous proposons de nous retrouver le\u00a0:<\/span><\/strong><\/p>\n<p style=\"text-align: center;\"><strong><span style=\"font-size: 18.0pt; font-family: 'Arial','sans-serif'; color: olive;\">4 juillet \u00e0\u00a017h00, salle Michel Cr\u00e9peau \u00e0 Nieul sur Mer. \u00a0 \u00a0 \u00a0 \u00a0 <span style=\"font-size: 14pt;\">(accueil \u00e0 partir de 16h30)<\/span><\/span><\/strong><\/p>\n<p><strong><span style=\"font-size: 14.0pt; font-family: 'Arial','sans-serif'; color: #993300;\">Nous vous invitons \u00e0 consulter les documents<\/span><\/strong><span class=\"apple-converted-space\"><b><span style=\"font-size: 14.0pt; font-family: 'Arial','sans-serif'; color: #993300;\">\u00a0<\/span><\/b><\/span><strong><span style=\"font-size: 14.0pt; font-family: 'Arial','sans-serif'; color: olive;\">(pi\u00e8ces jointes au pied de l&rsquo;article)<\/span><\/strong><span class=\"apple-converted-space\"><b><span style=\"font-size: 14.0pt; font-family: 'Arial','sans-serif'; color: #993300;\">\u00a0<\/span><\/b><\/span><strong><span style=\"font-size: 14.0pt; font-family: 'Arial','sans-serif'; color: #993300;\">relatifs \u00e0 notre activit\u00e9 en 2019.<\/span><\/strong><\/p>\n<p><span style=\"text-decoration: underline; font-size: 14pt;\"><span style=\"color: #993300;\"><strong><span style=\"font-family: arial, helvetica, sans-serif;\">Ordre du jour :<\/span><\/strong><\/span><\/span><\/p>\n<ul>\n<li><span style=\"font-size: 14pt;\"><strong><span style=\"font-family: arial, helvetica, sans-serif; color: #993300;\">Rapport moral et d\u2019activit\u00e9s.<\/span><\/strong><\/span><\/li>\n<li><span style=\"font-size: 14pt;\"><strong><span style=\"font-family: arial, helvetica, sans-serif; color: #993300;\">Rapport financier et quitus.<\/span><\/strong><\/span><\/li>\n<li><span style=\"font-size: 14pt;\"><strong><span style=\"font-family: arial, helvetica, sans-serif; color: #993300;\">Elections au Conseil d\u2019Administration.<\/span><\/strong><\/span><\/li>\n<li><span style=\"font-size: 14pt;\"><strong><span style=\"font-family: arial, helvetica, sans-serif; color: #993300;\">Questions diverses.<\/span><\/strong><\/span><\/li>\n<\/ul>\n<p><strong><span style=\"font-size: 14.0pt; font-family: 'Arial','sans-serif'; color: #993300;\">Les procurations sont toujours possibles : unenfant.uncartable17@gmail.com \u00a0 \u00a0<\/span><\/strong><span class=\"apple-converted-space\"><b><span style=\"font-size: 14.0pt; font-family: 'Arial','sans-serif'; color: #993300;\">\u00a0<\/span><\/b><\/span><em><b><span style=\"font-size: 14.0pt; font-family: 'Arial','sans-serif'; color: olive;\">ou par La Poste, voir plus bas.<\/span><\/b><\/em><\/p>\n<p><strong><span style=\"font-size: 14.0pt; font-family: 'Arial','sans-serif'; color: #993300;\">En consultant le compte d&rsquo;exploitation 2019, vous constaterez une diminution du nombre d&rsquo;adh\u00e9rents g\u00e9n\u00e9rant une baisse du montant des cotisations. Par ailleurs, l&rsquo;achat pour 1260 \u20ac de livres de biblioth\u00e8que pour l&rsquo;\u00e9cole de Mar Lodj, ne se renouvellera pas avant plusieurs ann\u00e9es. Ces d\u00e9penses ont \u00e9t\u00e9 assur\u00e9es \u00e0 l&rsquo;aide d&rsquo;un pr\u00e9l\u00e8vement sur nos r\u00e9serves<\/span><\/strong><span class=\"apple-converted-space\"><b><span style=\"font-size: 14.0pt; font-family: 'Arial','sans-serif'; color: #993300;\">\u00a0<\/span><\/b><\/span><strong><span style=\"font-size: 14.0pt; font-family: 'Arial','sans-serif'; color: olive;\">.<\/span><\/strong><strong><span style=\"font-size: 14.0pt; font-family: 'Arial','sans-serif'; color: #993300;\">\u00a0<\/span><\/strong><\/p>\n<p><strong><i><u><span style=\"font-size: 14.0pt; font-family: 'Arial','sans-serif'; color: olive;\">Pour le d\u00e9tail des fournitures et livres, achet\u00e9s et distribu\u00e9s en octobre 2020, vous pouvez consulter l&rsquo;article du 28 mai 2019.<\/span><\/u><\/i><\/strong><\/p>\n<p><strong><span style=\"font-size: 14.0pt; font-family: 'Arial','sans-serif'; color: olive;\">Pour cette ann\u00e9e 2020 le budget pr\u00e9visionnel souffre, en recettes, de l&rsquo;annulation des courses organis\u00e9es par les \u00e9coles que nous avions estim\u00e9e \u00e0 6900 \u20ac.\u00a0Afin de\u00a0r\u00e9pondre au mieux aux demandes de nos partenaires s\u00e9n\u00e9galais et d&rsquo;honorer nos engagements, nous sollicitons de nouveaux donateurs. Au besoin, nos r\u00e9serves pourraient \u00eatre de nouveau sollicit\u00e9es. <\/span><\/strong><\/p>\n<p><strong><span style=\"font-size: 14.0pt; font-family: 'Arial','sans-serif'; color: #993300;\">Ainsi notre pr\u00e9sence \u00e0 Mar Lodj garde tout son sens et les attentes des 1000 \u00e9l\u00e8ves et des enseignants ne seront pas vaines, m\u00eame si elles ne seront pas \u00e0 la hauteur de leurs espoirs.<\/span><\/strong><\/p>\n<p><strong><span style=\"font-size: 14.0pt; font-family: 'Arial','sans-serif'; color: #993300;\">Ces d\u00e9cisions ont \u00e9t\u00e9 rendues possibles par la constitution d&rsquo;une \u00e9pargne depuis de nombreuses ann\u00e9es en pr\u00e9vision de possibles d\u00e9stabilisations. \u00a0<\/span><\/strong><\/p>\n<p><strong><span style=\"font-size: 14.0pt; font-family: 'Arial','sans-serif'; color: olive;\">Aujourd&rsquo;hui, cette \u00e9pargne<\/span><\/strong><span class=\"apple-converted-space\"><b><span style=\"font-size: 14.0pt; font-family: 'Arial','sans-serif'; color: olive;\">\u00a0<\/span><\/b><\/span><em><b><span style=\"font-family: 'Arial','sans-serif'; color: #993300;\">(indiqu\u00e9e au bas du compte d&rsquo;exploitation)<\/span><\/b><\/em><span class=\"apple-converted-space\"><b><span style=\"font-size: 14.0pt; font-family: 'Arial','sans-serif'; color: olive;\">\u00a0<\/span><\/b><\/span><strong><span style=\"font-size: 14.0pt; font-family: 'Arial','sans-serif'; color: olive;\">nous permet d&rsquo;envisager plus sereinement l&rsquo;avenir.<\/span><\/strong><\/p>\n<p><strong><span style=\"font-size: 14.0pt; font-family: 'Arial','sans-serif'; color: olive;\">N\u00e9anmoins dans le futur nous pourrions \u00eatre amen\u00e9s \u00e0 augmenter le montant de la cotisation qui est inchang\u00e9 depuis 2008.<\/span><\/strong><\/p>\n<p><strong><span style=\"font-size: 14.0pt; font-family: 'Arial','sans-serif'; color: olive;\">Bien cordialement,<\/span><\/strong><\/p>\n<p><strong><span style=\"font-size: 14.0pt; font-family: 'Arial','sans-serif'; color: olive;\">Pour le conseil d&rsquo;administration,<\/span><\/strong><\/p>\n<p><strong><span style=\"font-size: 14.0pt; font-family: 'Arial','sans-serif'; color: olive;\">Jean-Claude Brossard<\/span><\/strong><\/p>\n<p><strong><i><u><span style=\"font-size: 14.0pt; font-family: 'Arial','sans-serif'; color: #993300;\">Pi\u00e8ces jointes<\/span><\/u><\/i><\/strong><\/p>\n<p><a href=\"http:\/\/www.unenfantuncartable17.fr\/wp-content\/uploads\/2020\/04\/AG-2020-1.docx\"><b><span style=\"font-size: 14.0pt; font-family: 'Arial','sans-serif'; color: #993300;\">AG 2020 1<\/span><\/b><\/a><strong><span style=\"font-size: 14.0pt; font-family: 'Arial','sans-serif'; color: #993300;\">\u00a0<\/span><\/strong><strong><u><span style=\"font-size: 14.0pt; font-family: 'Arial','sans-serif'; color: olive;\">(cliquez)<\/span><\/u><\/strong><\/p>\n<p><a href=\"http:\/\/www.unenfantuncartable17.fr\/wp-content\/uploads\/2020\/04\/Compte-exploitation-2019-2.pdf\"><b><span style=\"font-size: 14.0pt; font-family: 'Arial','sans-serif'; color: #993300;\">Compte exploitation 2019-2<\/span><\/b><\/a><\/p>\n<p><span style=\"font-size: 14pt; color: #808000;\"><strong><span style=\"font-family: arial, helvetica, sans-serif;\"><a style=\"color: #808000;\" href=\"http:\/\/www.unenfantuncartable17.fr\/wp-content\/uploads\/2020\/04\/Avis-Commissaire-aux-comptes-2019.pdf\">Avis Commissaire aux comptes 2019<\/a><\/span><\/strong><\/span><\/p>\n<p><span style=\"color: #993300; font-size: 14pt;\"><strong><span style=\"font-family: Arial, sans-serif;\"><a style=\"color: #993300;\" href=\"http:\/\/www.unenfantuncartable17.fr\/wp-content\/uploads\/2020\/04\/Budget-pr\u00e9visionnel-2.docx\">Budget pr\u00e9visionnel<\/a>\u00a0(cliquez)<\/span><\/strong><\/span><\/p>\n<p><strong><span style=\"font-size: 14.0pt; font-family: 'Arial','sans-serif'; color: #993300;\">P<\/span><\/strong><a href=\"http:\/\/www.unenfantuncartable17.fr\/wp-content\/uploads\/2020\/04\/pouvoir-1.docx\"><b><span style=\"font-size: 14.0pt; font-family: 'Arial','sans-serif'; color: #993300;\">ouvoir<\/span><\/b><\/a><strong><span style=\"font-size: 14.0pt; font-family: 'Arial','sans-serif'; color: #993300;\">\u00a0<\/span><\/strong><strong><span style=\"font-family: 'Arial','sans-serif'; color: olive;\">A renvoyer \u00e0 la secr\u00e9taire de l&rsquo;association :<\/span><\/strong><\/p>\n<p><strong><span style=\"font-family: 'Arial','sans-serif'; color: olive;\">Catherine Muller, 32 rue de Beauregard. 17137 Nieul\/Mer<\/span><\/strong><\/p>\n<p><strong><span style=\"font-family: 'Arial','sans-serif'; color: olive;\">ou : Jean-Claude Brossard, 12 rue de la Cabane des P\u00e8res. 17340 Ch\u00e2telaillon-Plage.<\/span><\/strong><\/p>\n<p>&nbsp;<\/p>\n","protected":false},"excerpt":{"rendered":"<p>Madame, Monsieur, chers amis, La crise due \u00e0 la pand\u00e9mie de \u00ab\u00a0Covid 19\u00a0\u00bb et ses cons\u00e9quences r\u00e9glementaires, oblige le conseil d&rsquo;administration, \u00e0 repousser la date initialement pr\u00e9vue pour l&rsquo;assembl\u00e9e g\u00e9n\u00e9rale, qui devait se tenir le 30 mai. Le repas pr\u00e9vu au restaurant \u00e0 20 heures est d\u00e9finitivement annul\u00e9. La tenue de r\u00e9unions de plus de [&hellip;]<\/p>\n","protected":false},"author":2,"featured_media":0,"comment_status":"open","ping_status":"open","sticky":false,"template":"","format":"standard","meta":{"jetpack_post_was_ever_published":false,"_jetpack_newsletter_access":"","_jetpack_dont_email_post_to_subs":true,"_jetpack_newsletter_tier_id":0,"_jetpack_memberships_contains_paywalled_content":false,"_jetpack_memberships_contains_paid_content":false,"footnotes":""},"categories":[1],"tags":[],"class_list":["post-2401","post","type-post","status-publish","format-standard","hentry","category-non-classe"],"jetpack_featured_media_url":"","jetpack_sharing_enabled":true,"jetpack_shortlink":"https:\/\/wp.me\/p5o8j7-CJ","_links":{"self":[{"href":"http:\/\/www.unenfantuncartable17.fr\/index.php?rest_route=\/wp\/v2\/posts\/2401","targetHints":{"allow":["GET"]}}],"collection":[{"href":"http:\/\/www.unenfantuncartable17.fr\/index.php?rest_route=\/wp\/v2\/posts"}],"about":[{"href":"http:\/\/www.unenfantuncartable17.fr\/index.php?rest_route=\/wp\/v2\/types\/post"}],"author":[{"embeddable":true,"href":"http:\/\/www.unenfantuncartable17.fr\/index.php?rest_route=\/wp\/v2\/users\/2"}],"replies":[{"embeddable":true,"href":"http:\/\/www.unenfantuncartable17.fr\/index.php?rest_route=%2Fwp%2Fv2%2Fcomments&post=2401"}],"version-history":[{"count":15,"href":"http:\/\/www.unenfantuncartable17.fr\/index.php?rest_route=\/wp\/v2\/posts\/2401\/revisions"}],"predecessor-version":[{"id":2460,"href":"http:\/\/www.unenfantuncartable17.fr\/index.php?rest_route=\/wp\/v2\/posts\/2401\/revisions\/2460"}],"wp:attachment":[{"href":"http:\/\/www.unenfantuncartable17.fr\/index.php?rest_route=%2Fwp%2Fv2%2Fmedia&parent=2401"}],"wp:term":[{"taxonomy":"category","embeddable":true,"href":"http:\/\/www.unenfantuncartable17.fr\/index.php?rest_route=%2Fwp%2Fv2%2Fcategories&post=2401"},{"taxonomy":"post_tag","embeddable":true,"href":"http:\/\/www.unenfantuncartable17.fr\/index.php?rest_route=%2Fwp%2Fv2%2Ftags&post=2401"}],"curies":[{"name":"wp","href":"https:\/\/api.w.org\/{rel}","templated":true}]}}