{"id":2297,"date":"2020-02-13T12:06:03","date_gmt":"2020-02-13T11:06:03","guid":{"rendered":"http:\/\/www.unenfantuncartable17.fr\/?p=2297"},"modified":"2020-02-13T12:07:14","modified_gmt":"2020-02-13T11:07:14","slug":"un-enfant-un-cartable-au-salon-du-vin-bio-de-nieul-6-7-et-8-mars","status":"publish","type":"post","link":"http:\/\/www.unenfantuncartable17.fr\/?p=2297","title":{"rendered":"Un Enfant, Un Cartable au salon du vin bio de Nieul, 6, 7, et 8 mars."},"content":{"rendered":"<p><span style=\"font-family: 'arial black', sans-serif; font-size: 14pt; color: #993300;\">Les adh\u00e9rents de l&rsquo;association, les habitants de Nieul\/Mer (si\u00e8ge social de l&rsquo;association) et les amateurs de vin bio, vont pouvoir rencontrer les administrateurs de l&rsquo;association afin d&rsquo;\u00e9changer sur nos projets en cours \u00e0 Mar Lodj. <\/span><\/p>\n<p><span style=\"font-family: 'arial black', sans-serif; font-size: 14pt; color: #993300;\">Ces rencontres se tiendront les <strong><span style=\"color: #808000;\">6, 7, et 8 mars prochains, au Salon du vin bio organis\u00e9 par le Rotary La Rochelle Atlantique, salle Michel Cr\u00e9peau \u00e0 Nieul sur Mer.<\/span><\/strong><\/span><\/p>\n<p><span style=\"font-family: 'arial black', sans-serif; font-size: 14pt; color: #993300;\">Les animateurs du Rotary offrent en effet, durant ces trois jours, un stand \u00e0 notre association afin de mieux faire conna\u00eetre ses actions au S\u00e9n\u00e9gal. <\/span><\/p>\n<p><span style=\"font-family: 'arial black', sans-serif; font-size: 14pt; color: #993300;\">L&rsquo;association les remercie chaleureusement et souhaite que le public appr\u00e9cie aussi notre action au S\u00e9n\u00e9gal !<\/span><\/p>\n<p><span style=\"font-family: 'arial black', sans-serif; font-size: 14pt; color: #993300;\"><strong><span style=\"color: #808000;\">La 8<sup>\u00e8me<\/sup> \u00e9dition du Salon du Vin Bio de La Rochelle <\/span><\/strong>propose aux amateurs et aux professionnels de la r\u00e9gion de d\u00e9couvrir les vins bio de <strong><span style=\"color: #808000;\">45 viticulteurs<\/span><\/strong> \u00a0d&rsquo;un grand nombre des vignobles fran\u00e7ais. Le vin bio a le vent en poupe et le salon a accueilli 1200 visiteurs en 2019 !<\/span><\/p>\n<p><span style=\"font-family: 'arial black', sans-serif; font-size: 14pt; color: #993300;\">\u00c0 cette occasion, il sera possible de go\u00fbter, \u00e9changer avec les vignerons et d\u00e9couvrir les r\u00e8gles strictes de l&rsquo;\u00e9laboration des vins bio.<\/span><\/p>\n<p><span style=\"font-family: 'arial black', sans-serif; font-size: 14pt; color: #993300;\">Inauguration\u00a0<strong><span style=\"color: #808000;\">le samedi 7 mars \u00e0 11 heures par\u00a0Jean-Luc Pouteau, meilleur sommelier du Monde 1983.<\/span><\/strong> Ce m\u00eame jour ainsi que le dimanche 8 mars, les visiteurs pourront \u00e9changer avec\u00a0<strong><span style=\"color: #808000;\">Luc Dabadie, expert vins et spiritueux et auteur de \u00ab\u00a0Les accords Mets et vins \u00e0 la port\u00e9e de tous\u00a0\u00bb.<\/span><\/strong><\/span><\/p>\n<p><span style=\"font-family: 'arial black', sans-serif; font-size: 14pt; color: #993300;\"><span style=\"color: #808000;\"><strong>Lieu\u00a0:<\/strong><\/span> Espace Michel Cr\u00e9peau, route de Lauzi\u00e8res, 17137 Nieul sur Mer<\/span><\/p>\n<p><span style=\"font-family: 'arial black', sans-serif; font-size: 14pt; color: #993300;\">Parking gratuit<\/span><\/p>\n<p><span style=\"font-size: 14pt; color: #993300; font-family: 'arial black', sans-serif;\"><span style=\"color: #808000;\"><strong>Dates et horaires\u00a0:<\/strong><\/span>\u00a0 6 mars de 18 heures \u00e0 21 heures.\u00a07 mars de 10 heures \u00e0 19 heures. 8 mars de 10 heures \u00e0 18 heures.<\/span><\/p>\n<p><span style=\"font-family: 'arial black', sans-serif; font-size: 14pt; color: #993300;\">Entr\u00e9e 4\u20ac, un verre de d\u00e9gustation est offert \u00e0 chaque visiteur<\/span><\/p>\n<p><span style=\"font-family: 'arial black', sans-serif; font-size: 14pt; color: #993300;\">Restauration sur place<\/span><\/p>\n","protected":false},"excerpt":{"rendered":"<p>Les adh\u00e9rents de l&rsquo;association, les habitants de Nieul\/Mer (si\u00e8ge social de l&rsquo;association) et les amateurs de vin bio, vont pouvoir rencontrer les administrateurs de l&rsquo;association afin d&rsquo;\u00e9changer sur nos projets en cours \u00e0 Mar Lodj. Ces rencontres se tiendront les 6, 7, et 8 mars prochains, au Salon du vin bio organis\u00e9 par le Rotary [&hellip;]<\/p>\n","protected":false},"author":2,"featured_media":0,"comment_status":"open","ping_status":"open","sticky":false,"template":"","format":"standard","meta":{"jetpack_post_was_ever_published":false,"_jetpack_newsletter_access":"","_jetpack_dont_email_post_to_subs":true,"_jetpack_newsletter_tier_id":0,"_jetpack_memberships_contains_paywalled_content":false,"_jetpack_memberships_contains_paid_content":false,"footnotes":""},"categories":[1],"tags":[],"class_list":["post-2297","post","type-post","status-publish","format-standard","hentry","category-non-classe"],"jetpack_featured_media_url":"","jetpack_sharing_enabled":true,"jetpack_shortlink":"https:\/\/wp.me\/p5o8j7-B3","_links":{"self":[{"href":"http:\/\/www.unenfantuncartable17.fr\/index.php?rest_route=\/wp\/v2\/posts\/2297","targetHints":{"allow":["GET"]}}],"collection":[{"href":"http:\/\/www.unenfantuncartable17.fr\/index.php?rest_route=\/wp\/v2\/posts"}],"about":[{"href":"http:\/\/www.unenfantuncartable17.fr\/index.php?rest_route=\/wp\/v2\/types\/post"}],"author":[{"embeddable":true,"href":"http:\/\/www.unenfantuncartable17.fr\/index.php?rest_route=\/wp\/v2\/users\/2"}],"replies":[{"embeddable":true,"href":"http:\/\/www.unenfantuncartable17.fr\/index.php?rest_route=%2Fwp%2Fv2%2Fcomments&post=2297"}],"version-history":[{"count":15,"href":"http:\/\/www.unenfantuncartable17.fr\/index.php?rest_route=\/wp\/v2\/posts\/2297\/revisions"}],"predecessor-version":[{"id":2312,"href":"http:\/\/www.unenfantuncartable17.fr\/index.php?rest_route=\/wp\/v2\/posts\/2297\/revisions\/2312"}],"wp:attachment":[{"href":"http:\/\/www.unenfantuncartable17.fr\/index.php?rest_route=%2Fwp%2Fv2%2Fmedia&parent=2297"}],"wp:term":[{"taxonomy":"category","embeddable":true,"href":"http:\/\/www.unenfantuncartable17.fr\/index.php?rest_route=%2Fwp%2Fv2%2Fcategories&post=2297"},{"taxonomy":"post_tag","embeddable":true,"href":"http:\/\/www.unenfantuncartable17.fr\/index.php?rest_route=%2Fwp%2Fv2%2Ftags&post=2297"}],"curies":[{"name":"wp","href":"https:\/\/api.w.org\/{rel}","templated":true}]}}