{"id":2247,"date":"2019-12-12T16:16:48","date_gmt":"2019-12-12T15:16:48","guid":{"rendered":"http:\/\/www.unenfantuncartable17.fr\/?p=2247"},"modified":"2019-12-30T10:06:18","modified_gmt":"2019-12-30T09:06:18","slug":"bonne-et-heureuse-annee-2020","status":"publish","type":"post","link":"http:\/\/www.unenfantuncartable17.fr\/?p=2247","title":{"rendered":"Bonne et heureuse ann\u00e9e 2020 !"},"content":{"rendered":"<p><span style=\"font-family: 'arial black', sans-serif; font-size: 14pt; color: #993300;\"><strong>Le Conseil d\u2019Administration et moi-m\u00eame, vous pr\u00e9sentons nos meilleurs v\u0153ux pour l\u2019ann\u00e9e 2020.<\/strong><\/span><\/p>\n<p><span style=\"font-family: 'arial black', sans-serif; font-size: 14pt; color: #993300;\"><strong>Le film pr\u00e9sent\u00e9 lors de l\u2019assembl\u00e9e g\u00e9n\u00e9rale- que vous pouvez revoir gr\u00e2ce au lien suivant&#8230;<\/strong><\/span><\/p>\n<p><span style=\"font-family: 'arial black', sans-serif; font-size: 14pt; color: #3366ff;\"><a style=\"color: #3366ff;\" href=\"https:\/\/www.youtube.com\/watch?v=SBEnS7EclFQ&amp;t=17s\"><strong>https:\/\/www.youtube.com\/watch?v=SBEnS7EclFQ&amp;t=17s<\/strong><\/a><\/span><\/p>\n<p><span style=\"font-family: 'arial black', sans-serif; font-size: 14pt; color: #993300;\"><strong>&#8230;rend compte notre engagement. <\/strong><\/span><\/p>\n<p><span style=\"text-decoration: underline; font-size: 14pt;\"><span style=\"font-family: 'arial black', sans-serif; color: #993300;\"><strong>I : Les objectifs qualitatifs pris en 2008 ont \u00e9t\u00e9 tenus.\u00a0<\/strong><\/span><\/span><\/p>\n<p><span style=\"font-family: 'arial black', sans-serif; font-size: 14pt; color: #993300;\"><strong><span style=\"color: #808000;\">Aujourd\u2019hui 950 \u00e9l\u00e8ves de maternelle et d\u2019\u00e9l\u00e9mentaire sont concern\u00e9s dans les \u00e9coles publiques des quatre villages de l\u2019\u00eele. <\/span><\/strong><\/span><span style=\"font-family: 'arial black', sans-serif; font-size: 14pt; color: #993300;\"><strong>Ils \u00e9taient moins de 40 il y a 11 ans\u2026950 aujourd\u2019hui<\/strong><\/span><\/p>\n<div id=\"attachment_1829\" style=\"width: 310px\" class=\"wp-caption alignleft\"><a href=\"http:\/\/www.unenfantuncartable17.fr\/wp-content\/uploads\/2018\/11\/DSC_0234.jpg\"><img loading=\"lazy\" decoding=\"async\" aria-describedby=\"caption-attachment-1829\" class=\"size-medium wp-image-1829\" src=\"http:\/\/www.unenfantuncartable17.fr\/wp-content\/uploads\/2018\/11\/DSC_0234-300x199.jpg\" alt=\"\" width=\"300\" height=\"199\" srcset=\"http:\/\/www.unenfantuncartable17.fr\/wp-content\/uploads\/2018\/11\/DSC_0234-300x199.jpg 300w, http:\/\/www.unenfantuncartable17.fr\/wp-content\/uploads\/2018\/11\/DSC_0234-768x509.jpg 768w, http:\/\/www.unenfantuncartable17.fr\/wp-content\/uploads\/2018\/11\/DSC_0234.jpg 1024w\" sizes=\"auto, (max-width: 300px) 100vw, 300px\" \/><\/a><p id=\"caption-attachment-1829\" class=\"wp-caption-text\"><span style=\"color: #993300; font-family: 'arial black', sans-serif;\"><span style=\"font-size: 16px;\"><i>Les filles repr\u00e9sentent 52% des \u00e9l\u00e8ves.<\/i><\/span><\/span><\/p><\/div>\n<p><span style=\"font-family: 'arial black', sans-serif; font-size: 14pt; color: #993300;\"><strong>Au-del\u00e0 des diff\u00e9rences de culture et de traditions, nous sommes solidaires des \u00e9l\u00e8ves -de leurs parents et de leurs enseignants aussi- de l\u2019\u00eele de Mar Lodj, fid\u00e8les et r\u00e9solus \u00e0 cette id\u00e9e\u00a0: <span style=\"color: #808000;\">l\u2019\u00e9ducation s\u2019impose comme la premi\u00e8re des conqu\u00eates \u00e0 promouvoir, une cl\u00e9 essentielle pour construire une soci\u00e9t\u00e9 o\u00f9 les diversit\u00e9s sont une richesse.<\/span><\/strong><\/span><\/p>\n<p><span style=\"color: #993300; font-size: 14pt;\"><span style=\"font-family: 'arial black', sans-serif;\">Notre action de d\u00e9part qui concernait exclusivement la fourniture de cartables, de cahiers, stylos, crayons&#8230; et de manuels scolaires, s\u2019est beaucoup diversifi\u00e9e.<\/span><\/span><\/p>\n<p><span style=\"font-family: 'arial black', sans-serif; font-size: 14pt; color: #993300;\"><strong>\u00a0<\/strong><strong>&#8211; <span style=\"color: #808000;\">Une biblioth\u00e8que de 300 ouvrages<\/span> a vu le jour dans une \u00e9cole pour favoriser la connaissance et la pratique de la langue fran\u00e7aise, langue usuelle au S\u00e9n\u00e9gal \u00e0 c\u00f4t\u00e9 des 21 langues nationales. Ces livres, comme les fournitures, sont achet\u00e9s au S\u00e9n\u00e9gal. Cette biblioth\u00e8que est un appui important pour les enseignants qui en d\u00e9terminent les ouvrages.<\/strong><\/span><\/p>\n<p><span style=\"font-family: 'arial black', sans-serif; font-size: 14pt; color: #993300;\"><strong>&#8211;<span style=\"color: #808000;\"> Des cours de renforcement<\/span> ont \u00e9t\u00e9- \u00e0 la demande des enseignants- mis en place dans deux \u00e9coles. Dispens\u00e9s par les instituteurs, ils concernent les \u00e9l\u00e8ves de CM 2 qui passent le Certificat de Fin d\u2019Etudes El\u00e9mentaires et l\u2019entr\u00e9e en 6<sup>\u00e8me\u2026<\/sup> o\u00f9 les r\u00e9sultats n\u2019\u00e9taient pas \u00e0 la hauteur des attentes. En juillet dernier, le taux de r\u00e9ussite est pass\u00e9 de 33 % en 2018 \u00e0 46% \u00e0 l\u2019\u00e9cole de Mar Lodj, la premi\u00e8re des \u00e9coles \u00e0 inaugurer ce dispositif.<\/strong><\/span><\/p>\n<p><span style=\"font-family: 'arial black', sans-serif; font-size: 14pt; color: #993300;\"><strong>\u00a0<\/strong><strong>&#8211; <span style=\"color: #808000;\">Depuis la derni\u00e8re rentr\u00e9e,<\/span> nous aidons cinq \u00e9l\u00e8ves, en difficult\u00e9s au coll\u00e8ge, \u00e0 se r\u00e9orienter et suivre une scolarit\u00e9 dipl\u00f4mante pendant 3 ans, dans un Centre de Formation Professionnelle (CFP) pour passer un CAP et int\u00e9grer le march\u00e9 du travail avec de meilleurs atouts. Cette action, qui a vocation \u00e0 s\u2019amplifier, est finalis\u00e9e par une convention qui associe le coll\u00e8ge qui oriente, le CFP qui accueille les \u00e9l\u00e8ves, et l\u2019association qui supporte les frais d\u2019inscription annuels et de premier \u00e9quipement (ce dernier 1 fois pour toute la scolarit\u00e9 de 3 ans). <span style=\"color: #808000;\">Les sp\u00e9cialit\u00e9s enseign\u00e9es sont la ma\u00e7onnerie, le mara\u00eechage, l\u2019\u00e9lectricit\u00e9 et la restauration.\u00a0<\/span><\/strong><\/span><\/p>\n<div id=\"attachment_979\" style=\"width: 310px\" class=\"wp-caption alignleft\"><a href=\"http:\/\/www.unenfantuncartable17.fr\/wp-content\/uploads\/2016\/06\/DSCF2842.jpg\"><img loading=\"lazy\" decoding=\"async\" aria-describedby=\"caption-attachment-979\" class=\"size-medium wp-image-979\" src=\"http:\/\/www.unenfantuncartable17.fr\/wp-content\/uploads\/2016\/06\/DSCF2842-300x225.jpg\" alt=\"\" width=\"300\" height=\"225\" srcset=\"http:\/\/www.unenfantuncartable17.fr\/wp-content\/uploads\/2016\/06\/DSCF2842-300x225.jpg 300w, http:\/\/www.unenfantuncartable17.fr\/wp-content\/uploads\/2016\/06\/DSCF2842-768x576.jpg 768w, http:\/\/www.unenfantuncartable17.fr\/wp-content\/uploads\/2016\/06\/DSCF2842.jpg 1024w\" sizes=\"auto, (max-width: 300px) 100vw, 300px\" \/><\/a><p id=\"caption-attachment-979\" class=\"wp-caption-text\"><span style=\"color: #993300;\"><em><span style=\"font-family: 'arial black', sans-serif;\">Environ 950 enfants concern\u00e9s<\/span><\/em><\/span><\/p><\/div>\n<p><span style=\"text-decoration: underline; font-size: 14pt;\"><span style=\"font-family: 'arial black', sans-serif; color: #993300; text-decoration: underline;\"><strong>2 : Depuis le d\u00e9but, les objectifs de \u00a0fonctionnement financier ont \u00e9t\u00e9 \u00e9galement tenus<\/strong><strong>\u00a0: <\/strong><\/span><\/span><\/p>\n<p><span style=\"font-family: 'arial black', sans-serif; font-size: 14pt; color: #993300;\"><strong><span style=\"color: #808000;\">80% du budget -14.000 \u20ac sans subventions publiques- sont affect\u00e9s \u00e0 l\u2019aide \u00e0 la scolarit\u00e9, gr\u00e2ce \u00e0 une gestion rigoureuse.<\/span> Ainsi, les\u00a0membres du conseil d\u2019administration se rendent sur place \u00e0 leurs frais au cours de deux missions annuelles, ne b\u00e9n\u00e9ficiant que des avantages fiscaux ouverts par le L\u00e9gislateur.<\/strong><\/span><\/p>\n<p><span style=\"font-family: 'arial black', sans-serif; font-size: 14pt;\"><strong><span style=\"color: #993300;\">Si nous avons pu approfondir notre action et la diversifier, <span style=\"text-decoration: underline;\"><span style=\"color: #808000; text-decoration: underline;\">c\u2019est d\u2019abord gr\u00e2ce au soutien permanent des adh\u00e9rents, sans lesquels rien ne serait possible.<\/span><\/span> Plus que jamais, vous \u00eates notre l\u00e9gitimit\u00e9 et nous avons besoin de votre aide pour continuer ! Nous comptons aussi sur vous pour nous faire conna\u00eetre.<\/span><\/strong><\/span><\/p>\n<p><span style=\"font-family: 'arial black', sans-serif; font-size: 14pt; color: #993300;\"><strong>Ensuite, n<\/strong><strong>ous b\u00e9n\u00e9ficions du\u00a0<span style=\"color: #808000;\">soutien fid\u00e8le et renouvel\u00e9 d\u2019Entraide et Solidarit\u00e9 de la Libre Pens\u00e9e,<\/span> depuis 8 ans.<\/strong><\/span><\/p>\n<p>&nbsp;<\/p>\n<div id=\"attachment_2086\" style=\"width: 432px\" class=\"wp-caption alignleft\"><a href=\"http:\/\/www.unenfantuncartable17.fr\/wp-content\/uploads\/2019\/06\/DSC01442.jpg\"><img loading=\"lazy\" decoding=\"async\" aria-describedby=\"caption-attachment-2086\" class=\" wp-image-2086\" src=\"http:\/\/www.unenfantuncartable17.fr\/wp-content\/uploads\/2019\/06\/DSC01442-300x225.jpg\" alt=\"\" width=\"422\" height=\"316\" srcset=\"http:\/\/www.unenfantuncartable17.fr\/wp-content\/uploads\/2019\/06\/DSC01442-300x225.jpg 300w, http:\/\/www.unenfantuncartable17.fr\/wp-content\/uploads\/2019\/06\/DSC01442-768x576.jpg 768w, http:\/\/www.unenfantuncartable17.fr\/wp-content\/uploads\/2019\/06\/DSC01442.jpg 1024w\" sizes=\"auto, (max-width: 422px) 100vw, 422px\" \/><\/a><p id=\"caption-attachment-2086\" class=\"wp-caption-text\"><span style=\"font-size: 12pt;\"><strong><em><span style=\"font-family: arial, helvetica, sans-serif; color: #993300;\">D\u00e9part des CP\/CE1 \u00e0 Marsilly<\/span><\/em><\/strong><\/span><\/p><\/div>\n<p><strong><span style=\"font-family: 'arial black', sans-serif; font-size: 14pt; color: #993300;\"><span style=\"color: #808000;\">Enfin, comment ne pas citer et remercier, les enseignants et les \u00e9l\u00e8ves des \u00e9coles de La Rochelle et des environs\u00a0! *<\/span> <\/span><span style=\"font-family: 'arial black', sans-serif;\"><span style=\"font-size: 14pt; color: #993300;\">Tous les ans depuis 3 ans, ils se mobilisent lors de courses de la solidarit\u00e9 dont les recettes sont int\u00e9gralement revers\u00e9es \u00e0 l&rsquo;association. Celles-ci nous ont fait passer un cap d\u00e9cisif<\/span>.\u00a0<\/span><\/strong><\/p>\n<p>&nbsp;<\/p>\n<p><span style=\"font-family: 'arial black', sans-serif; font-size: 14pt; color: #808000;\"><strong>Merci \u00e0 tous\u00a0!<\/strong><\/span><\/p>\n<p><span style=\"font-family: 'arial black', sans-serif; font-size: 14pt; color: #993300;\"><strong>Tr\u00e8s cordialement,<\/strong><\/span><\/p>\n<p style=\"text-align: center;\"><span style=\"font-size: 14pt;\"><em><span style=\"font-family: 'arial black', sans-serif; color: #808000;\"><strong><span style=\"text-decoration: underline;\">Attention, l&rsquo;Assembl\u00e9e G\u00e9n\u00e9rale se tiendra le<\/span> :<\/strong><\/span><\/em><\/span><\/p>\n<p style=\"text-align: center;\"><span style=\"font-size: 14pt; color: #808000;\"><em><span style=\"font-family: 'arial black', sans-serif;\"><strong>Samedi 30 mai \u00e0 17 heures 30, salle Michel Cr\u00e9peau, Nieul \/Mer.<\/strong><\/span><\/em><\/span><\/p>\n<p style=\"text-align: center;\"><span style=\"font-size: 14pt;\"><em><span style=\"font-family: 'arial black', sans-serif; color: #808000;\">R\u00e9gularisation des cotisations d\u00e8s 17 heures.<\/span><\/em><\/span><\/p>\n<p><span style=\"font-family: 'arial black', sans-serif; font-size: 14pt; color: #993300;\"><strong>Pour le Conseil d\u2019Administration,<\/strong><\/span><\/p>\n<p><span style=\"font-family: 'arial black', sans-serif; font-size: 14pt; color: #993300;\"><strong>Le Pr\u00e9sident.<\/strong><\/span><\/p>\n<p><span style=\"font-family: 'arial black', sans-serif; font-size: 14pt; color: #993300;\"><strong>Jean-Claude Brossard<\/strong><\/span><\/p>\n<p><span style=\"font-family: 'arial black', sans-serif; font-size: 14pt; color: #993300;\"><strong>\u00a0<\/strong><\/span><span style=\"font-family: 'arial black', sans-serif; font-size: 14pt; color: #993300;\"><strong><span style=\"color: #808000;\">* Depuis 2016, ce sont les \u00e9coles :<\/span> Marie Marvingt <span style=\"color: #808000;\">(Laleu)<\/span> Jean Ferrat <span style=\"color: #808000;\">(Marsilly)<\/span> le Treuil des Filles <span style=\"color: #808000;\">(Lagord)<\/span><span style=\"color: #808000;\">.\u00a0<\/span><\/strong><\/span><\/p>\n<p>&nbsp;<\/p>\n<p><span style=\"font-family: 'arial black', sans-serif; font-size: 18pt; color: #808000;\"><strong>U<u>ne cotisation annuelle de 30 \u20ac <span style=\"color: #993300;\">(co\u00fbt r\u00e9el : 10,20 \u20ac apr\u00e8s d\u00e9duction fiscale)<\/span> concourt \u00e0 la scolarit\u00e9 de presque 3 enfants.<\/u><\/strong><\/span><\/p>\n","protected":false},"excerpt":{"rendered":"<p>Le Conseil d\u2019Administration et moi-m\u00eame, vous pr\u00e9sentons nos meilleurs v\u0153ux pour l\u2019ann\u00e9e 2020. Le film pr\u00e9sent\u00e9 lors de l\u2019assembl\u00e9e g\u00e9n\u00e9rale- que vous pouvez revoir gr\u00e2ce au lien suivant&#8230; https:\/\/www.youtube.com\/watch?v=SBEnS7EclFQ&amp;t=17s &#8230;rend compte notre engagement. I : Les objectifs qualitatifs pris en 2008 ont \u00e9t\u00e9 tenus.\u00a0 Aujourd\u2019hui 950 \u00e9l\u00e8ves de maternelle et d\u2019\u00e9l\u00e9mentaire sont concern\u00e9s dans les [&hellip;]<\/p>\n","protected":false},"author":2,"featured_media":0,"comment_status":"open","ping_status":"open","sticky":false,"template":"","format":"standard","meta":{"jetpack_post_was_ever_published":false,"_jetpack_newsletter_access":"","_jetpack_dont_email_post_to_subs":true,"_jetpack_newsletter_tier_id":0,"_jetpack_memberships_contains_paywalled_content":false,"_jetpack_memberships_contains_paid_content":false,"footnotes":""},"categories":[1],"tags":[],"class_list":["post-2247","post","type-post","status-publish","format-standard","hentry","category-non-classe"],"jetpack_featured_media_url":"","jetpack_sharing_enabled":true,"jetpack_shortlink":"https:\/\/wp.me\/p5o8j7-Af","_links":{"self":[{"href":"http:\/\/www.unenfantuncartable17.fr\/index.php?rest_route=\/wp\/v2\/posts\/2247","targetHints":{"allow":["GET"]}}],"collection":[{"href":"http:\/\/www.unenfantuncartable17.fr\/index.php?rest_route=\/wp\/v2\/posts"}],"about":[{"href":"http:\/\/www.unenfantuncartable17.fr\/index.php?rest_route=\/wp\/v2\/types\/post"}],"author":[{"embeddable":true,"href":"http:\/\/www.unenfantuncartable17.fr\/index.php?rest_route=\/wp\/v2\/users\/2"}],"replies":[{"embeddable":true,"href":"http:\/\/www.unenfantuncartable17.fr\/index.php?rest_route=%2Fwp%2Fv2%2Fcomments&post=2247"}],"version-history":[{"count":40,"href":"http:\/\/www.unenfantuncartable17.fr\/index.php?rest_route=\/wp\/v2\/posts\/2247\/revisions"}],"predecessor-version":[{"id":2291,"href":"http:\/\/www.unenfantuncartable17.fr\/index.php?rest_route=\/wp\/v2\/posts\/2247\/revisions\/2291"}],"wp:attachment":[{"href":"http:\/\/www.unenfantuncartable17.fr\/index.php?rest_route=%2Fwp%2Fv2%2Fmedia&parent=2247"}],"wp:term":[{"taxonomy":"category","embeddable":true,"href":"http:\/\/www.unenfantuncartable17.fr\/index.php?rest_route=%2Fwp%2Fv2%2Fcategories&post=2247"},{"taxonomy":"post_tag","embeddable":true,"href":"http:\/\/www.unenfantuncartable17.fr\/index.php?rest_route=%2Fwp%2Fv2%2Ftags&post=2247"}],"curies":[{"name":"wp","href":"https:\/\/api.w.org\/{rel}","templated":true}]}}