{"id":2203,"date":"2019-11-21T11:56:41","date_gmt":"2019-11-21T10:56:41","guid":{"rendered":"http:\/\/www.unenfantuncartable17.fr\/?p=2203"},"modified":"2019-11-21T12:04:18","modified_gmt":"2019-11-21T11:04:18","slug":"deux-actions-nouvelles-et-les-effectifs-precises","status":"publish","type":"post","link":"http:\/\/www.unenfantuncartable17.fr\/?p=2203","title":{"rendered":"Deux actions nouvelles et les effectifs pr\u00e9cis\u00e9s"},"content":{"rendered":"<p><span style=\"font-family: 'arial black', sans-serif; font-size: 14pt; color: #808000;\">Deux actions, en attente apr\u00e8s la derni\u00e8re mission effectu\u00e9e d\u00e9but octobre, ont \u00e9t\u00e9 finalis\u00e9es r\u00e9cemment.<\/span><\/p>\n<p><span style=\"font-family: 'arial black', sans-serif; font-size: 14pt; color: #993300;\"><strong><span style=\"color: #808000;\">Le soutien \u00e0 la scolarit\u00e9<\/span><\/strong>\u00a0de 5 \u00e9l\u00e8ves issus du coll\u00e8ge de l&rsquo;\u00eele, a \u00e9t\u00e9 confirm\u00e9 par la direction du Centre de Formation Professionnelle (CFP) de Diofior (proche de l&rsquo;\u00eele) avec l&rsquo;inscription de 3 filles et de 2 gar\u00e7ons pour des \u00e9tudes conduisant \u00e0 des CAP et des BEP (\u00e9lectricit\u00e9 et cuisine) Ce seront, \u00e0 l&rsquo;avenir, <strong><span style=\"color: #808000;\">les \u00e9l\u00e8ves en CAP qui seront privil\u00e9gi\u00e9s,<\/span> <\/strong>car, en plus grandes difficult\u00e9s scolaires d\u00e8s la fin de la 5 \u00e8me ou de la 4 \u00e8me, ils constituent le public prioritaire vis\u00e9 par l&rsquo;association.<\/span><\/p>\n<div id=\"attachment_2221\" style=\"width: 208px\" class=\"wp-caption alignleft\"><a href=\"http:\/\/www.unenfantuncartable17.fr\/wp-content\/uploads\/2019\/11\/jeune-fille-en-section-ma\u00e7onnerie.jpg\"><img loading=\"lazy\" decoding=\"async\" aria-describedby=\"caption-attachment-2221\" class=\"size-medium wp-image-2221\" src=\"http:\/\/www.unenfantuncartable17.fr\/wp-content\/uploads\/2019\/11\/jeune-fille-en-section-ma\u00e7onnerie-198x300.jpg\" alt=\"\" width=\"198\" height=\"300\" srcset=\"http:\/\/www.unenfantuncartable17.fr\/wp-content\/uploads\/2019\/11\/jeune-fille-en-section-ma\u00e7onnerie-198x300.jpg 198w, http:\/\/www.unenfantuncartable17.fr\/wp-content\/uploads\/2019\/11\/jeune-fille-en-section-ma\u00e7onnerie.jpg 508w\" sizes=\"auto, (max-width: 198px) 100vw, 198px\" \/><\/a><p id=\"caption-attachment-2221\" class=\"wp-caption-text\"><span style=\"color: #993300;\"><strong><span style=\"font-family: arial, helvetica, sans-serif;\">Jeune fille en section ma\u00e7onnerie<\/span><\/strong><\/span><\/p><\/div>\n<p><span style=\"font-family: 'arial black', sans-serif; font-size: 14pt; color: #993300;\">Les frais d&rsquo;inscription et l&rsquo;achat du premier \u00e9quipement n\u00e9cessaire \u00e0 leurs formations, pris en charge par l&rsquo;association (les parents assument l&rsquo;h\u00e9bergement et les repas de leurs enfants) repr\u00e9sentent <strong><span style=\"color: #808000;\">un soutien de 700 euros au total (93 \u20ac pour un CAP \/ \u00e9l\u00e8ve et 207 \u20ac pour un BEP \/ \u00e9l\u00e8ve).<\/span><\/strong> Le mat\u00e9riel recouvre aussi bien des pinces, des tournevis, des chaussures de s\u00e9curit\u00e9, des casques pour les \u00e9lectriciens que des tenus de cuisine ou de salle, des couteaux, des pots, des spatules, des gobelets, des fourchettes, des cuill\u00e8res pour les cuisiniers.<\/span><\/p>\n<p><span style=\"font-family: 'arial black', sans-serif; font-size: 14pt; color: #808000;\">Une convention confirmera notre engagement durant toute la scolarit\u00e9 des \u00e9l\u00e8ves (2 ans pour les BEP, 3 ans pour les CAP) et sera sign\u00e9e lors de la prochaine mission au printemps prochain entre les CFP, le lyc\u00e9e de Marsoulou qui oriente les \u00e9l\u00e8ves et l&rsquo;association.<\/span><\/p>\n<p><span style=\"font-family: 'arial black', sans-serif; font-size: 14pt; color: #993300;\">Nous resterons tr\u00e8s attentifs \u00e0 l&rsquo;\u00e9volution de ce projet qui fera l&rsquo;objet d&rsquo;une \u00e9valuation avec le CFP et le lyc\u00e9e. Son extension, avec de nouveaux \u00e9l\u00e8ves propos\u00e9s par le lyc\u00e9e l&rsquo;an prochain, se fera en fonction de nos possibilit\u00e9s budg\u00e9taires.<\/span><\/p>\n<p><div id=\"attachment_2222\" style=\"width: 310px\" class=\"wp-caption alignleft\"><a href=\"http:\/\/www.unenfantuncartable17.fr\/wp-content\/uploads\/2019\/11\/armoire-\u00e9lectrique-pour-lapprentissage-du-cablage.jpg\"><img loading=\"lazy\" decoding=\"async\" aria-describedby=\"caption-attachment-2222\" class=\"size-medium wp-image-2222\" src=\"http:\/\/www.unenfantuncartable17.fr\/wp-content\/uploads\/2019\/11\/armoire-\u00e9lectrique-pour-lapprentissage-du-cablage-300x227.jpg\" alt=\"\" width=\"300\" height=\"227\" srcset=\"http:\/\/www.unenfantuncartable17.fr\/wp-content\/uploads\/2019\/11\/armoire-\u00e9lectrique-pour-lapprentissage-du-cablage-300x227.jpg 300w, http:\/\/www.unenfantuncartable17.fr\/wp-content\/uploads\/2019\/11\/armoire-\u00e9lectrique-pour-lapprentissage-du-cablage-768x581.jpg 768w, http:\/\/www.unenfantuncartable17.fr\/wp-content\/uploads\/2019\/11\/armoire-\u00e9lectrique-pour-lapprentissage-du-cablage.jpg 1015w\" sizes=\"auto, (max-width: 300px) 100vw, 300px\" \/><\/a><p id=\"caption-attachment-2222\" class=\"wp-caption-text\"><span style=\"font-family: 'arial black', sans-serif; color: #993300;\">Armoire pour \u00e9l\u00e8ves \u00e9lectriciens<\/span><\/p><\/div> <div id=\"attachment_2223\" style=\"width: 340px\" class=\"wp-caption alignright\"><a href=\"http:\/\/www.unenfantuncartable17.fr\/wp-content\/uploads\/2019\/11\/potager-pour-\u00e9l\u00e8ves-jardiniers.jpg\"><img loading=\"lazy\" decoding=\"async\" aria-describedby=\"caption-attachment-2223\" class=\" wp-image-2223\" src=\"http:\/\/www.unenfantuncartable17.fr\/wp-content\/uploads\/2019\/11\/potager-pour-\u00e9l\u00e8ves-jardiniers-300x199.jpg\" alt=\"\" width=\"330\" height=\"219\" srcset=\"http:\/\/www.unenfantuncartable17.fr\/wp-content\/uploads\/2019\/11\/potager-pour-\u00e9l\u00e8ves-jardiniers-300x199.jpg 300w, http:\/\/www.unenfantuncartable17.fr\/wp-content\/uploads\/2019\/11\/potager-pour-\u00e9l\u00e8ves-jardiniers-768x509.jpg 768w, http:\/\/www.unenfantuncartable17.fr\/wp-content\/uploads\/2019\/11\/potager-pour-\u00e9l\u00e8ves-jardiniers.jpg 1024w\" sizes=\"auto, (max-width: 330px) 100vw, 330px\" \/><\/a><p id=\"caption-attachment-2223\" class=\"wp-caption-text\"><span style=\"font-family: 'arial black', sans-serif; color: #993300;\">Potager pour \u00e9l\u00e8ves mara\u00eechers<\/span><\/p><\/div><\/p>\n<p>&nbsp;<\/p>\n<p>&nbsp;<\/p>\n<p>&nbsp;<\/p>\n<p>&nbsp;<\/p>\n<p>&nbsp;<\/p>\n<p>&nbsp;<\/p>\n<p>&nbsp;<\/p>\n<p>&nbsp;<\/p>\n<p><span style=\"font-family: 'arial black', sans-serif; font-size: 14pt; color: #993300;\">Autre projet qui prend forme,<strong> <span style=\"color: #808000;\">le soutien \u00e0 l&rsquo;\u00e9cole de Marsoulou pour les 23 \u00e9l\u00e8ves de CM1 et 2 afin de r\u00e9ussir le Certificat de fin d&rsquo;Etudes El\u00e9mentaires et l&rsquo;examen d&rsquo;entr\u00e9e en 6\u00e8,<\/span> <\/strong>dont les r\u00e9sultats n&rsquo;\u00e9taient pas satisfaisants l&rsquo;an pass\u00e9. Comme nous l&rsquo;avons d\u00e9j\u00e0 fait \u00e0 Mar Lodj, nous avons propos\u00e9 \u00e0 l&rsquo;\u00e9cole de Marsoulou de financer des cours de renforcement pour les \u00e9l\u00e8ves de CM 1 et 2. <span style=\"color: #808000;\"><strong>Cette action d\u00e9marrera au printemps prochain<\/strong>,<\/span>\u00a0si les partenaires<strong><span style=\"color: #808000;\">\u00a0(enseignants, comit\u00e9 de gestion, parents d&rsquo;\u00e9l\u00e8ves)<\/span><\/strong>\u00a0confirment leur accord sur les modalit\u00e9s de notre intervention. Les \u00e9l\u00e8ves b\u00e9n\u00e9ficieront de 4 heures par semaine de cours pour consolider des acquis insuffisants.\u00a0Afin d&rsquo;indemniser l&rsquo;enseignant d\u00e9di\u00e9 \u00e0 cette t\u00e2che, les parents devront contribuer \u00e0 hauteur de 100 Francs CFA \/ \u00e9l\u00e8ve \/ mois pour leur enfant. Une somme minime (60 cts d&rsquo;euros pour 4 mois) mais qui implique les familles, n\u00e9anmoins tr\u00e8s pauvres. <strong><span style=\"color: #808000;\">L&rsquo;association, quant \u00e0 elle, assumera la diff\u00e9rence soit 160 \u20ac pour les 4 mois jusqu&rsquo;\u00e0 juin, le temps de l&rsquo;exp\u00e9rimentation, suivie d&rsquo;une \u00e9valuation.<\/span><\/strong><\/span><\/p>\n<div id=\"attachment_2225\" style=\"width: 426px\" class=\"wp-caption alignleft\"><a href=\"http:\/\/www.unenfantuncartable17.fr\/wp-content\/uploads\/2019\/11\/marsoulou.jpg\"><img loading=\"lazy\" decoding=\"async\" aria-describedby=\"caption-attachment-2225\" class=\" wp-image-2225\" src=\"http:\/\/www.unenfantuncartable17.fr\/wp-content\/uploads\/2019\/11\/marsoulou-300x186.jpg\" alt=\"\" width=\"416\" height=\"258\" srcset=\"http:\/\/www.unenfantuncartable17.fr\/wp-content\/uploads\/2019\/11\/marsoulou-300x186.jpg 300w, http:\/\/www.unenfantuncartable17.fr\/wp-content\/uploads\/2019\/11\/marsoulou-768x476.jpg 768w, http:\/\/www.unenfantuncartable17.fr\/wp-content\/uploads\/2019\/11\/marsoulou.jpg 1024w\" sizes=\"auto, (max-width: 416px) 100vw, 416px\" \/><\/a><p id=\"caption-attachment-2225\" class=\"wp-caption-text\"><span style=\"font-family: 'arial black', sans-serif; color: #993300;\">Une classe de CM \u00e0 Marsoulou<\/span><\/p><\/div>\n<p><span style=\"font-family: 'arial black', sans-serif; font-size: 14pt; color: #993300;\">Une imprimante pour permettre aux \u00e9l\u00e8ves de se familiariser aux \u00e9preuves des examens (sous forme de QCM) des annales de ces derniers et de la peinture pour repeindre les tableaux muraux tr\u00e8s endommag\u00e9s font aussi partie de cette action (350 \u20ac au total avec le mat\u00e9riel pr\u00e9c\u00e9dent) qui devrait permettre \u00e0 l&rsquo;\u00e9cole de Marsoulou de retrouver le chemin de la r\u00e9ussite.<\/span><\/p>\n<p><span style=\"font-family: 'arial black', sans-serif; font-size: 14pt; color: #808000;\">Enfin, les chiffres d\u00e9finitifs des effectifs ont \u00e9t\u00e9 transmis par les directeurs. Ils se montent \u00e0 <span style=\"color: #993300;\"><strong>923 \u00e9l\u00e8ves : 790 en \u00e9l\u00e9mentaire et 133 en maternelle, dont 52 % de filles.<\/strong><\/span><\/span><\/p>\n<p><span style=\"font-size: 14pt;\"><strong><span style=\"font-family: 'arial black', sans-serif; color: #993300;\"><span style=\"color: #808000;\">Wandi\u00e9<\/span> : 28. <span style=\"color: #808000;\">Marsoulou<\/span> : 70. <span style=\"color: #808000;\">Mar Lodj \u00e9l\u00e9mentaire<\/span> : 193. <span style=\"color: #808000;\">Mar Lodj maternelle<\/span> : 58. <span style=\"color: #808000;\">Mar Fafaco 1<\/span> : 360 . <span style=\"color: #808000;\">Mar Fafaco 2<\/span> : 139. <span style=\"color: #808000;\">Mar Fafaco maternelle\u00a0<\/span>: 75.<\/span><\/strong><\/span><\/p>\n<p>&nbsp;<\/p>\n<p>&nbsp;<\/p>\n<p>&nbsp;<\/p>\n<p>&nbsp;<\/p>\n<p>&nbsp;<\/p>\n<p>&nbsp;<\/p>\n<p>&nbsp;<\/p>\n","protected":false},"excerpt":{"rendered":"<p>Deux actions, en attente apr\u00e8s la derni\u00e8re mission effectu\u00e9e d\u00e9but octobre, ont \u00e9t\u00e9 finalis\u00e9es r\u00e9cemment. Le soutien \u00e0 la scolarit\u00e9\u00a0de 5 \u00e9l\u00e8ves issus du coll\u00e8ge de l&rsquo;\u00eele, a \u00e9t\u00e9 confirm\u00e9 par la direction du Centre de Formation Professionnelle (CFP) de Diofior (proche de l&rsquo;\u00eele) avec l&rsquo;inscription de 3 filles et de 2 gar\u00e7ons pour des [&hellip;]<\/p>\n","protected":false},"author":2,"featured_media":0,"comment_status":"open","ping_status":"open","sticky":false,"template":"","format":"standard","meta":{"jetpack_post_was_ever_published":false,"_jetpack_newsletter_access":"","_jetpack_dont_email_post_to_subs":true,"_jetpack_newsletter_tier_id":0,"_jetpack_memberships_contains_paywalled_content":false,"_jetpack_memberships_contains_paid_content":false,"footnotes":""},"categories":[1],"tags":[],"class_list":["post-2203","post","type-post","status-publish","format-standard","hentry","category-non-classe"],"jetpack_featured_media_url":"","jetpack_sharing_enabled":true,"jetpack_shortlink":"https:\/\/wp.me\/p5o8j7-zx","_links":{"self":[{"href":"http:\/\/www.unenfantuncartable17.fr\/index.php?rest_route=\/wp\/v2\/posts\/2203","targetHints":{"allow":["GET"]}}],"collection":[{"href":"http:\/\/www.unenfantuncartable17.fr\/index.php?rest_route=\/wp\/v2\/posts"}],"about":[{"href":"http:\/\/www.unenfantuncartable17.fr\/index.php?rest_route=\/wp\/v2\/types\/post"}],"author":[{"embeddable":true,"href":"http:\/\/www.unenfantuncartable17.fr\/index.php?rest_route=\/wp\/v2\/users\/2"}],"replies":[{"embeddable":true,"href":"http:\/\/www.unenfantuncartable17.fr\/index.php?rest_route=%2Fwp%2Fv2%2Fcomments&post=2203"}],"version-history":[{"count":32,"href":"http:\/\/www.unenfantuncartable17.fr\/index.php?rest_route=\/wp\/v2\/posts\/2203\/revisions"}],"predecessor-version":[{"id":2240,"href":"http:\/\/www.unenfantuncartable17.fr\/index.php?rest_route=\/wp\/v2\/posts\/2203\/revisions\/2240"}],"wp:attachment":[{"href":"http:\/\/www.unenfantuncartable17.fr\/index.php?rest_route=%2Fwp%2Fv2%2Fmedia&parent=2203"}],"wp:term":[{"taxonomy":"category","embeddable":true,"href":"http:\/\/www.unenfantuncartable17.fr\/index.php?rest_route=%2Fwp%2Fv2%2Fcategories&post=2203"},{"taxonomy":"post_tag","embeddable":true,"href":"http:\/\/www.unenfantuncartable17.fr\/index.php?rest_route=%2Fwp%2Fv2%2Ftags&post=2203"}],"curies":[{"name":"wp","href":"https:\/\/api.w.org\/{rel}","templated":true}]}}