{"id":2156,"date":"2019-10-18T14:58:20","date_gmt":"2019-10-18T13:58:20","guid":{"rendered":"http:\/\/www.unenfantuncartable17.fr\/?p=2156"},"modified":"2019-10-18T15:24:43","modified_gmt":"2019-10-18T14:24:43","slug":"compte-rendu-de-la-mission-doctobre-2019","status":"publish","type":"post","link":"http:\/\/www.unenfantuncartable17.fr\/?p=2156","title":{"rendered":"Compte rendu de la mission d&rsquo;octobre 2019"},"content":{"rendered":"<p><span style=\"font-family: 'arial black', sans-serif; font-size: 14pt; color: #993300;\">Malgr\u00e9 la pr\u00e9sence de quatre participants- Catherine, Claude, Philippe et Jean-Claude- la mission qui vient de s&rsquo;achever lundi 14 octobre, a \u00e9t\u00e9 dense et tr\u00e8s occup\u00e9e.<\/span><\/p>\n<p><span style=\"font-family: 'arial black', sans-serif; font-size: 14pt; color: #993300;\">En effet, <strong><span style=\"color: #808000;\">plus d&rsquo;une tonne de mat\u00e9riels, de livres, de fournitures, de sacs et de trousses a \u00e9t\u00e9 livr\u00e9e par les fournisseurs<\/span><\/strong> directement au campement o\u00f9 l&rsquo;association est h\u00e9berg\u00e9e depuis 3 ans. Les nouveaux fournisseurs avaient fait l&rsquo;effort de trier leurs diff\u00e9rentes commandes selon des instructions pr\u00e9cises, par \u00e9coles.<\/span><\/p>\n<div id=\"attachment_2175\" style=\"width: 361px\" class=\"wp-caption alignleft\"><a href=\"http:\/\/www.unenfantuncartable17.fr\/wp-content\/uploads\/2019\/10\/P_20191007_122907.jpg\"><img loading=\"lazy\" decoding=\"async\" aria-describedby=\"caption-attachment-2175\" class=\" wp-image-2175\" src=\"http:\/\/www.unenfantuncartable17.fr\/wp-content\/uploads\/2019\/10\/P_20191007_122907-300x169.jpg\" alt=\"\" width=\"351\" height=\"198\" srcset=\"http:\/\/www.unenfantuncartable17.fr\/wp-content\/uploads\/2019\/10\/P_20191007_122907-300x169.jpg 300w, http:\/\/www.unenfantuncartable17.fr\/wp-content\/uploads\/2019\/10\/P_20191007_122907-768x432.jpg 768w, http:\/\/www.unenfantuncartable17.fr\/wp-content\/uploads\/2019\/10\/P_20191007_122907-1024x576.jpg 1024w\" sizes=\"auto, (max-width: 351px) 100vw, 351px\" \/><\/a><p id=\"caption-attachment-2175\" class=\"wp-caption-text\"><span style=\"font-size: 12pt; color: #993300;\"><strong><span style=\"font-family: arial, helvetica, sans-serif;\">L&rsquo;\u00e9cole de Wandi\u00e9 dans la savane.<\/span><\/strong><\/span><\/p><\/div>\n<p><span style=\"font-family: 'arial black', sans-serif; font-size: 14pt; color: #993300;\">L&rsquo;arriv\u00e9e de la mission co\u00efncidait avec la rentr\u00e9e scolaire, ce qui \u00e9tait le plus appropri\u00e9 pour les directeurs qui r\u00e9partissent ensuite les fournitures annuelles, les sacs et les trousses. Ces derniers ne concernent plus que les petits qui entrent au CI.<\/span><\/p>\n<p><span style=\"font-family: 'arial black', sans-serif; font-size: 14pt; color: #808000;\">Dans l&rsquo;attente des statistiques d\u00e9finitives (non stabilis\u00e9es lors de cette rentr\u00e9e) ce sont environ 950 \u00e9l\u00e8ves de la maternelle au CM2 qui sont concern\u00e9s dans sept \u00e9coles.<\/span><\/p>\n<p><span style=\"font-family: 'arial black', sans-serif; font-size: 14pt; color: #993300;\">La livraison de ces derni\u00e8res a permis de renouer les liens depuis la derni\u00e8re mission et de constater que notre action est maintenant attendue par les enseignants, les \u00e9l\u00e8ves, les associations de parents d&rsquo;\u00e9l\u00e8ves, les chefs de villages et conseillers municipaux qui n&rsquo;ont pas manqu\u00e9 de se r\u00e9jouir de cette aide importante \u00e0 un moment difficile de l&rsquo;ann\u00e9e, o\u00f9 l&rsquo;attente de la r\u00e9colte \u00e0 venir co\u00efncide avec la fin des ressources issues de la pr\u00e9c\u00e9dente.<\/span><\/p>\n<div id=\"attachment_2171\" style=\"width: 317px\" class=\"wp-caption alignleft\"><a href=\"http:\/\/www.unenfantuncartable17.fr\/wp-content\/uploads\/2019\/10\/MF-2-basse-def.jpg\"><img loading=\"lazy\" decoding=\"async\" aria-describedby=\"caption-attachment-2171\" class=\" wp-image-2171\" src=\"http:\/\/www.unenfantuncartable17.fr\/wp-content\/uploads\/2019\/10\/MF-2-basse-def-225x300.jpg\" alt=\"\" width=\"307\" height=\"409\" srcset=\"http:\/\/www.unenfantuncartable17.fr\/wp-content\/uploads\/2019\/10\/MF-2-basse-def-225x300.jpg 225w, http:\/\/www.unenfantuncartable17.fr\/wp-content\/uploads\/2019\/10\/MF-2-basse-def.jpg 576w\" sizes=\"auto, (max-width: 307px) 100vw, 307px\" \/><\/a><p id=\"caption-attachment-2171\" class=\"wp-caption-text\"><strong><span style=\"font-family: arial, helvetica, sans-serif; color: #993300;\">Les CI de Mar Fafaco 2 et leurs sacs<\/span><\/strong><\/p><\/div>\n<p><span style=\"font-family: 'arial black', sans-serif; font-size: 14pt; color: #993300;\">Les diff\u00e9rentes conventions ont \u00e9t\u00e9 sign\u00e9es, marqu\u00e9es par les d\u00e9clarations de \u00ab\u00a0Vieux\u00a0\u00bb des villages dont l&rsquo;appelation n&rsquo;est pas p\u00e9jorative et qui repr\u00e9sentent une autorit\u00e9 morale incontestable au S\u00e9n\u00e9gal, et parfois m\u00eame par des danses de femmes comme \u00e0 la maternelle de Mar Lodj.<\/span><\/p>\n<p><span style=\"font-family: 'arial black', sans-serif; font-size: 14pt; color: #808000;\">(Pour le d\u00e9tail des commandes voir article pr\u00e9c\u00e9dent du 28 mai)<\/span><\/p>\n<p><span style=\"font-family: 'arial black', sans-serif; font-size: 14pt; color: #993300;\"><strong><span style=\"color: #808000;\">Les 150 livres de la biblioth\u00e8que<\/span><\/strong> de l&rsquo;\u00e9cole de Mar Lodj (choisis par les enseignants) ont \u00e9t\u00e9 aussi livr\u00e9s et seront r\u00e9partis selon les diff\u00e9rents niveaux du CI au CM2. Ils s&rsquo;ajoutent aux 150 d\u00e9j\u00e0 livr\u00e9s il y a deux ans. C&rsquo;est une aide importante pour l&rsquo;apprentissage du fran\u00e7ais qui n&rsquo;est pas la langue maternelle des S\u00e9r\u00e8res de l&rsquo;\u00eele de Mar. Le directeur a pr\u00e9vu (en plus des animations ordinaires) d&rsquo;organiser des s\u00e9ances de lecture par des personnes ext\u00e9rieures \u00e0 l&rsquo;\u00e9cole afin de susciter le go\u00fbt de lire par les \u00e9l\u00e8ves.<\/span><\/p>\n<p><span style=\"font-family: 'arial black', sans-serif; font-size: 14pt; color: #993300;\">Autre point important de la mission,<strong><span style=\"color: #808000;\"> l&rsquo;\u00e9valuation des cours de renforcement pour les CM2 en vue du CFEE (certificat de fin d&rsquo;\u00e9tudes \u00e9l\u00e9mentaires).<\/span><\/strong> Les \u00e9l\u00e8ves ont franchi un pas qualitatif important, le taux de r\u00e9ussite passant de <strong><span style=\"color: #808000;\">33% \u00e0 46%.<\/span><\/strong> Il ne manquait qu&rsquo;un \u00e9l\u00e8ve pour atteindre les 50%. Seule ombre \u00e0 cette r\u00e9ussite, les parents ne sont pas acquitt\u00e9s de leur part de financement (25%). Nous avons pr\u00e9cis\u00e9 au directeur, qui en est conscient, que cette situation ne pouvait se reproduire cette ann\u00e9e, quitte \u00e0 modifier la participation des familles et la ramener \u00e0 10%. Le directeur en a convenu et nous ferons une \u00e9valuation \u00e0 mi-parcours, en f\u00e9vrier lors de la prochaine mission.<\/span><\/p>\n<div id=\"attachment_2174\" style=\"width: 1034px\" class=\"wp-caption alignleft\"><a href=\"http:\/\/www.unenfantuncartable17.fr\/wp-content\/uploads\/2019\/10\/P_20191010_111906.jpg\"><img loading=\"lazy\" decoding=\"async\" aria-describedby=\"caption-attachment-2174\" class=\"size-large wp-image-2174\" src=\"http:\/\/www.unenfantuncartable17.fr\/wp-content\/uploads\/2019\/10\/P_20191010_111906-1024x576.jpg\" alt=\"\" width=\"1024\" height=\"576\" srcset=\"http:\/\/www.unenfantuncartable17.fr\/wp-content\/uploads\/2019\/10\/P_20191010_111906-1024x576.jpg 1024w, http:\/\/www.unenfantuncartable17.fr\/wp-content\/uploads\/2019\/10\/P_20191010_111906-300x169.jpg 300w, http:\/\/www.unenfantuncartable17.fr\/wp-content\/uploads\/2019\/10\/P_20191010_111906-768x432.jpg 768w\" sizes=\"auto, (max-width: 1024px) 100vw, 1024px\" \/><\/a><p id=\"caption-attachment-2174\" class=\"wp-caption-text\"><span style=\"font-size: 12pt;\"><strong><span style=\"font-family: arial, helvetica, sans-serif; color: #993300;\">Cal\u00e8che pr\u00eate \u00e0 livrer<\/span><\/strong><\/span><\/p><\/div>\n<p><span style=\"font-family: 'arial black', sans-serif; font-size: 14pt; color: #993300;\"><strong><span style=\"color: #808000;\">Nous avons entam\u00e9 des discussions avec l&rsquo;\u00e9cole de Marsoulou qui a eu de tr\u00e8s mauvais r\u00e9sultats au CFEE<\/span><\/strong> (aucune r\u00e9ussite) pour engager des cours de renforcement en CM1 et 2 (24 \u00e9l\u00e8ves). Cette action impliquerait aussi l&rsquo;achat d&rsquo;annales de l&rsquo;examen, d&rsquo;une imprimante et de pots de peinture pour les tableaux noirs. Nous n&rsquo;en savons pas plus \u00e0 ce jour, une assembl\u00e9e g\u00e9n\u00e9rale des parents d&rsquo;\u00e9l\u00e8ves et des enseignants devant se tenir d&rsquo;ici la fin du mois. Vous serez inform\u00e9s de la suite qui sera donn\u00e9e \u00e0 cette action qui ne co\u00fbterait pas plus cher en fonctionnement que celle men\u00e9e \u00e0 Mar Lodj.<\/span><\/p>\n<p><span style=\"font-family: 'arial black', sans-serif; font-size: 14pt; color: #993300;\">Dernier point de cette mission, l&rsquo;avancement du dossier qui devrait permettre \u00e0 <strong><span style=\"color: #808000;\">5 coll\u00e9giens de 4\u00e8me ou de 3\u00e8me ne passant pas en classe de seconde, d&rsquo;int\u00e9grer un Centre de Formation Professionnelle pour y passer un CAP ou un BEP en \u00e9lectricit\u00e9, ma\u00e7onnerie, restauration ou mara\u00eechage.<\/span><\/strong> Pour m\u00e9moire, notre proposition \u00e9tait de financer les frais d&rsquo;inscription et de premier \u00e9quipement qui peuvent \u00eatre \u00e9lev\u00e9s dans certaines sp\u00e9cialit\u00e9s techniques.<\/span><\/p>\n<div id=\"attachment_2176\" style=\"width: 310px\" class=\"wp-caption alignleft\"><a href=\"http:\/\/www.unenfantuncartable17.fr\/wp-content\/uploads\/2019\/10\/P_20191004_191255.jpg\"><img loading=\"lazy\" decoding=\"async\" aria-describedby=\"caption-attachment-2176\" class=\"size-medium wp-image-2176\" src=\"http:\/\/www.unenfantuncartable17.fr\/wp-content\/uploads\/2019\/10\/P_20191004_191255-300x169.jpg\" alt=\"\" width=\"300\" height=\"169\" srcset=\"http:\/\/www.unenfantuncartable17.fr\/wp-content\/uploads\/2019\/10\/P_20191004_191255-300x169.jpg 300w, http:\/\/www.unenfantuncartable17.fr\/wp-content\/uploads\/2019\/10\/P_20191004_191255-768x432.jpg 768w, http:\/\/www.unenfantuncartable17.fr\/wp-content\/uploads\/2019\/10\/P_20191004_191255-1024x576.jpg 1024w\" sizes=\"auto, (max-width: 300px) 100vw, 300px\" \/><\/a><p id=\"caption-attachment-2176\" class=\"wp-caption-text\"><span style=\"font-size: 12pt; color: #993300;\"><strong><span style=\"font-family: arial, helvetica, sans-serif;\">Une petite partie de la livraison \u00e0 trier.<\/span><\/strong><\/span><\/p><\/div>\n<p><span style=\"font-family: 'arial black', sans-serif; font-size: 14pt; color: #993300;\">Pour des raisons de calendrier non tenu par un des partenaires, cette action\u00a0n&rsquo;a pu \u00eatre finalis\u00e9e. Elle le sera probablement d&rsquo;ici quelques semaines apr\u00e8s les difficult\u00e9s inh\u00e9rentes \u00e0 la rentr\u00e9e. Vous serez, bien \u00e9videmment, tenus au courant de la conclusion \u00e9ventuelle de cette action importante qui permet \u00e0<strong> <span style=\"color: #808000;\">l&rsquo;association d&rsquo;affirmer un peu plus encore son implantation \u00e0 Mar Lodj, aupr\u00e8s des \u00e9l\u00e8ves qui ne sont pas seulement en difficult\u00e9 \u00e9conomique, mais aussi aux c\u00f4t\u00e9s d&rsquo;autres, en difficult\u00e9 scolaire qui peuvent trouver dans l&rsquo;enseignement technique une voie d&rsquo;acc\u00e8s \u00e0 la r\u00e9ussite.<\/span><\/strong><\/span><\/p>\n<p>&nbsp;<\/p>\n<p>&nbsp;<\/p>\n","protected":false},"excerpt":{"rendered":"<p>Malgr\u00e9 la pr\u00e9sence de quatre participants- Catherine, Claude, Philippe et Jean-Claude- la mission qui vient de s&rsquo;achever lundi 14 octobre, a \u00e9t\u00e9 dense et tr\u00e8s occup\u00e9e. En effet, plus d&rsquo;une tonne de mat\u00e9riels, de livres, de fournitures, de sacs et de trousses a \u00e9t\u00e9 livr\u00e9e par les fournisseurs directement au campement o\u00f9 l&rsquo;association est h\u00e9berg\u00e9e [&hellip;]<\/p>\n","protected":false},"author":2,"featured_media":0,"comment_status":"open","ping_status":"open","sticky":false,"template":"","format":"standard","meta":{"jetpack_post_was_ever_published":false,"_jetpack_newsletter_access":"","_jetpack_dont_email_post_to_subs":true,"_jetpack_newsletter_tier_id":0,"_jetpack_memberships_contains_paywalled_content":false,"_jetpack_memberships_contains_paid_content":false,"footnotes":""},"categories":[1],"tags":[],"class_list":["post-2156","post","type-post","status-publish","format-standard","hentry","category-non-classe"],"jetpack_featured_media_url":"","jetpack_sharing_enabled":true,"jetpack_shortlink":"https:\/\/wp.me\/p5o8j7-yM","_links":{"self":[{"href":"http:\/\/www.unenfantuncartable17.fr\/index.php?rest_route=\/wp\/v2\/posts\/2156","targetHints":{"allow":["GET"]}}],"collection":[{"href":"http:\/\/www.unenfantuncartable17.fr\/index.php?rest_route=\/wp\/v2\/posts"}],"about":[{"href":"http:\/\/www.unenfantuncartable17.fr\/index.php?rest_route=\/wp\/v2\/types\/post"}],"author":[{"embeddable":true,"href":"http:\/\/www.unenfantuncartable17.fr\/index.php?rest_route=\/wp\/v2\/users\/2"}],"replies":[{"embeddable":true,"href":"http:\/\/www.unenfantuncartable17.fr\/index.php?rest_route=%2Fwp%2Fv2%2Fcomments&post=2156"}],"version-history":[{"count":35,"href":"http:\/\/www.unenfantuncartable17.fr\/index.php?rest_route=\/wp\/v2\/posts\/2156\/revisions"}],"predecessor-version":[{"id":2195,"href":"http:\/\/www.unenfantuncartable17.fr\/index.php?rest_route=\/wp\/v2\/posts\/2156\/revisions\/2195"}],"wp:attachment":[{"href":"http:\/\/www.unenfantuncartable17.fr\/index.php?rest_route=%2Fwp%2Fv2%2Fmedia&parent=2156"}],"wp:term":[{"taxonomy":"category","embeddable":true,"href":"http:\/\/www.unenfantuncartable17.fr\/index.php?rest_route=%2Fwp%2Fv2%2Fcategories&post=2156"},{"taxonomy":"post_tag","embeddable":true,"href":"http:\/\/www.unenfantuncartable17.fr\/index.php?rest_route=%2Fwp%2Fv2%2Ftags&post=2156"}],"curies":[{"name":"wp","href":"https:\/\/api.w.org\/{rel}","templated":true}]}}