{"id":21,"date":"2013-09-13T07:48:00","date_gmt":"2013-09-13T07:48:00","guid":{"rendered":"http:\/\/www.unenfantuncartable17.fr\/?p=21"},"modified":"2015-01-28T17:05:51","modified_gmt":"2015-01-28T16:05:51","slug":"un-enfant-un-cartable-a-la-semaine-de-la-solidarite","status":"publish","type":"post","link":"http:\/\/www.unenfantuncartable17.fr\/?p=21","title":{"rendered":"Un Enfant, un Cartable \u00e0 la Semaine de la Solidarit\u00e9"},"content":{"rendered":"<div class=\"ob-section ob-section-html\">\n<p><span style=\"font-size: 14pt; color: #993300;\"><strong><span style=\"font-family: arial, helvetica, sans-serif;\">Notre association participe \u00e0 la Semaine de la Solidarit\u00e9 Internationale organis\u00e9e, par de nombreuses associations et la ville de La Rochelle.\u00a0<\/span><\/strong><\/span><\/p>\n<p><span style=\"font-size: 14pt; color: #993300;\"><strong><span style=\"font-family: arial, helvetica, sans-serif;\">Une manifestation pr\u00e9sente\u00a0en France du 16 au 24 novembre.<\/span><\/strong><\/span><\/p>\n<p><span style=\"color: #808000; font-size: 12pt;\"><a style=\"color: #808000;\" href=\"http:\/\/www.lasemaine.org\/la-semaine-en-quelques-clics\/16eme-edition-du-16-au-24-novembre-2013\">http:\/\/www.lasemaine.org\/la-semaine-en-quelques-clics\/16eme-edition-du-16-au-24-novembre-2013<\/a><\/span><\/p>\n<p><span style=\"color: #99cc00; font-family: arial black,avant garde; font-size: 12pt;\"><span style=\"font-size: 14pt;\"><strong><span style=\"color: #808000;\">Avec la Maison de Quartier de Port Neuf, nous projeterons, en sa pr\u00e9sence,\u00a0deux films du r\u00e9alisateur Guin\u00e9en<\/span><\/strong> <span style=\"color: #993300;\"><strong><span style=\"font-family: arial, helvetica, sans-serif;\">Cheik Doukour\u00e9 :<\/span><\/strong><\/span><\/span><\/span><\/p>\n<p>\u00a0<span style=\"font-family: arial, helvetica, sans-serif; font-size: 14pt; color: #808000;\"><strong>\u00ab\u00a0Paris selon Moussa\u00a0\u00bb, <span style=\"text-decoration: underline;\">mardi 19 novembre, 20 h.<\/span><\/strong><\/span> <span style=\"color: #993300;\"><strong><span style=\"font-family: arial, helvetica, sans-serif;\">(entr\u00e9e: 2 \u20ac)<\/span><\/strong><\/span><\/p>\n<p><span style=\"color: #99cc00; font-family: arial black,avant garde; font-size: 12pt;\">\u00a0<\/span><span style=\"font-family: arial, helvetica, sans-serif; font-size: 14pt; color: #808000;\"><strong>\u00ab\u00a0Le ballon d&rsquo;or\u00a0\u00bb, film\u00a0pour enfants, <span style=\"text-decoration: underline;\">mercredi 20 novembre, 15h.<\/span><\/strong><\/span> <span style=\"color: #993300;\"><strong><span style=\"font-family: arial, helvetica, sans-serif; font-size: 12pt;\">(entr\u00e9e: 2 \u20ac)<\/span><\/strong><\/span><\/p>\n<p>\u00a0<span style=\"font-family: arial, helvetica, sans-serif; font-size: 14pt; color: #808000;\"><strong>Les deux s\u00e9ances\u00a0sont \u00e0 la Maison de quartier.<\/strong><\/span><\/p>\n<p><span style=\"font-family: arial, helvetica, sans-serif; font-size: 14pt; color: #808000;\"><strong>\u00a0<\/strong><strong>Les spectateurs pourront\u00a0dialoguer avec\u00a0le r\u00e9alisateur.<\/strong><\/span><\/p>\n<p><img loading=\"lazy\" decoding=\"async\" class=\"GcheTexte aligncenter\" src=\"http:\/\/www.unenfantuncartable17.fr\/wp-content\/uploads\/2013\/09\/cheik-doukoure.jpg\" alt=\"cheik-doukoure.jpg\" width=\"300\" height=\"198\" \/><\/p>\n<p style=\"text-align: left;\"><span style=\"font-family: arial, helvetica, sans-serif; font-size: 14pt; color: #993300;\"><strong><span style=\"line-height: 115%;\">N\u00e9 en Guin\u00e9e<\/span><span style=\"line-height: 115%; mso-fareast-font-family: 'Times New Roman'; mso-fareast-language: FR;\">,\u00a0<\/span><\/strong><strong><span style=\"line-height: 115%; mso-fareast-font-family: 'Times New Roman'; mso-fareast-language: FR;\">Cheik Doukour\u00e9\u00a0\u00e9tudie les<\/span>\u00a0<span style=\"line-height: 115%;\">lettres et le th\u00e9\u00e2tre\u00a0\u00e0<\/span>\u00a0<span style=\"line-height: 115%;\">Paris,\u00a0<\/span>puis<span style=\"line-height: 115%;\">\u00a0devient<\/span><span style=\"line-height: 115%; mso-fareast-font-family: 'Times New Roman'; mso-fareast-language: FR;\">\u00a0com\u00e9dien<\/span><span style=\"line-height: 115%;\">.<\/span><\/strong><\/span><\/p>\n<p><span style=\"font-family: arial, helvetica, sans-serif; font-size: 14pt; color: #808000;\"><strong><span style=\"line-height: 115%; mso-fareast-font-family: 'Times New Roman'; mso-fareast-language: FR;\">En 1977, il \u00e9crit le sc\u00e9nario de \u00ab\u00a0Bako,<\/span> <span style=\"line-height: 115%; mso-fareast-font-family: 'Times New Roman'; mso-fareast-language: FR;\">l&rsquo;autre rive\u00a0\u00bb et en 1985 co-\u00e9crit<\/span> <span style=\"line-height: 115%; mso-fareast-font-family: 'Times New Roman'; mso-fareast-language: FR;\">\u00ab\u00a0Black<\/span> <span style=\"line-height: 115%; mso-fareast-font-family: 'Times New Roman'; mso-fareast-language: FR;\">Mic-Mac\u00a0\u00bb.<\/span><\/strong><\/span><\/p>\n<p><span style=\"font-family: arial, helvetica, sans-serif; font-size: 14pt; color: #993300;\"><strong>\u00a0<span style=\"line-height: 115%; mso-fareast-font-family: 'Times New Roman'; mso-fareast-language: FR;\">En 1991, il entame une carri\u00e8re de<\/span>\u00a0<span style=\"line-height: 115%; mso-fareast-font-family: 'Times New Roman'; mso-fareast-language: FR;\">r\u00e9alisateur avec \u00ab\u00a0Blanc d&rsquo;Eb\u00e8ne\u00a0\u00bb,<\/span> <\/strong><\/span><span style=\"color: #99cc00; font-family: arial black,avant garde; font-size: 12pt;\"><span style=\"line-height: 115%; mso-fareast-font-family: 'Times New Roman'; mso-fareast-language: FR;\"><span style=\"font-family: arial, helvetica, sans-serif; font-size: 14pt; color: #993300;\"><strong>puis r\u00e9alise<\/strong> <\/span><span style=\"color: #ff6600;\">\u00ab\u00a0<strong><span style=\"color: #808000; font-size: 14pt; font-family: arial, helvetica, sans-serif;\">Le ballon d&rsquo;or\u00a0\u00bb (1993) <\/span><span style=\"font-family: arial, helvetica, sans-serif; font-size: 14pt; color: #993300;\">qui, avec 450 000 entr\u00e9es en France, est l&rsquo;un des plus grands succ\u00e8s des cin\u00e9mas africains.<\/span><\/strong><\/span><\/span><\/span><\/p>\n<p>\u00a0<span style=\"font-family: arial, helvetica, sans-serif; font-size: 14pt; color: #808000;\"><strong>En 2001 il r\u00e9alise \u00ab\u00a0Paris selon Moussa\u00a0\u00bb.<\/strong><\/span><\/p>\n<p><span style=\"font-family: arial, helvetica, sans-serif; font-size: 14pt;\"><strong>\u00a0<span style=\"color: #993300;\">Cheik Doukour\u00e9 obtient en 2003, le Prix d&rsquo;interpr\u00e9tation masculine lors de la 18e \u00e9dition du Fespaco (Festival Panafricain du Cin\u00e9ma de Ouagadougou), pour son r\u00f4le dans Paris selon Moussa.<\/span><\/strong><\/span><\/p>\n<p><img loading=\"lazy\" decoding=\"async\" class=\"GcheTexte aligncenter\" src=\"http:\/\/www.unenfantuncartable17.fr\/wp-content\/uploads\/2013\/09\/paris-selon-moussa.jpg\" alt=\"paris-selon-moussa.jpg\" width=\"300\" height=\"200\" \/>\u00a0\u00a0\u00a0<\/p>\n<p><span style=\"font-family: arial, helvetica, sans-serif; font-size: 14pt; color: #808000;\"><strong>Mardi 19 novembre \u00e0 20 heures\u00a0 \u00ab\u00a0<span style=\"mso-fareast-font-family: 'Times New Roman'; mso-fareast-language: FR; mso-bidi-font-weight: bold;\">Paris selon Moussa.<\/span> (<span style=\"mso-bidi-font-weight: bold;\">2001)\u00a0\u00bb<\/span>\u00a0<\/strong><\/span><\/p>\n<p><span style=\"font-family: arial, helvetica, sans-serif; font-size: 14pt; color: #993300;\"><strong>\u00a0<span style=\"mso-fareast-font-family: 'Times New Roman'; mso-fareast-language: FR; mso-bidi-font-weight: bold;\">L&rsquo;agriculteur guin\u00e9en\u00a0Moussa\u00a0<\/span>(incarn\u00e9\u00a0 par le r\u00e9alisateur) est\u00a0envoy\u00e9\u00a0 \u00e0 Paris\u00a0 par son village\u00a0<\/strong><strong><span style=\"mso-fareast-font-family: 'Times New Roman'; mso-fareast-language: FR; mso-bidi-font-weight: bold;\">pour acheter la nouvelle\u00a0<\/span>\u00a0motopompe\u00a0qui irriguera\u00a0les\u00a0champs \u00a0de la coop\u00e9rative.<\/strong><\/span><\/p>\n<p><span style=\"font-family: arial, helvetica, sans-serif; font-size: 14pt; color: #993300;\"><strong>\u00a0<span style=\"mso-fareast-font-family: 'Times New Roman'; mso-fareast-language: FR; mso-bidi-font-weight: bold;\">Arriv\u00e9 \u00e0 Paris, il se fait voler l&rsquo;argent<\/span> <span style=\"mso-fareast-font-family: 'Times New Roman'; mso-fareast-language: FR; mso-bidi-font-weight: bold;\">qui lui a \u00e9t\u00e9 confi\u00e9 et\u00a0se retrouve<\/span> <span style=\"mso-bidi-font-weight: bold;\">avec des sans-papiers africains qui<\/span> <span style=\"mso-fareast-font-family: 'Times New Roman'; mso-fareast-language: FR; mso-bidi-font-weight: bold;\">occupent une \u00e9glise.<\/span> <span style=\"mso-bidi-font-weight: bold;\">Malgr\u00e9 les<\/span> tracasseries et violences polici\u00e8res, il triomphera des obstacles, jusqu&rsquo;\u00e0 une fin dramatique. Le film est un cri de r\u00e9volte, un regard africain de l&rsquo;int\u00e9rieur, qui ne laisse pas indiff\u00e9rent.\u00a0\u00a0<\/strong><\/span><\/p>\n<p><img loading=\"lazy\" decoding=\"async\" class=\"GcheTexte\" src=\"http:\/\/www.unenfantuncartable17.fr\/wp-content\/uploads\/2013\/09\/Le-Ballon-D-Or_portrait_w193h257.jpg\" alt=\"Le-Ballon-D-Or_portrait_w193h257.jpg\" width=\"225\" height=\"300\" \/><\/p>\n<p>\u00a0\u00a0\u00a0<span style=\"font-family: arial, helvetica, sans-serif; font-size: 14pt; color: #993300;\"><strong> Mercredi 20 novembre \u00e0 15 heures<\/strong><\/span><\/p>\n<p>\u00a0<span style=\"font-family: arial, helvetica, sans-serif; font-size: 14pt; color: #808000;\"><strong>Le Ballon d\u2019or.\u00a0(1993)\u00a0\u00a0<\/strong><\/span><\/p>\n<p><span style=\"font-family: arial, helvetica, sans-serif; font-size: 14pt; color: #808000;\"><strong>Bandian <span style=\"mso-bidi-font-weight: bold;\">douze ans, habite un\u00a0<\/span><span style=\"mso-bidi-font-weight: bold;\">petit<\/span>\u00a0village guin\u00e9en, o\u00f9 il partage son temps entre travaux domestiques, \u00e9cole et football . Le foot est toute sa vie. Sara, le grand f\u00e9ticheur l&rsquo;a pr\u00e9dit, il sera un grand footballeur.<\/strong><\/span><\/p>\n<p><span style=\"font-family: arial, helvetica, sans-serif; font-size: 14pt; color: #808000;\"><strong>Bandian part en France et le voyage apporte son lot de surprises, de joies et de d\u00e9ceptions avant d&rsquo;arriver \u00e0 Saint Etienne.\u00a0<span style=\"mso-spacerun: yes;\">\u00a0<\/span><\/strong><\/span><\/p>\n<p><span style=\"font-family: arial, helvetica, sans-serif; font-size: 14pt; color: #808000;\"><strong>Le sc\u00e9nario est inspir\u00e9 de la vie du\u00a0 footballeur vedette malien\u00a0 Salif Keita,\u00a0premier Ballon d&rsquo;or africain en 1970, idole \u00e0 Saint Etienne.<\/strong><\/span><\/p>\n<p style=\"margin: 0cm 0cm 0pt; line-height: normal;\">\u00a0<\/p>\n<\/div>\n","protected":false},"excerpt":{"rendered":"<p>Notre association participe \u00e0 la Semaine de la Solidarit\u00e9 Internationale organis\u00e9e, par de nombreuses associations et la ville de La Rochelle.\u00a0 Une manifestation pr\u00e9sente\u00a0en France du 16 au 24 novembre. http:\/\/www.lasemaine.org\/la-semaine-en-quelques-clics\/16eme-edition-du-16-au-24-novembre-2013 Avec la Maison de Quartier de Port Neuf, nous projeterons, en sa pr\u00e9sence,\u00a0deux films du r\u00e9alisateur Guin\u00e9en Cheik Doukour\u00e9 : \u00a0\u00ab\u00a0Paris selon Moussa\u00a0\u00bb, mardi [&hellip;]<\/p>\n","protected":false},"author":2,"featured_media":0,"comment_status":"open","ping_status":"open","sticky":false,"template":"","format":"standard","meta":{"jetpack_post_was_ever_published":false,"_jetpack_newsletter_access":"","_jetpack_dont_email_post_to_subs":false,"_jetpack_newsletter_tier_id":0,"_jetpack_memberships_contains_paywalled_content":false,"_jetpack_memberships_contains_paid_content":false,"footnotes":""},"categories":[1],"tags":[],"class_list":["post-21","post","type-post","status-publish","format-standard","hentry","category-non-classe"],"jetpack_featured_media_url":"","jetpack_sharing_enabled":true,"jetpack_shortlink":"https:\/\/wp.me\/p5o8j7-l","_links":{"self":[{"href":"http:\/\/www.unenfantuncartable17.fr\/index.php?rest_route=\/wp\/v2\/posts\/21","targetHints":{"allow":["GET"]}}],"collection":[{"href":"http:\/\/www.unenfantuncartable17.fr\/index.php?rest_route=\/wp\/v2\/posts"}],"about":[{"href":"http:\/\/www.unenfantuncartable17.fr\/index.php?rest_route=\/wp\/v2\/types\/post"}],"author":[{"embeddable":true,"href":"http:\/\/www.unenfantuncartable17.fr\/index.php?rest_route=\/wp\/v2\/users\/2"}],"replies":[{"embeddable":true,"href":"http:\/\/www.unenfantuncartable17.fr\/index.php?rest_route=%2Fwp%2Fv2%2Fcomments&post=21"}],"version-history":[{"count":6,"href":"http:\/\/www.unenfantuncartable17.fr\/index.php?rest_route=\/wp\/v2\/posts\/21\/revisions"}],"predecessor-version":[{"id":699,"href":"http:\/\/www.unenfantuncartable17.fr\/index.php?rest_route=\/wp\/v2\/posts\/21\/revisions\/699"}],"wp:attachment":[{"href":"http:\/\/www.unenfantuncartable17.fr\/index.php?rest_route=%2Fwp%2Fv2%2Fmedia&parent=21"}],"wp:term":[{"taxonomy":"category","embeddable":true,"href":"http:\/\/www.unenfantuncartable17.fr\/index.php?rest_route=%2Fwp%2Fv2%2Fcategories&post=21"},{"taxonomy":"post_tag","embeddable":true,"href":"http:\/\/www.unenfantuncartable17.fr\/index.php?rest_route=%2Fwp%2Fv2%2Ftags&post=21"}],"curies":[{"name":"wp","href":"https:\/\/api.w.org\/{rel}","templated":true}]}}