{"id":1978,"date":"2019-04-18T08:35:53","date_gmt":"2019-04-18T07:35:53","guid":{"rendered":"http:\/\/www.unenfantuncartable17.fr\/?p=1978"},"modified":"2019-04-18T08:55:50","modified_gmt":"2019-04-18T07:55:50","slug":"le-compte-rendu-de-lassemblee-generale-2019","status":"publish","type":"post","link":"http:\/\/www.unenfantuncartable17.fr\/?p=1978","title":{"rendered":"Le compte-rendu de l&rsquo;Assembl\u00e9e G\u00e9n\u00e9rale 2019"},"content":{"rendered":"<p><span style=\"font-size: 14pt;\"><strong><span style=\"font-family: arial, helvetica, sans-serif; color: #993300;\">Comme annonc\u00e9 depuis quelques semaines, voici une image sur laquelle cliquer, pour visionner le film r\u00e9alis\u00e9 pour le 10\u00e8me anniversaire de l&rsquo;association.<\/span><\/strong><\/span><\/p>\n<p><span class=\"embed-youtube\" style=\"text-align:center; display: block;\"><iframe loading=\"lazy\" class=\"youtube-player\" width=\"640\" height=\"360\" src=\"https:\/\/www.youtube.com\/embed\/SBEnS7EclFQ?version=3&#038;rel=1&#038;showsearch=0&#038;showinfo=1&#038;iv_load_policy=1&#038;fs=1&#038;hl=fr-FR&#038;autohide=2&#038;wmode=transparent\" allowfullscreen=\"true\" style=\"border:0;\" sandbox=\"allow-scripts allow-same-origin allow-popups allow-presentation allow-popups-to-escape-sandbox\"><\/iframe><\/span><\/p>\n<p>&nbsp;<\/p>\n<p><span style=\"text-decoration: underline; font-size: 14pt;\"><span style=\"font-family: 'arial black', sans-serif; color: #808000; text-decoration: underline;\">Vous trouverez aussi ci-dessous, le compte-rendu de l&rsquo;assembl\u00e9e g\u00e9n\u00e9rale qui s&rsquo;est tenue le 13 avril.<\/span><\/span><\/p>\n<p><span style=\"font-family: arial, helvetica, sans-serif; color: #993300; font-size: 14pt;\">(Les diff\u00e9rents rapports sont disponibles dans un article pr\u00e9c\u00e9dent)<\/span><\/p>\n<p><span style=\"font-family: arial, helvetica, sans-serif; font-size: 14pt; color: #993300;\">Le quorum \u00e9tant atteint, la s\u00e9ance est ouverte \u00e0 17 heures par le Pr\u00e9sident, Jean-Claude Brossard.<\/span><\/p>\n<p><span style=\"font-family: arial, helvetica, sans-serif; font-size: 14pt; color: #993300;\">La s\u00e9ance d\u00e9bute par le visionnage du film d\u2019une vingtaine de minutes tourn\u00e9 lors de la mission d\u2019octobre 2018.<\/span><\/p>\n<p><span style=\"font-size: 14pt;\"><strong><span style=\"font-family: arial, helvetica, sans-serif; color: #808000;\">A l\u2019issue de la projection, la parole est donn\u00e9e aux adh\u00e9rents pr\u00e9sents.<\/span><\/strong><\/span><\/p>\n<p><span style=\"font-family: arial, helvetica, sans-serif; font-size: 14pt; color: #993300;\">Des questions sont pos\u00e9es quant \u00e0 l\u2019accueil r\u00e9serv\u00e9 \u00e0 l\u2019association et l\u2019impact de son action apr\u00e8s dix ans d\u2019existence.<\/span><\/p>\n<p><span style=\"font-family: arial, helvetica, sans-serif; font-size: 14pt; color: #993300;\">Pour le Pr\u00e9sident, des relations confiantes se sont install\u00e9es avec les habitants et les enseignants de Mar Lodj. Elles ont mis du temps, mais sont d\u00e9sormais \u00e9tablies sur une base solide. L\u2019action a d\u00e9but\u00e9 \u00e0 Wandi\u00e9 avec 30 enfants scolaris\u00e9s. Aujourd\u2019hui, elle concerne 95% des enfants scolaris\u00e9s de l\u2019\u00eele dans les 3 \u00e9coles primaires et maternelles, soit environ un millier d\u2019enfants\u00a0; mais ne poss\u00e9dant pas le registre d\u2019\u00e9tat-civil, on ne sait exactement combien d\u2019enfants devraient \u00eatre scolaris\u00e9s. Car si la scolarit\u00e9 est obligatoire au S\u00e9n\u00e9gal, aucune loi ne contraint les familles dans des r\u00e9gions recul\u00e9es.<\/span><\/p>\n<p><span style=\"font-family: arial, helvetica, sans-serif; font-size: 14pt; color: #993300;\">Les propos d\u2019Alioun N\u2019Diaye, tenus dans le film, pour qui, la relation de confiance s\u2019est tiss\u00e9e au fil des ann\u00e9es, ont \u00e9t\u00e9 remarqu\u00e9s.<\/span><\/p>\n<p><span style=\"font-family: arial, helvetica, sans-serif; font-size: 14pt; color: #993300;\">Claude Biardeau\u00a0rappelle que l\u2019association ne fonctionne pas dans le registre des cadeaux, ce qui est une habitude en Afrique dans les relations avec les occidentaux. La rigueur de notre fonctionnement semble avoir \u00e9t\u00e9 comprise.<\/span><\/p>\n<p><span style=\"font-size: 14pt;\"><strong><span style=\"text-decoration: underline; color: #808000;\"><span style=\"font-family: arial, helvetica, sans-serif;\">Avant de faire adopter le rapport moral, le Pr\u00e9sident \u00e9voque, \u00e0 titre personnel, deux sujets, inacceptables selon lui :<\/span><\/span><\/strong><\/span><\/p>\n<ul>\n<li><span style=\"font-family: arial, helvetica, sans-serif; font-size: 14pt; color: #993300;\">les propos du Ministre de l\u2019Int\u00e9rieur sur le r\u00f4le suppos\u00e9 \u00ab\u00a0complice\u00a0\u00bb avec les passeurs, des ONG qui agissent pour sauver des migrants en M\u00e9diterran\u00e9e.<\/span><\/li>\n<li><span style=\"font-family: arial, helvetica, sans-serif; font-size: 14pt; color: #993300;\">l\u2019augmentation abusive des frais d\u2019inscription \u00e0 l\u2019universit\u00e9 pour les \u00e9tudiants \u00e9trangers, non europ\u00e9ens.<\/span><\/li>\n<\/ul>\n<p><span style=\"font-family: 'arial black', sans-serif; font-size: 14pt; color: #808000;\"><strong><u>Rapport moral et d\u2019activit\u00e9s\u00a0:<\/u><\/strong><\/span><\/p>\n<p><span style=\"font-family: arial, helvetica, sans-serif; font-size: 14pt; color: #993300;\">Sans d\u00e9tailler le rapport moral, adress\u00e9 aux adh\u00e9rents avec la convocation \u00e0 l\u2019Assembl\u00e9e G\u00e9n\u00e9rale, le Pr\u00e9sident ajoute deux constats\u00a0:<\/span><\/p>\n<ul>\n<li><span style=\"font-family: arial, helvetica, sans-serif; font-size: 14pt; color: #993300;\">certes, il y a des changements \u00e9vidents au S\u00e9n\u00e9gal depuis 10 ans, avec une croissance \u00e9conomique importante ces derni\u00e8res ann\u00e9es,<\/span><\/li>\n<li><span style=\"font-family: arial, helvetica, sans-serif; font-size: 14pt; color: #993300;\">mais, les habitants de l\u2019\u00eele de Mar ne semblent pas b\u00e9n\u00e9ficier de cette croissance.<\/span><\/li>\n<\/ul>\n<p><span style=\"text-decoration: underline; font-size: 14pt; color: #808000;\"><strong><span style=\"font-family: arial, helvetica, sans-serif;\">En cons\u00e9quence, notre action est toujours justifi\u00e9e.<\/span><\/strong><\/span><\/p>\n<p><span style=\"font-family: arial, helvetica, sans-serif; font-size: 14pt; color: #993300;\">Le Pr\u00e9sident souligne l\u2019engagement des administrateurs(trices) notamment pour les d\u00e9placements qu\u2019ils effectuent \u2013\u00e0 leurs frais- chaque ann\u00e9e au moment des missions. Sans cet investissement, l\u2019association ne pourrait pas assumer ses missions\u00a0; les administrateurs, s\u2019ils ne sont pas rembours\u00e9s de leurs frais, b\u00e9n\u00e9ficient toutefois, d\u2019un rescrit fiscal de 66% des sommes engag\u00e9es, pour all\u00e9ger leurs imp\u00f4ts.<\/span><\/p>\n<p><span style=\"text-decoration: underline; font-size: 14pt;\"><strong><span style=\"font-family: arial, helvetica, sans-serif; color: #993300; text-decoration: underline;\">Les adh\u00e9rents qui accompagnent fid\u00e8lement l\u2019action de l\u2019association, certains depuis le d\u00e9but, sont aussi vivement remerci\u00e9s. Sans eux, rien n\u2019aurait \u00e9t\u00e9 possible.<\/span><\/strong><\/span><\/p>\n<p><span style=\"font-size: 14pt; color: #808000;\"><strong><span style=\"font-family: arial, helvetica, sans-serif;\"><u>Quatre points particuliers sont distingu\u00e9s. <\/u><\/span><\/strong><\/span><\/p>\n<p><span style=\"font-family: arial, helvetica, sans-serif; font-size: 14pt; color: #993300;\"><strong>1\u00a0<\/strong>: La diminution de la fabrication des cartables (produit embl\u00e9matique de l\u2019association) qui seront d\u00e9sormais r\u00e9serv\u00e9s aux seuls 120 \u00e9l\u00e8ves de CI (1<sup>er<\/sup> niveau)\u00a0; les cartables, en effet, ne sont pas utilis\u00e9s par les enfants qui pr\u00e9f\u00e8rent les fabrications \u00e0 la mode, m\u00eame moins solides, et que les familles acceptent d\u2019acheter chez les commer\u00e7ants locaux.<\/span><\/p>\n<p><span style=\"font-family: arial, helvetica, sans-serif; font-size: 14pt; color: #993300;\"><strong>2\u00a0<\/strong>: Il est propos\u00e9 aux administrateurs de voter la r\u00e9affectation des moyens \u00e9conomis\u00e9s au point pr\u00e9c\u00e9dent (environ 500\u20ac) vers le soutien \u00e0 l\u2019entr\u00e9e dans un Centre de Formation Professionnelle- \u00e0 20 kilom\u00e8tres de l\u2019\u00eele sur le continent- pour des enfants en difficult\u00e9 au coll\u00e8ge (classes de 4<sup>\u00e8me<\/sup> et de 3<sup>\u00e8me<\/sup>). Le coll\u00e8ge se chargeant de l\u2019orientation, l\u2019association assumerait la prise en charge des frais d\u2019inscription et l\u2019achat du premier \u00e9quipement. Quatre sections d\u00e9bouchant sur un CAP en 3 ans, sont concern\u00e9es\u00a0: b\u00e2timent, \u00e9lectricit\u00e9, restauration, jardinage-mara\u00eechage Quatre ou cinq \u00e9l\u00e8ves, dans un premier temps, pourraient \u00eatre concern\u00e9s l\u2019ann\u00e9e prochaine (potentiel estim\u00e9 \u00e0 24 \u00e9l\u00e8ves par le Principal du coll\u00e8ge). Les familles continueraient de prendre leurs enfants en charge, pour l\u2019h\u00e9bergement et la nourriture chez des \u00ab\u00a0tuteurs\u00a0\u00bb. Une convention annuelle tripartite fixerait le cadre reconduit pour le temps de la formation..<\/span><\/p>\n<p><span style=\"font-family: arial, helvetica, sans-serif; font-size: 14pt; color: #993300;\">Cette proposition \u2013<span style=\"text-decoration: underline;\">qui est un essai<\/span>&#8211; soul\u00e8ve les questions suivantes\u00a0:<\/span><\/p>\n<ul>\n<li><span style=\"font-family: arial, helvetica, sans-serif; font-size: 14pt; color: #993300;\">Y a-il y a des emplois \u00e0 la cl\u00e9 dans les m\u00e9tiers enseign\u00e9s\u00a0?<\/span><\/li>\n<li><span style=\"font-family: arial, helvetica, sans-serif; font-size: 14pt; color: #993300;\">Les jeunes de Mar Lodj ont-ils envie de quitter leur \u00eele\u00a0?<\/span><strong>\u00a0<\/strong><\/li>\n<\/ul>\n<p><span style=\"font-family: arial, helvetica, sans-serif; font-size: 14pt; color: #993300;\">Un bilan sera \u00e9tabli au bout de la 1<sup>\u00e8re<\/sup> ann\u00e9e.<\/span><\/p>\n<p><span style=\"font-family: arial, helvetica, sans-serif; font-size: 14pt; color: #993300;\"><strong>3\u00a0:<\/strong> Les cours de renforcement (en fran\u00e7ais et en maths) qui ont d\u00e9but\u00e9 \u00e0 l\u2019\u00e9cole de Mar Lothie en octobre 2018, semblent donner satisfaction et les \u00e9valuations \u00e0 mi-parcours sont encourageantes. Il faut toutefois attendre les r\u00e9sultats aux examens en juin (Certificat de fin d\u2019\u00e9tudes \u00e9l\u00e9mentaires \u2013CFEE- et entr\u00e9e en 6<sup>\u00e8me<\/sup>) pour juger de la pertinence de cette action nouvelle qui concerne 35 \u00e9l\u00e8ves de CM2, et pour laquelle les familles sont mises \u00e0 contribution \u00e0 hauteur de 25% du co\u00fbt.<\/span><\/p>\n<p><span style=\"font-family: arial, helvetica, sans-serif; font-size: 14pt; color: #993300;\">Une action identique (sur les m\u00eames bases financi\u00e8res) pourrait \u00eatre mise en place pour 40 \u00e9l\u00e8ves de CM1.<\/span><\/p>\n<p><span style=\"font-family: arial, helvetica, sans-serif; font-size: 14pt; color: #993300;\"><strong>4\u00a0<\/strong>: Apr\u00e8s une ann\u00e9e de transition, la biblioth\u00e8que de l\u2019\u00e9cole de Mar Lothie, va repartir\u00a0 sur de nouvelles bases, en mettant \u00e0 la disposition des enseignants, un stock de livres (choisis par eux) du niveau de chaque classe. Un achat de 1300 \u20ac achet\u00e9 aupr\u00e8s d\u2019une importante librairie dakaroise. Environ 250 ouvrages pour 6 niveaux, avec ceux d\u00e9j\u00e0 achet\u00e9s.<\/span><\/p>\n<p><span style=\"font-size: 14pt; font-family: 'arial black', sans-serif;\"><strong><span style=\"text-decoration: underline;\"><span style=\"color: #993300; text-decoration: underline;\">Le rapport moral et le rapport d\u2019activit\u00e9 sont adopt\u00e9s \u00e0 l\u2019unanimit\u00e9.<\/span><\/span><\/strong><\/span><\/p>\n<p><span style=\"font-family: 'arial black', sans-serif; font-size: 14pt; color: #808000;\"><strong><u>Rapport financier\u00a0:<\/u><\/strong><\/span><\/p>\n<p><span style=\"font-family: arial, helvetica, sans-serif; font-size: 14pt; color: #993300;\">&#8211; Le compte de r\u00e9sultat 2018 s\u2019\u00e9l\u00e8ve \u00e0 <span style=\"font-family: 'arial black', sans-serif;\"><strong><span style=\"text-decoration: underline;\"><span style=\"color: #808000; text-decoration: underline;\">14.645,20 \u20ac<\/span><\/span><\/strong><\/span><\/span><\/p>\n<p><span style=\"font-family: arial, helvetica, sans-serif; font-size: 14pt; color: #993300;\">Le r\u00e9sultat net est de\u00a0<span style=\"text-decoration: underline; color: #808000; font-family: 'arial black', sans-serif;\"><strong>923,82\u20ac.<\/strong><\/span><\/span><\/p>\n<p><span style=\"font-size: 14pt;\"><strong><span style=\"font-family: arial, helvetica, sans-serif; color: #808000;\"><span style=\"font-family: 'arial black', sans-serif;\">90%<\/span> des recettes viennent des cotisations et des dons (dont les \u00e9coles de Laleu et Marsilly)<\/span><\/strong><\/span><\/p>\n<p><span style=\"font-size: 14pt; color: #808000;\"><strong><span style=\"font-family: arial, helvetica, sans-serif;\"><span style=\"font-family: 'arial black', sans-serif;\">87%<\/span> des d\u00e9penses sont affect\u00e9es directement \u00e0 l\u2019aide \u00e0 la scolarit\u00e9.<\/span><\/strong><\/span><\/p>\n<p><span style=\"font-size: 14pt; color: #808000;\"><strong><span style=\"font-family: arial, helvetica, sans-serif;\"><span style=\"font-family: 'arial black', sans-serif;\">4%<\/span> vont aux frais de gestion.<\/span><\/strong><\/span><\/p>\n<p><span style=\"font-family: arial, helvetica, sans-serif; font-size: 14pt; color: #993300;\">Cette bonne sant\u00e9 financi\u00e8re de l\u2019association, outre les cotisations des adh\u00e9rents, est d\u00fbe \u00e0 l\u2019apport financier tr\u00e8s important des actions organis\u00e9es par les \u00e9coles (<span style=\"color: #808000;\"><strong>gr\u00e2ce \u00e0 l\u2019initiative de Philippe Tallois et Catherine Muller) et \u00e0 l\u2019aide d\u2019\u00ab\u00a0Entraide et Solidarit\u00e9\u00a0de la Libre Pens\u00e9e\u00a0\u00bb.<\/strong><\/span><\/span><\/p>\n<p><span style=\"font-family: arial, helvetica, sans-serif; font-size: 14pt; color: #993300;\">&#8211; Le budget pr\u00e9visionnel 2019 s\u2019\u00e9l\u00e8ve \u00e0<span style=\"text-decoration: underline;\"><span style=\"font-family: 'arial black', sans-serif; color: #808000; text-decoration: underline;\"> 14.100 \u20ac<\/span><\/span> et int\u00e8gre les actions avec le Centre de Formation Professionnelle, ainsi qu\u2019une possible extension des cours de renforcement au CM1 de Mar Lothie.<\/span><\/p>\n<p><span style=\"font-family: arial, helvetica, sans-serif; font-size: 14pt; color: #993300;\">Les d\u00e9penses de biblioth\u00e8que, importantes en 2019, ne seront pas renouvel\u00e9es tous les ans.<\/span><\/p>\n<p><span style=\"font-family: arial, helvetica, sans-serif; font-size: 14pt; color: #993300;\">Un changement de fournisseur pour les fournitures scolaires va apporter de la concurrence et une baisse des prix possible.<\/span><\/p>\n<p><span style=\"font-family: arial, helvetica, sans-serif; font-size: 14pt; color: #993300;\">Lecture est faite par le Tr\u00e9sorier du rapport du Commissaire aux Comptes.<\/span><\/p>\n<p><span style=\"text-decoration: underline; font-size: 14pt;\"><span style=\"font-family: 'arial black', sans-serif; color: #993300; text-decoration: underline;\">Le bilan 2018 et le budget pr\u00e9visionnel 2019 sont adopt\u00e9s \u00e0 l\u2019unanimit\u00e9.<\/span><\/span><\/p>\n<p><span style=\"font-family: arial, helvetica, sans-serif; font-size: 14pt; color: #993300;\">Quitus est donn\u00e9 au Conseil d\u2019Administration.<\/span><\/p>\n<p><span style=\"font-family: arial, helvetica, sans-serif; font-size: 14pt; color: #808000;\"><strong><u>Election au Conseil d\u2019administration.<\/u><\/strong><\/span><\/p>\n<p><span style=\"font-family: arial, helvetica, sans-serif; color: #993300;\"><span style=\"font-size: 14pt;\">Deux administrateurs, Violette JAGET et Patrice DUBOIS, quittent le Conseil d\u2019Administration<\/span>.<\/span><\/p>\n<p><span style=\"font-family: arial, helvetica, sans-serif; font-size: 14pt; color: #993300;\">Deux candidats souhaitent les remplacer\u00a0:<\/span><\/p>\n<ul>\n<li><span style=\"font-family: arial, helvetica, sans-serif; font-size: 14pt; color: #993300;\">Catherine MULLER<\/span><\/li>\n<li><span style=\"font-family: arial, helvetica, sans-serif; font-size: 14pt; color: #993300;\">Philippe MOQUET<\/span><\/li>\n<\/ul>\n<p><span style=\"font-size: 14pt;\"><strong><span style=\"text-decoration: underline;\"><span style=\"font-family: arial, helvetica, sans-serif; color: #993300; text-decoration: underline;\">Les deux candidatures sont adopt\u00e9es \u00e0 l\u2019unanimit\u00e9.<\/span><\/span><\/strong><\/span><\/p>\n<p><span style=\"font-family: arial, helvetica, sans-serif; font-size: 14pt; color: #993300;\">L\u2019Assembl\u00e9e G\u00e9n\u00e9rale se poursuit par l\u2019intervention de Roger Lepeix, Pr\u00e9sident de \u00ab\u00a0Entraide et Solidarit\u00e9 de la Libre Pens\u00e9e\u00a0\u00bb.<\/span><\/p>\n<p><span style=\"font-family: arial, helvetica, sans-serif; font-size: 14pt; color: #993300;\">Ce dernier f\u00e9licite l\u2019association des r\u00e9sultats obtenus par et rappelle que l\u2019aide de 1000 \u20ac\/an attribu\u00e9e depuis 7 ans, continuera, sous r\u00e9serve d\u2019un pr\u00e9avis de deux ans, renouvelable tous les ans.<\/span><\/p>\n<p><span style=\"font-family: arial, helvetica, sans-serif; font-size: 14pt; color: #993300;\">Au titre des questions diverses, une question est pos\u00e9e sur le d\u00e9veloppement de l\u2019\u00e9cole coranique \u00e0 Mar Fafaco et son incidence sur l\u2019action de l\u2019association.<\/span><\/p>\n<p><span style=\"font-family: arial, helvetica, sans-serif; font-size: 14pt; color: #993300;\">Pour le Pr\u00e9sident, cette \u00e9cole pr\u00e9sente depuis trois ou quatre ans, et qui accueille en maternelle environ 70 enfants, pourrait \u00eatre int\u00e9gr\u00e9e \u2013selon les propos des instituteurs de la maternelle publique- par l\u2019\u00e9cole publique (d\u00e9marche engag\u00e9e par le Gouvernement au niveau national).<\/span><\/p>\n<p><span style=\"font-family: arial, helvetica, sans-serif; font-size: 14pt; color: #993300;\">L\u2019\u00e9cole publique est encore appel\u00e9e \u00ab\u00a0\u00e9cole fran\u00e7aise\u00a0\u00bb, rappelant ainsi l\u2019histoire de la colonisation et son effet n\u00e9gatif. L\u2019\u00e9cole coranique de son c\u00f4t\u00e9, est par\u00e9e des atours de la moralit\u00e9 et de la tradition. D\u2019o\u00f9 l\u2019importance d\u2019apporter tout le soutien n\u00e9cessaire \u00e0 la maternelle publique pour qu\u2019elle ait les moyens de fonctionner parfaitement et donc d\u2019\u00eatre attractive.<\/span><\/p>\n<p><span style=\"text-decoration: underline; font-size: 14pt;\"><span style=\"font-family: arial, helvetica, sans-serif; color: #993300;\"><strong>C\u2019est le sens de l\u2019action engag\u00e9e depuis 10 ans pour toutes les \u00e9coles dans le respect des religions de chacun et de l&rsquo;ind\u00e9pendance du S\u00e9n\u00e9gal et de ses enseignants.<\/strong><\/span><\/span><\/p>\n<p><span style=\"font-family: arial, helvetica, sans-serif; font-size: 14pt; color: #993300;\">Plus rien n\u2019\u00e9tant \u00e0 l\u2019ordre du jour, la s\u00e9ance est lev\u00e9e \u00e0 19h15.<\/span><\/p>\n<p><span style=\"font-size: 14pt;\"><strong><span style=\"font-family: arial, helvetica, sans-serif; color: #808000;\">La soir\u00e9e se poursuivra au restaurant \u00ab\u00a0les Gourmets\u00a0\u00bb situ\u00e9 \u00e0 proximit\u00e9, accompagn\u00e9, gratuitement, par les musiciens du groupe La Bamboche qui mettra une ambiance de chants de marins. Merci \u00e0 eux !<\/span><\/strong><\/span><\/p>\n<p>&nbsp;<\/p>\n","protected":false},"excerpt":{"rendered":"<p>Comme annonc\u00e9 depuis quelques semaines, voici une image sur laquelle cliquer, pour visionner le film r\u00e9alis\u00e9 pour le 10\u00e8me anniversaire de l&rsquo;association. &nbsp; Vous trouverez aussi ci-dessous, le compte-rendu de l&rsquo;assembl\u00e9e g\u00e9n\u00e9rale qui s&rsquo;est tenue le 13 avril. (Les diff\u00e9rents rapports sont disponibles dans un article pr\u00e9c\u00e9dent) Le quorum \u00e9tant atteint, la s\u00e9ance est ouverte [&hellip;]<\/p>\n","protected":false},"author":2,"featured_media":0,"comment_status":"open","ping_status":"open","sticky":false,"template":"","format":"standard","meta":{"jetpack_post_was_ever_published":false,"_jetpack_newsletter_access":"","_jetpack_dont_email_post_to_subs":true,"_jetpack_newsletter_tier_id":0,"_jetpack_memberships_contains_paywalled_content":false,"_jetpack_memberships_contains_paid_content":false,"footnotes":""},"categories":[1],"tags":[],"class_list":["post-1978","post","type-post","status-publish","format-standard","hentry","category-non-classe"],"jetpack_featured_media_url":"","jetpack_sharing_enabled":true,"jetpack_shortlink":"https:\/\/wp.me\/p5o8j7-vU","_links":{"self":[{"href":"http:\/\/www.unenfantuncartable17.fr\/index.php?rest_route=\/wp\/v2\/posts\/1978","targetHints":{"allow":["GET"]}}],"collection":[{"href":"http:\/\/www.unenfantuncartable17.fr\/index.php?rest_route=\/wp\/v2\/posts"}],"about":[{"href":"http:\/\/www.unenfantuncartable17.fr\/index.php?rest_route=\/wp\/v2\/types\/post"}],"author":[{"embeddable":true,"href":"http:\/\/www.unenfantuncartable17.fr\/index.php?rest_route=\/wp\/v2\/users\/2"}],"replies":[{"embeddable":true,"href":"http:\/\/www.unenfantuncartable17.fr\/index.php?rest_route=%2Fwp%2Fv2%2Fcomments&post=1978"}],"version-history":[{"count":12,"href":"http:\/\/www.unenfantuncartable17.fr\/index.php?rest_route=\/wp\/v2\/posts\/1978\/revisions"}],"predecessor-version":[{"id":1990,"href":"http:\/\/www.unenfantuncartable17.fr\/index.php?rest_route=\/wp\/v2\/posts\/1978\/revisions\/1990"}],"wp:attachment":[{"href":"http:\/\/www.unenfantuncartable17.fr\/index.php?rest_route=%2Fwp%2Fv2%2Fmedia&parent=1978"}],"wp:term":[{"taxonomy":"category","embeddable":true,"href":"http:\/\/www.unenfantuncartable17.fr\/index.php?rest_route=%2Fwp%2Fv2%2Fcategories&post=1978"},{"taxonomy":"post_tag","embeddable":true,"href":"http:\/\/www.unenfantuncartable17.fr\/index.php?rest_route=%2Fwp%2Fv2%2Ftags&post=1978"}],"curies":[{"name":"wp","href":"https:\/\/api.w.org\/{rel}","templated":true}]}}