{"id":1955,"date":"2019-04-04T11:20:43","date_gmt":"2019-04-04T10:20:43","guid":{"rendered":"http:\/\/www.unenfantuncartable17.fr\/?p=1955"},"modified":"2019-04-04T17:03:01","modified_gmt":"2019-04-04T16:03:01","slug":"tout-sur-la-mission-de-mars","status":"publish","type":"post","link":"http:\/\/www.unenfantuncartable17.fr\/?p=1955","title":{"rendered":"Tout sur la mission de mars !"},"content":{"rendered":"<p><span style=\"font-family: 'arial black', sans-serif; font-size: 14pt; color: #993300;\">Deux administrateurs ont r\u00e9alis\u00e9 la derni\u00e8re mission \u00e0 Mar Lodj du 11 au 23 mars. Cette traditionnelle mission de printemps avait pour objet de recenser les besoins en fournitures pour la rentr\u00e9e d&rsquo;octobre.<\/span><\/p>\n<p><span style=\"font-family: 'arial black', sans-serif; font-size: 14pt; color: #993300;\">La visite des diff\u00e9rentes \u00e9coles et de leurs enseignants a permis de faire une estimation du nombre d&rsquo;\u00e9l\u00e8ves qui se monte \u00e0 <strong><span style=\"color: #808000;\">1013 tr\u00e8s exactement. Soit 868 en \u00e9l\u00e9mentaire et 145 en maternelle.<\/span><\/strong><\/span><\/p>\n<p><span style=\"font-family: 'arial black', sans-serif; font-size: 14pt; color: #993300;\">Les relations, d\u00e9sormais empreintes de transparence, ont permis de faire le point sur l&rsquo;ann\u00e9e en cours et les besoins de l&rsquo;ann\u00e9e prochaine avec tous les directeurs rencontr\u00e9s.<\/span><\/p>\n<p><span style=\"font-family: 'arial black', sans-serif; font-size: 14pt; color: #993300;\">Les nouveaux fournisseurs ont \u00e9t\u00e9 recontact\u00e9s &#8211; la liste des fournitures d\u00e9finitivement arr\u00eat\u00e9e par le conseil d&rsquo;administration, leur sera adress\u00e9e prochainement afin qu&rsquo;ils puissent faire leurs offres de tarifs.<\/span><\/p>\n<p><span style=\"font-family: 'arial black', sans-serif; font-size: 14pt; color: #993300;\">Devant des difficult\u00e9s \u00e0 obtenir des livraisons sans erreurs, l&rsquo;ancien fournisseur ne sera plus sollicit\u00e9 pour la prochaine rentr\u00e9e. Les deux nouveaux sont situ\u00e9s plus pr\u00e8s de l&rsquo;\u00eele et le transport en sera facilit\u00e9.<\/span><\/p>\n<p><span style=\"font-family: 'arial black', sans-serif; font-size: 14pt; color: #993300;\">La fabrication des sacs et des trousses continuera \u00e0 \u00eatre confi\u00e9e aux couturiers qui travaillent pour l&rsquo;association depuis deux ans,<strong> <span style=\"color: #808000;\">mais avec seulement la fourniture pour les \u00e9l\u00e8ves de CI (le premier niveau) afin de leur permettre de commencer leur scolarit\u00e9 dans les meilleures conditions possibles.<\/span><\/strong> Cette d\u00e9cision s&rsquo;est impos\u00e9e -nous en avons inform\u00e9 r\u00e9guli\u00e8rement les adh\u00e9rents qui assistent aux assembl\u00e9es g\u00e9n\u00e9rales depuis plusieurs ann\u00e9es- car l&rsquo;utilisation de ces \u00e9quipements \u00e9tait tr\u00e8s loin d&rsquo;\u00eatre effective, les enfants pr\u00e9f\u00e9rant des cartables en plastique de toutes les couleurs&#8230;pay\u00e9s par les familles. Ce sont donc <strong><span style=\"color: #808000;\">120 sacs et trousses qui seront r\u00e9alis\u00e9s par les couturiers.<\/span><\/strong><\/span><\/p>\n<p><span style=\"font-family: 'arial black', sans-serif; font-size: 14pt; color: #993300;\">Les commandes seront communiqu\u00e9es dans le d\u00e9tail aux adh\u00e9rents d&rsquo;ici quelques semaines.<\/span><\/p>\n<p><span style=\"font-family: 'arial black', sans-serif; font-size: 14pt; color: #993300;\"><strong><span style=\"color: #808000;\">Une premi\u00e8re \u00e9valuation quantitative a \u00e9t\u00e9 men\u00e9e par le directeur de l&rsquo;\u00e9cole \u00e9l\u00e9mentaire de Mar Lothie en direction des \u00e9l\u00e8ves de CM2 apr\u00e8s 5 mois de cours de renforcement.<\/span> <\/strong>Nous finan\u00e7ons ces derniers (350 \u20ac) via le comit\u00e9 de gestion de l&rsquo;\u00e9cole, depuis la pr\u00e9c\u00e9dente rentr\u00e9e. Cette d\u00e9pense repr\u00e9sente 75% du co\u00fbt des cours, 25% \u00e9tant pay\u00e9s par les parents.<\/span><span style=\"font-size: 14pt;\"><strong><span style=\"font-family: 'arial black', sans-serif; color: #808000;\"> 35 \u00e9l\u00e8ves sont concern\u00e9s<\/span><\/strong><\/span><span style=\"font-family: 'arial black', sans-serif; font-size: 14pt; color: #993300;\"> et les tests de r\u00e9ussite indiquent des progr\u00e8s notables en maths et en fran\u00e7ais, les deux mati\u00e8res vis\u00e9es. Les pourcentages de r\u00e9ussite atteignent <strong><span style=\"color: #808000;\">60% en fran\u00e7ais et 53% en maths, une progression de presque 20 points.<\/span> <\/strong>Nous verrons en juillet, lors des r\u00e9sultats au certificat d&rsquo;\u00e9tudes et \u00e0 l&rsquo;entr\u00e9e en 6\u00e8me, si la confirmation est au rendez-vous.<\/span><\/p>\n<p><span style=\"font-family: 'arial black', sans-serif; font-size: 14pt; color: #993300;\">Enfin, dernier point important de la mission, les discussions avec le coll\u00e8ge de Marsoulou (dans l&rsquo;\u00eele) pour avancer sur le projet d&rsquo;orientation<span style=\"color: #808000;\">&#8211;<strong>par le coll\u00e8ge-<\/strong><\/span> des <strong><span style=\"color: #808000;\">\u00e9l\u00e8ves en difficult\u00e9<\/span><\/strong> en classe de 4\u00e8me ou 3\u00e8me, vers le Centre de Formation Professionnelle (CFP) de Diofior, implant\u00e9 sur le continent, qui propose des formations en 3 ans (CAP) dans quatre fili\u00e8res: <span style=\"color: #808000;\"><strong>b\u00e2timent, \u00e9lectricit\u00e9, mara\u00eechage, restauration.<\/strong><\/span> La m\u00e9thode que nous avons propos\u00e9e au coll\u00e8ge et au CFP a \u00e9t\u00e9 comprise et accept\u00e9e. Une convention liant les trois parties fixerait le r\u00f4le de chacun.\u00a0<strong><span style=\"color: #808000;\">Une premi\u00e8re promotion de 5 \u00e9l\u00e8ves (ou plus)<\/span><\/strong> pourrait \u00eatre accueillie au CFP en octobre prochain (et les deux ann\u00e9es suivantes de la formation) L&rsquo;association financerait les frais d&rsquo;inscription et de premier \u00e9quipement, trois ans durant. Les frais de nourriture et d&rsquo;h\u00e9bergement resteraient \u00e0 la charge des parents. <strong><span style=\"color: #808000;\">Nous sommes en attente du devis que doit fournir le CFP<\/span><\/strong> et qui sera int\u00e9gr\u00e9 au budget annuel de l&rsquo;association.<\/span><\/p>\n<p><span style=\"font-size: 14pt;\"><strong><span style=\"text-decoration: underline;\"><span style=\"font-family: 'arial black', sans-serif; color: #993300;\"><span style=\"color: #808000; text-decoration: underline;\">N&rsquo;oubliez pas:<\/span> <\/span><\/span><\/strong><\/span><\/p>\n<p><span style=\"font-family: 'arial black', sans-serif; font-size: 14pt; color: #993300;\">Assembl\u00e9e g\u00e9n\u00e9rale, samedi 13 avril \u00e0 17 heures, salle des f\u00eates de la mairie de Lagord, avec la projection du film r\u00e9alis\u00e9 pour les 10 ans de l&rsquo;association.<\/span><\/p>\n<p><span style=\"font-family: 'arial black', sans-serif; font-size: 14pt; color: #993300;\"><strong><span style=\"color: #808000;\">Un repas suivra au restaurant<\/span><\/strong> \u00ab\u00a0Les Gourmets\u00a0\u00bb situ\u00e9 \u00e0 c\u00f4t\u00e9 de la mairie. Animation musicale avec le groupe \u00ab\u00a0La Bamboche\u00a0\u00bb et son r\u00e9pertoire de chants de marins. R\u00e9servation par ch\u00e8que (23 \u20ac) aupr\u00e8s du tr\u00e9sorier : G\u00e9rard Stagliano, 9b La Palissi\u00e8re. 17810 St Georges les C\u00f4teaux.<\/span><\/p>\n","protected":false},"excerpt":{"rendered":"<p>Deux administrateurs ont r\u00e9alis\u00e9 la derni\u00e8re mission \u00e0 Mar Lodj du 11 au 23 mars. Cette traditionnelle mission de printemps avait pour objet de recenser les besoins en fournitures pour la rentr\u00e9e d&rsquo;octobre. La visite des diff\u00e9rentes \u00e9coles et de leurs enseignants a permis de faire une estimation du nombre d&rsquo;\u00e9l\u00e8ves qui se monte \u00e0 [&hellip;]<\/p>\n","protected":false},"author":2,"featured_media":0,"comment_status":"open","ping_status":"open","sticky":false,"template":"","format":"standard","meta":{"jetpack_post_was_ever_published":false,"_jetpack_newsletter_access":"","_jetpack_dont_email_post_to_subs":true,"_jetpack_newsletter_tier_id":0,"_jetpack_memberships_contains_paywalled_content":false,"_jetpack_memberships_contains_paid_content":false,"footnotes":""},"categories":[1],"tags":[],"class_list":["post-1955","post","type-post","status-publish","format-standard","hentry","category-non-classe"],"jetpack_featured_media_url":"","jetpack_sharing_enabled":true,"jetpack_shortlink":"https:\/\/wp.me\/p5o8j7-vx","_links":{"self":[{"href":"http:\/\/www.unenfantuncartable17.fr\/index.php?rest_route=\/wp\/v2\/posts\/1955","targetHints":{"allow":["GET"]}}],"collection":[{"href":"http:\/\/www.unenfantuncartable17.fr\/index.php?rest_route=\/wp\/v2\/posts"}],"about":[{"href":"http:\/\/www.unenfantuncartable17.fr\/index.php?rest_route=\/wp\/v2\/types\/post"}],"author":[{"embeddable":true,"href":"http:\/\/www.unenfantuncartable17.fr\/index.php?rest_route=\/wp\/v2\/users\/2"}],"replies":[{"embeddable":true,"href":"http:\/\/www.unenfantuncartable17.fr\/index.php?rest_route=%2Fwp%2Fv2%2Fcomments&post=1955"}],"version-history":[{"count":18,"href":"http:\/\/www.unenfantuncartable17.fr\/index.php?rest_route=\/wp\/v2\/posts\/1955\/revisions"}],"predecessor-version":[{"id":1973,"href":"http:\/\/www.unenfantuncartable17.fr\/index.php?rest_route=\/wp\/v2\/posts\/1955\/revisions\/1973"}],"wp:attachment":[{"href":"http:\/\/www.unenfantuncartable17.fr\/index.php?rest_route=%2Fwp%2Fv2%2Fmedia&parent=1955"}],"wp:term":[{"taxonomy":"category","embeddable":true,"href":"http:\/\/www.unenfantuncartable17.fr\/index.php?rest_route=%2Fwp%2Fv2%2Fcategories&post=1955"},{"taxonomy":"post_tag","embeddable":true,"href":"http:\/\/www.unenfantuncartable17.fr\/index.php?rest_route=%2Fwp%2Fv2%2Ftags&post=1955"}],"curies":[{"name":"wp","href":"https:\/\/api.w.org\/{rel}","templated":true}]}}