{"id":1911,"date":"2019-02-27T10:37:24","date_gmt":"2019-02-27T09:37:24","guid":{"rendered":"http:\/\/www.unenfantuncartable17.fr\/?p=1911"},"modified":"2019-04-11T14:06:17","modified_gmt":"2019-04-11T13:06:17","slug":"assemblee-generale-le-13-avril","status":"publish","type":"post","link":"http:\/\/www.unenfantuncartable17.fr\/?p=1911","title":{"rendered":"Assembl\u00e9e g\u00e9n\u00e9rale le 13 avril"},"content":{"rendered":"<p><span style=\"font-family: 'arial black', sans-serif; font-size: 12pt; color: #993300;\"><strong>Chers ami(e)s, chers adh\u00e9rent(e)s,<\/strong><\/span><\/p>\n<p><span style=\"font-family: 'arial black', sans-serif; font-size: 12pt; color: #808000;\">Vous \u00eates invit\u00e9s \u00e0 participer \u00e0\u00a0<strong>l\u2019assembl\u00e9e g\u00e9n\u00e9rale<u> <\/u><\/strong>de :<\/span><\/p>\n<p><span style=\"font-family: 'arial black', sans-serif; font-size: 12pt; color: #993300;\"><strong>\u00abUn Enfant, Un Cartable\u00bb Association Jean-Louis Baroin,<\/strong><\/span><\/p>\n<p><span style=\"font-family: 'arial black', sans-serif; font-size: 12pt; color: #808000;\"><strong>Samedi 13 avril \u00e0 17 heures <span style=\"color: #993300;\">(r\u00e9gularisation des cotisations \u00e0 16 heures 30)<\/span><\/strong><\/span><\/p>\n<p><span style=\"text-decoration: underline; font-size: 12pt;\"><span style=\"font-family: 'arial black', sans-serif; color: #808000; text-decoration: underline;\"><strong>Salle des f\u00eates de la mairie \u00e0 Lagord (1, rue de la M\u00e9tairie, \u00e0 c\u00f4t\u00e9 de la mairie)<\/strong><\/span><\/span><\/p>\n<p><span style=\"font-family: 'arial black', sans-serif; font-size: 12pt; color: #993300;\"><strong>Ordre du Jour :<\/strong><\/span><\/p>\n<p><span style=\"text-decoration: underline;\"><span style=\"font-family: 'arial black', sans-serif; color: #808000; text-decoration: underline;\">Pr\u00e9sentation du film r\u00e9alis\u00e9 pour les 10 ans de l&rsquo;association.<\/span><\/span><\/p>\n<ul>\n<li><span style=\"font-family: 'arial black', sans-serif; font-size: 12pt; color: #993300;\">Rapport moral et d\u2019activit\u00e9s.<\/span><\/li>\n<li><span style=\"font-family: 'arial black', sans-serif; font-size: 12pt; color: #993300;\">Rapport financier et quitus.<\/span><\/li>\n<li><span style=\"font-family: 'arial black', sans-serif; font-size: 12pt; color: #993300;\">Elections au Conseil d\u2019Administration.<\/span><\/li>\n<li><span style=\"font-family: 'arial black', sans-serif; font-size: 12pt; color: #993300;\">Questions diverses.<\/span><\/li>\n<\/ul>\n<p><span style=\"font-family: 'arial black', sans-serif;\"><strong><span style=\"color: #993300;\">Afin de pr\u00e9parer \u00a0cette assembl\u00e9e g\u00e9n\u00e9rale \u00a0voici les rapports<\/span> <span style=\"color: #808000;\">(en pi\u00e8ces jointes)<\/span><span style=\"color: #993300;\">\u00a0soumis au vote.<\/span><\/strong><\/span><\/p>\n<ul>\n<li><span style=\"font-family: 'arial black', sans-serif; font-size: 12pt; color: #808000;\"><strong>Rapport d\u2019activit\u00e9 2018\u00a0<span style=\"color: #993300;\"><a style=\"color: #993300;\" href=\"http:\/\/www.unenfantuncartable17.fr\/wp-content\/uploads\/2019\/02\/AG-10-ans-2019.docx\">AG 10 ans 2019<\/a><\/span>\u00a0<\/strong><\/span><\/li>\n<li><span style=\"font-family: 'arial black', sans-serif; font-size: 12pt; color: #808000;\"><strong>Compte d\u2019exploitation 2018\u00a0<span style=\"color: #993300;\"><a style=\"color: #993300;\" href=\"http:\/\/www.unenfantuncartable17.fr\/wp-content\/uploads\/2019\/02\/AG-2019-1.pptx\">AG 2019<\/a><\/span><\/strong><\/span><\/li>\n<li><\/li>\n<li><span style=\"text-decoration: underline; color: #808000;\"><span style=\"font-family: 'arial black', sans-serif;\">Ces rapports sont \u00e0 \u00e9diter par vos soins. Ils ne seront pas fournis lors de l&rsquo;AG.<\/span><\/span><\/li>\n<\/ul>\n<p><span style=\"font-family: 'arial black', sans-serif; color: #993300;\"><strong><span style=\"color: #993300;\">*<\/span> N\u2019oubliez pas de vous inscrire au repas qui suivra au restaurant \u00ab\u00a0Les Gourmets\u00a0\u00bb. Le groupe de musiciens \u00ab\u00a0La Bamboche\u00a0\u00bb accompagnera le repas, de chants de marins. <span style=\"color: #808000;\">Votre ch\u00e8que (23 \u20ac) est \u00e0 envoyer au tr\u00e9sorier :<\/span><\/strong><\/span><\/p>\n<p><span style=\"font-family: 'arial black', sans-serif; color: #993300;\"><strong>G\u00e9rard Stagliano, 9 b La Palissi\u00e8re. 17810 St Georges les Coteaux.<\/strong><\/span><\/p>\n<p><span style=\"font-family: 'arial black', sans-serif;\"><span style=\"color: #993300;\">Nous comptons sur votre pr\u00e9sence <span style=\"text-decoration: underline;\"><span style=\"color: #808000; text-decoration: underline;\">ou sur votre pouvoir (ci-dessous<\/span><\/span><\/span><span style=\"text-decoration: underline;\"><span style=\"color: #808000; text-decoration: underline;\">)<\/span><\/span><\/span><\/p>\n<p><span style=\"font-family: 'arial black', sans-serif; color: #993300;\">Pour le conseil d&rsquo;administration, le pr\u00e9sident<\/span><\/p>\n<p><span style=\"font-family: 'arial black', sans-serif; color: #993300;\">Jean-Claude Brossard<\/span><\/p>\n<p><span style=\"text-decoration: underline;\"><span style=\"font-size: 14pt; color: #808000; text-decoration: underline;\"><strong><span style=\"font-family: 'arial black', sans-serif;\">*Bon pour pouvoir\u00a0<\/span><\/strong><\/span><span style=\"font-family: 'arial black', sans-serif; color: #808000; font-size: 14pt; text-decoration: underline;\">\u00e0 adresser :\u00a0<\/span><\/span><\/p>\n<p><span style=\"font-family: 'arial black', sans-serif; color: #993300;\"><strong>G\u00e9rard Stagliano. 9 b, La Palissi\u00e8re. 17810 St Georges les Coteaux.<\/strong><\/span><\/p>\n<p><span style=\"color: #808000; font-family: 'arial black', sans-serif;\">ou<\/span><\/p>\n<p><span style=\"font-family: 'arial black', sans-serif; color: #993300;\">Jean-Claude Brossard, 12 rue de la Cabane des P\u00e8res. 17340 Ch\u00e2telaillon-Plag<\/span>e.<\/p>\n<p><span style=\"font-family: 'arial black', sans-serif; color: #993300;\">Madame, Monsieur\u00a0\u2026\u2026\u2026\u2026\u2026\u2026\u2026\u2026\u2026\u2026\u2026\u2026\u2026\u2026\u2026\u2026\u2026\u2026\u2026\u2026\u2026\u2026\u2026\u2026\u2026\u2026\u2026\u2026\u2026\u2026\u2026\u2026\u2026\u2026\u2026\u2026\u2026\u2026\u2026\u2026<\/span><\/p>\n<p><span style=\"font-family: 'arial black', sans-serif; color: #993300;\">Adresse\u2026\u2026\u2026\u2026\u2026\u2026\u2026\u2026\u2026\u2026\u2026\u2026\u2026\u2026\u2026\u2026\u2026\u2026\u2026\u2026\u2026\u2026\u2026\u2026\u2026\u2026\u2026\u2026\u2026\u2026\u2026\u2026\u2026\u2026\u2026\u2026\u2026\u2026\u2026\u2026\u2026<\/span><\/p>\n<p><span style=\"font-family: 'arial black', sans-serif; color: #993300;\">Donne pouvoir \u00e0<\/span><\/p>\n<p><span style=\"font-family: 'arial black', sans-serif; color: #993300;\">\u2026\u2026\u2026\u2026\u2026\u2026\u2026\u2026\u2026\u2026\u2026\u2026\u2026\u2026\u2026\u2026\u2026\u2026\u2026\u2026\u2026\u2026\u2026\u2026\u2026\u2026\u2026\u2026\u2026\u2026\u2026\u2026\u2026..\u2026\u2026\u2026\u2026\u2026\u2026\u2026\u2026\u2026\u2026\u2026\u2026\u2026\u2026\u2026\u2026\u2026\u2026\u2026\u2026\u2026\u2026\u2026\u2026\u2026\u2026\u2026\u2026\u2026\u2026\u2026\u2026\u2026\u2026<\/span><\/p>\n<p><span style=\"font-family: 'arial black', sans-serif; color: #993300;\">Pour \u00eatre repr\u00e9sent\u00e9(e) le \u00a013 avril 2019 \u00e0 l\u2019assembl\u00e9e g\u00e9n\u00e9rale.<\/span><\/p>\n<p><span style=\"font-family: 'arial black', sans-serif; color: #993300;\">Date<\/span><\/p>\n<p><span style=\"font-family: 'arial black', sans-serif; color: #993300;\">Signature<\/span><\/p>\n<p>&nbsp;<\/p>\n","protected":false},"excerpt":{"rendered":"<p>Chers ami(e)s, chers adh\u00e9rent(e)s, Vous \u00eates invit\u00e9s \u00e0 participer \u00e0\u00a0l\u2019assembl\u00e9e g\u00e9n\u00e9rale de : \u00abUn Enfant, Un Cartable\u00bb Association Jean-Louis Baroin, Samedi 13 avril \u00e0 17 heures (r\u00e9gularisation des cotisations \u00e0 16 heures 30) Salle des f\u00eates de la mairie \u00e0 Lagord (1, rue de la M\u00e9tairie, \u00e0 c\u00f4t\u00e9 de la mairie) Ordre du Jour : [&hellip;]<\/p>\n","protected":false},"author":2,"featured_media":0,"comment_status":"open","ping_status":"open","sticky":false,"template":"","format":"standard","meta":{"jetpack_post_was_ever_published":false,"_jetpack_newsletter_access":"","_jetpack_dont_email_post_to_subs":true,"_jetpack_newsletter_tier_id":0,"_jetpack_memberships_contains_paywalled_content":false,"_jetpack_memberships_contains_paid_content":false,"footnotes":""},"categories":[1],"tags":[],"class_list":["post-1911","post","type-post","status-publish","format-standard","hentry","category-non-classe"],"jetpack_featured_media_url":"","jetpack_sharing_enabled":true,"jetpack_shortlink":"https:\/\/wp.me\/p5o8j7-uP","_links":{"self":[{"href":"http:\/\/www.unenfantuncartable17.fr\/index.php?rest_route=\/wp\/v2\/posts\/1911","targetHints":{"allow":["GET"]}}],"collection":[{"href":"http:\/\/www.unenfantuncartable17.fr\/index.php?rest_route=\/wp\/v2\/posts"}],"about":[{"href":"http:\/\/www.unenfantuncartable17.fr\/index.php?rest_route=\/wp\/v2\/types\/post"}],"author":[{"embeddable":true,"href":"http:\/\/www.unenfantuncartable17.fr\/index.php?rest_route=\/wp\/v2\/users\/2"}],"replies":[{"embeddable":true,"href":"http:\/\/www.unenfantuncartable17.fr\/index.php?rest_route=%2Fwp%2Fv2%2Fcomments&post=1911"}],"version-history":[{"count":23,"href":"http:\/\/www.unenfantuncartable17.fr\/index.php?rest_route=\/wp\/v2\/posts\/1911\/revisions"}],"predecessor-version":[{"id":1977,"href":"http:\/\/www.unenfantuncartable17.fr\/index.php?rest_route=\/wp\/v2\/posts\/1911\/revisions\/1977"}],"wp:attachment":[{"href":"http:\/\/www.unenfantuncartable17.fr\/index.php?rest_route=%2Fwp%2Fv2%2Fmedia&parent=1911"}],"wp:term":[{"taxonomy":"category","embeddable":true,"href":"http:\/\/www.unenfantuncartable17.fr\/index.php?rest_route=%2Fwp%2Fv2%2Fcategories&post=1911"},{"taxonomy":"post_tag","embeddable":true,"href":"http:\/\/www.unenfantuncartable17.fr\/index.php?rest_route=%2Fwp%2Fv2%2Ftags&post=1911"}],"curies":[{"name":"wp","href":"https:\/\/api.w.org\/{rel}","templated":true}]}}