{"id":19,"date":"2013-12-19T09:18:00","date_gmt":"2013-12-19T09:18:00","guid":{"rendered":"http:\/\/www.unenfantuncartable17.fr\/?p=19"},"modified":"2015-01-28T17:04:24","modified_gmt":"2015-01-28T16:04:24","slug":"bonne-annee","status":"publish","type":"post","link":"http:\/\/www.unenfantuncartable17.fr\/?p=19","title":{"rendered":"Bonne ann\u00e9e 2014 !"},"content":{"rendered":"<div class=\"ob-section ob-section-html\">\n<p style=\"margin: 0cm 0cm 0pt; text-align: left;\"><img loading=\"lazy\" decoding=\"async\" class=\"noAlign\" src=\"http:\/\/img.over-blog.com\/300x225\/3\/86\/53\/13\/chroniques-2011-108.JPG\" alt=\"chroniques 2011 108\" width=\"300\" height=\"225\" \/>\u00a0<\/p>\n<p style=\"margin: 0cm 0cm 0pt; text-align: justify;\">\u00a0<\/p>\n<p style=\"margin: 0cm 0cm 0pt; text-align: justify;\"><span style=\"font-family: arial, helvetica, sans-serif; font-size: 14pt; color: #993300;\"><strong><span style=\"mso-bidi-font-family: Arial;\">M<\/span><\/strong><strong><span style=\"mso-bidi-font-family: Arial;\">adame, Monsieur, Chers Amis,<\/span><\/strong>\u00a0\u00a0<\/span><\/p>\n<p style=\"margin: 0cm 0cm 0pt; text-align: justify;\">\u00a0<\/p>\n<p style=\"margin: 0cm 0cm 0pt; text-align: justify;\"><span style=\"color: #808000; font-family: arial, helvetica, sans-serif; font-size: 14pt;\"><strong style=\"mso-bidi-font-weight: normal;\">Le conseil d\u2019administration tient \u00e0 vous pr\u00e9senter ses v\u0153ux de bonheur<\/strong> \u00a0<strong style=\"mso-bidi-font-weight: normal;\">et de r\u00e9ussite pour 2014.<\/strong>\u00a0\u00a0<\/span><\/p>\n<p style=\"text-align: justify;\"><span style=\"font-family: arial, helvetica, sans-serif; color: #808000; font-size: 14pt;\"><strong style=\"mso-bidi-font-weight: normal;\">Une association comme la n\u00f4tre ne vit que gr\u00e2ce \u00e0 l\u2019engagement de<\/strong><\/span><\/p>\n<p style=\"margin: 6pt -18.55pt 0pt 0cm;\"><span style=\"font-family: arial, helvetica, sans-serif; color: #808000; font-size: 14pt;\"><strong style=\"mso-bidi-font-weight: normal;\">chacun, sans subventions publiques pour garder sa totale ind\u00e9pendance.<\/strong><\/span><\/p>\n<p style=\"margin: 6pt -18.55pt 0pt 0cm;\"><span style=\"font-family: arial, helvetica, sans-serif; color: #808000; font-size: 14pt;\"><strong style=\"mso-bidi-font-weight: normal;\">Vous \u00eates sa force essentielle.<\/strong><\/span><\/p>\n<p style=\"margin: 6pt -18.55pt 0pt 0cm;\"><span style=\"color: #808000; font-family: arial, helvetica, sans-serif; font-size: 14pt;\"><strong style=\"mso-bidi-font-weight: normal;\">Gr\u00e2ce aux 8 centimes par jour, que vous engagez depuis 6 ans, l\u2019\u0153uvre<\/strong>\u00a0\u00a0 <strong style=\"mso-bidi-font-weight: normal;\">entreprise est cons\u00e9quente.<\/strong> \u00a0<\/span><\/p>\n<p style=\"margin: 6pt -18.55pt 0pt 0cm;\">\u00a0\u00a0\u00a0\u00a0\u00a0\u00a0\u00a0 <span style=\"color: #ff6600; font-family: arial black,avant garde; font-size: 12pt;\"><strong style=\"mso-bidi-font-weight: normal;\"><br \/><span style=\"color: #993300; font-size: 14pt; font-family: arial, helvetica, sans-serif;\">Notre association tiendra son assembl\u00e9e g\u00e9n\u00e9rale le 11 avril prochain<\/span><\/strong><\/span><\/p>\n<p style=\"margin: 6pt -18.55pt 0pt 0cm;\"><span style=\"color: #808000; font-family: arial, helvetica, sans-serif; font-size: 14pt;\"><strong style=\"mso-bidi-font-weight: normal;\">\u00e0 la maison de quartier de Port Neuf pour faire le point sur cette ann\u00e9e<\/strong><\/span><\/p>\n<p style=\"margin: 6pt -18.55pt 0pt 0cm;\"><span style=\"color: #808000; font-family: arial, helvetica, sans-serif; font-size: 14pt;\"><strong style=\"mso-bidi-font-weight: normal;\">de fonctionnement. Mais d\u00e8s lors, je souhaite \u00e9voquer avec vous<\/strong><\/span><\/p>\n<p style=\"margin: 6pt -18.55pt 0pt 0cm;\"><span style=\"color: #808000; font-family: arial, helvetica, sans-serif; font-size: 14pt;\"><strong style=\"mso-bidi-font-weight: normal;\">les<\/strong> <strong style=\"mso-bidi-font-weight: normal;\">principales actions men\u00e9es en 2013.<\/strong> \u00a0<\/span><\/p>\n<p style=\"margin-right: -18.55pt;\"><span style=\"color: #ff6600; font-family: arial black,avant garde; font-size: 12pt;\"><strong style=\"mso-bidi-font-weight: normal;\">\u00a0<\/strong><\/span>\u00a0<span style=\"font-size: 14pt;\"><strong><span style=\"font-family: arial, helvetica, sans-serif;\"><span style=\"color: #993300;\">\u00a0&#8211; Nous sommes\u00a0\u00a0<\/span><span style=\"color: #99cc00;\"><span style=\"color: #993300;\">207 adh\u00e9rents\u00a0<\/span>\u00a0<\/span> <span style=\"color: #808000;\">(17 de plus que l\u2019an pass\u00e9)\u00a0Ce chiffre permet de mener les actions voulues par l\u2019assembl\u00e9e g\u00e9n\u00e9rale.\u00a0\u00a0<\/span><\/span><\/strong><\/span><\/p>\n<p style=\"margin-right: -18.55pt;\"><span style=\"font-size: 14pt;\"><strong><span style=\"font-family: arial, helvetica, sans-serif;\"><span style=\"color: #ff6600;\"><span style=\"color: #99cc00;\"><span style=\"color: #808000;\">&#8211; En novembre dernier<\/span> <span style=\"color: #993300;\">510 enfants, soit, 160 de plus que l\u2019an pass\u00e9,<\/span><\/span><\/span><span style=\"color: #993300;\">\u00a0<\/span><span style=\"color: #ff6600;\"><span style=\"color: #99cc00;\"><span style=\"color: #808000;\">ont b\u00e9n\u00e9fici\u00e9 de l&rsquo;achat de fournitures scolaires et de livres.<\/span><\/span><\/span><span style=\"color: #808000;\">\u00a0\u00a0<\/span><\/span><\/strong><\/span><\/p>\n<p style=\"margin-right: -18.55pt;\"><span style=\"font-size: 14pt;\"><strong><span style=\"color: #99cc00; font-family: arial, helvetica, sans-serif;\"><span style=\"color: #993300;\">&#8211; Le troisi\u00e8me bloc sanitaire<\/span> <span style=\"color: #808000;\">de l\u2019\u00e9cole de Marsoulou a \u00e9t\u00e9 b\u00e2ti.<\/span><\/span><\/strong><\/span><\/p>\n<p style=\"margin-right: -18.55pt;\"><span style=\"font-size: 14pt;\"><strong><span style=\"font-family: arial, helvetica, sans-serif;\"><span style=\"color: #99cc00;\">&#8211;<span style=\"color: #808000;\"> La convention de partenariat conclue avec les directeurs d\u2019\u00e9cole<\/span><\/span><span style=\"color: #808000;\"> de Wandi\u00e9, Mar Soulou et Mar Lothi\u00e9 a \u00e9t\u00e9 \u00e9tendue \u00e0 Mar Fafako,<\/span> <span style=\"color: #993300;\">4<sup>\u00e8me<\/sup> et dernier village de l\u2019\u00eele.<\/span><\/span><\/strong><\/span><\/p>\n<p style=\"margin-right: -18.55pt;\"><span style=\"font-size: 14pt;\"><strong><span style=\"font-family: arial, helvetica, sans-serif;\"><span style=\"color: #99cc00;\"><span style=\"color: #993300;\">&#8211; La graphiste Agn\u00e8s Bernard et l\u2019\u00e9diteur Jean-Denis Peyrat<\/span><span style=\"color: #808000;\"> ont, <\/span><\/span><span style=\"color: #808000;\">cette ann\u00e9e encore, pris en charge la<span style=\"mso-spacerun: yes;\">\u00a0<\/span> r\u00e9alisation du calendrier dont la vente permet un autofinancement cons\u00e9quent.<\/span><\/span><\/strong><\/span><\/p>\n<p style=\"margin-right: -18.55pt;\"><span style=\"font-size: 14pt;\"><strong><span style=\"font-family: arial, helvetica, sans-serif;\"><span style=\"color: #ff6600;\"><span style=\"color: #99cc00;\"><span style=\"color: #808000;\">&#8211; Le conseil d\u2019administration a une pens\u00e9e particuli\u00e8re<\/span> <span style=\"color: #993300;\">et <\/span><\/span><span style=\"color: #993300;\">tient <\/span><\/span><span style=\"color: #993300;\">\u00e0 remercier sinc\u00e8rement ceux qui nous accompagnent depuis 6 ans.<\/span><\/span><\/strong><\/span><\/p>\n<p style=\"margin-right: -18.55pt;\"><span style=\"font-size: 14pt; color: #993300;\"><strong><span style=\"font-family: arial, helvetica, sans-serif;\"><span style=\"text-decoration: underline;\">Nous tenons \u00e0 leur exprimer notre gratitude.<\/span><\/span><\/strong><\/span><\/p>\n<p style=\"margin-right: -18.55pt;\"><span style=\"font-size: 14pt; color: #808000;\"><strong><span style=\"font-family: arial, helvetica, sans-serif;\">&#8211; Le travail r\u00e9alis\u00e9 ensemble laissera des traces et chacun peut \u00eatre \u00a0 l\u00e9gitimement fier des engagements tenus.\u00a0\u00a0<\/span><\/strong><\/span><\/p>\n<p style=\"margin-right: -18.55pt;\"><span style=\"font-size: 14pt;\"><strong><span style=\"font-family: arial, helvetica, sans-serif;\"><span style=\"color: #ff6600;\"><span style=\"color: #808000;\">&#8211; Mais, <\/span><span style=\"color: #993300;\">nous avons besoin des forces de tous car le travail n\u2019est pas<\/span><\/span><span style=\"color: #993300;\">\u00a0\u00a0achev\u00e9.<\/span> <span style=\"color: #808000;\">Le conseil d\u2019administration souhaite que l\u2019engagement \u00a0et la pr\u00e9sence de tous nous accompagnent encore. \u00a0 \u00a0<\/span><\/span><\/strong><\/span><\/p>\n<p style=\"text-align: justify; margin-left: 21.3pt;\">\u00a0<\/p>\n<p style=\"text-align: justify; margin-left: 21.3pt;\"><img loading=\"lazy\" decoding=\"async\" class=\"noAlign\" src=\"http:\/\/www.unenfantuncartable17.fr\/wp-content\/uploads\/2013\/12\/Assist-2.jpg\" alt=\"Assist-2\" width=\"300\" height=\"225\" \/><\/p>\n<p style=\"text-align: justify; margin-left: 21.3pt;\"><span style=\"font-size: 14pt; font-family: arial, helvetica, sans-serif; color: #993300;\"><strong style=\"mso-bidi-font-weight: normal;\">En attendant le plaisir de se retrouver pour l&rsquo;assembl\u00e9e g\u00e9n\u00e9rale,<\/strong> <strong style=\"mso-bidi-font-weight: normal;\">le conseil d\u2019administration et moi-m\u00eame, vous renouvelons<\/strong> <strong style=\"mso-bidi-font-weight: normal;\">nos souhaits pour 2014.<\/strong>\u00a0\u00a0\u00a0\u00a0<\/span><\/p>\n<p style=\"text-align: justify; margin-left: 21.3pt;\"><span style=\"color: #993300; font-family: arial, helvetica, sans-serif; font-size: 14pt;\"><strong style=\"mso-bidi-font-weight: normal;\">Tr\u00e8s cordialement<\/strong><\/span><\/p>\n<p style=\"tab-stops: 21.3pt;\"><span style=\"color: #993300; font-family: arial, helvetica, sans-serif; font-size: 14pt;\"><strong style=\"mso-bidi-font-weight: normal;\"><span style=\"mso-spacerun: yes;\">\u00a0\u00a0\u00a0<\/span>\u00a0\u00a0 Le Pr\u00e9sident<\/strong><\/span><\/p>\n<p style=\"margin: 0cm 0cm 0pt;\"><span style=\"font-size: 14pt; font-family: arial, helvetica, sans-serif; color: #993300;\"><strong style=\"mso-bidi-font-weight: normal;\"><span style=\"mso-bidi-font-family: Arial;\">\u00a0\u00a0\u00a0\u00a0 <\/span><\/strong><strong style=\"mso-bidi-font-weight: normal;\"><span style=\"mso-bidi-font-family: Arial;\">Jean-Claude Brossard<span style=\"mso-spacerun: yes;\">\u00a0\u00a0<\/span><\/span><\/strong><\/span><span style=\"color: #ff6600; font-family: arial, helvetica, sans-serif; font-size: 14pt;\"><strong style=\"mso-bidi-font-weight: normal;\">\u00a0<\/strong><\/span><\/p>\n<\/div>\n","protected":false},"excerpt":{"rendered":"<p>\u00a0 \u00a0 Madame, Monsieur, Chers Amis,\u00a0\u00a0 \u00a0 Le conseil d\u2019administration tient \u00e0 vous pr\u00e9senter ses v\u0153ux de bonheur \u00a0et de r\u00e9ussite pour 2014.\u00a0\u00a0 Une association comme la n\u00f4tre ne vit que gr\u00e2ce \u00e0 l\u2019engagement de chacun, sans subventions publiques pour garder sa totale ind\u00e9pendance. Vous \u00eates sa force essentielle. Gr\u00e2ce aux 8 centimes par jour, [&hellip;]<\/p>\n","protected":false},"author":2,"featured_media":0,"comment_status":"open","ping_status":"open","sticky":false,"template":"","format":"standard","meta":{"jetpack_post_was_ever_published":false,"_jetpack_newsletter_access":"","_jetpack_dont_email_post_to_subs":false,"_jetpack_newsletter_tier_id":0,"_jetpack_memberships_contains_paywalled_content":false,"_jetpack_memberships_contains_paid_content":false,"footnotes":""},"categories":[1],"tags":[],"class_list":["post-19","post","type-post","status-publish","format-standard","hentry","category-non-classe"],"jetpack_featured_media_url":"","jetpack_sharing_enabled":true,"jetpack_shortlink":"https:\/\/wp.me\/p5o8j7-j","_links":{"self":[{"href":"http:\/\/www.unenfantuncartable17.fr\/index.php?rest_route=\/wp\/v2\/posts\/19","targetHints":{"allow":["GET"]}}],"collection":[{"href":"http:\/\/www.unenfantuncartable17.fr\/index.php?rest_route=\/wp\/v2\/posts"}],"about":[{"href":"http:\/\/www.unenfantuncartable17.fr\/index.php?rest_route=\/wp\/v2\/types\/post"}],"author":[{"embeddable":true,"href":"http:\/\/www.unenfantuncartable17.fr\/index.php?rest_route=\/wp\/v2\/users\/2"}],"replies":[{"embeddable":true,"href":"http:\/\/www.unenfantuncartable17.fr\/index.php?rest_route=%2Fwp%2Fv2%2Fcomments&post=19"}],"version-history":[{"count":5,"href":"http:\/\/www.unenfantuncartable17.fr\/index.php?rest_route=\/wp\/v2\/posts\/19\/revisions"}],"predecessor-version":[{"id":698,"href":"http:\/\/www.unenfantuncartable17.fr\/index.php?rest_route=\/wp\/v2\/posts\/19\/revisions\/698"}],"wp:attachment":[{"href":"http:\/\/www.unenfantuncartable17.fr\/index.php?rest_route=%2Fwp%2Fv2%2Fmedia&parent=19"}],"wp:term":[{"taxonomy":"category","embeddable":true,"href":"http:\/\/www.unenfantuncartable17.fr\/index.php?rest_route=%2Fwp%2Fv2%2Fcategories&post=19"},{"taxonomy":"post_tag","embeddable":true,"href":"http:\/\/www.unenfantuncartable17.fr\/index.php?rest_route=%2Fwp%2Fv2%2Ftags&post=19"}],"curies":[{"name":"wp","href":"https:\/\/api.w.org\/{rel}","templated":true}]}}