{"id":1850,"date":"2018-11-06T16:07:35","date_gmt":"2018-11-06T15:07:35","guid":{"rendered":"http:\/\/www.unenfantuncartable17.fr\/?p=1850"},"modified":"2018-11-06T16:07:35","modified_gmt":"2018-11-06T15:07:35","slug":"les-photos-doctobre-2018","status":"publish","type":"post","link":"http:\/\/www.unenfantuncartable17.fr\/?p=1850","title":{"rendered":"Les photos d&rsquo;octobre 2018"},"content":{"rendered":"<p><span style=\"color: #993300; font-size: 18pt;\"><strong><span style=\"font-family: arial, helvetica, sans-serif;\">Voici plusieurs reportages r\u00e9alis\u00e9s par Claude au cours de la derni\u00e8re mission. Le <span style=\"text-decoration: underline;\"><span style=\"color: #808000; text-decoration: underline;\">premier<\/span> <\/span>rappelle notre visite et les livraisons des fournitures dans les \u00e9coles de l&rsquo;\u00eele. <span style=\"text-decoration: underline;\"><span style=\"color: #808000; text-decoration: underline;\">Le deuxi\u00e8me<\/span><\/span> pr\u00e9sente les ressources agricoles et la p\u00eache, deux activit\u00e9s essentielles des habitants. <span style=\"text-decoration: underline; color: #808000;\">Le troisi\u00e8me<\/span> \u00e9voque les transports, sur le fleuve.<\/span><\/strong><\/span><\/p>\n<p style=\"text-align: left;\"><span style=\"text-decoration: underline; font-size: 14pt;\"><span style=\"font-family: 'arial black', sans-serif; color: #808000; text-decoration: underline;\">Les \u00e9coles :<\/span><\/span><\/p>\n<p><div id=\"attachment_1827\" style=\"width: 310px\" class=\"wp-caption alignleft\"><a href=\"http:\/\/www.unenfantuncartable17.fr\/wp-content\/uploads\/2018\/11\/DSC_0227.jpg\"><img loading=\"lazy\" decoding=\"async\" aria-describedby=\"caption-attachment-1827\" class=\"size-medium wp-image-1827\" src=\"http:\/\/www.unenfantuncartable17.fr\/wp-content\/uploads\/2018\/11\/DSC_0227-300x199.jpg\" alt=\"\" width=\"300\" height=\"199\" srcset=\"http:\/\/www.unenfantuncartable17.fr\/wp-content\/uploads\/2018\/11\/DSC_0227-300x199.jpg 300w, http:\/\/www.unenfantuncartable17.fr\/wp-content\/uploads\/2018\/11\/DSC_0227-768x509.jpg 768w, http:\/\/www.unenfantuncartable17.fr\/wp-content\/uploads\/2018\/11\/DSC_0227.jpg 1024w\" sizes=\"auto, (max-width: 300px) 100vw, 300px\" \/><\/a><p id=\"caption-attachment-1827\" class=\"wp-caption-text\"><span style=\"font-family: 'arial black', sans-serif; color: #993300;\">A Wandi\u00e9 devant l&rsquo;\u00e9cole<\/span><\/p><\/div> <div id=\"attachment_1826\" style=\"width: 310px\" class=\"wp-caption alignright\"><a href=\"http:\/\/www.unenfantuncartable17.fr\/wp-content\/uploads\/2018\/11\/MFFKO.jpg\"><img loading=\"lazy\" decoding=\"async\" aria-describedby=\"caption-attachment-1826\" class=\"size-medium wp-image-1826\" src=\"http:\/\/www.unenfantuncartable17.fr\/wp-content\/uploads\/2018\/11\/MFFKO-300x199.jpg\" alt=\"\" width=\"300\" height=\"199\" srcset=\"http:\/\/www.unenfantuncartable17.fr\/wp-content\/uploads\/2018\/11\/MFFKO-300x199.jpg 300w, http:\/\/www.unenfantuncartable17.fr\/wp-content\/uploads\/2018\/11\/MFFKO-768x509.jpg 768w, http:\/\/www.unenfantuncartable17.fr\/wp-content\/uploads\/2018\/11\/MFFKO.jpg 900w\" sizes=\"auto, (max-width: 300px) 100vw, 300px\" \/><\/a><p id=\"caption-attachment-1826\" class=\"wp-caption-text\"><span style=\"font-family: 'arial black', sans-serif; color: #993300;\">Discussion \u00e0 Mar Fafaco, sous le manguier<\/span><\/p><\/div> <div id=\"attachment_1828\" style=\"width: 310px\" class=\"wp-caption alignleft\"><a href=\"http:\/\/www.unenfantuncartable17.fr\/wp-content\/uploads\/2018\/11\/DSC_0233.jpg\"><img loading=\"lazy\" decoding=\"async\" aria-describedby=\"caption-attachment-1828\" class=\"size-medium wp-image-1828\" src=\"http:\/\/www.unenfantuncartable17.fr\/wp-content\/uploads\/2018\/11\/DSC_0233-300x168.jpg\" alt=\"\" width=\"300\" height=\"168\" srcset=\"http:\/\/www.unenfantuncartable17.fr\/wp-content\/uploads\/2018\/11\/DSC_0233-300x168.jpg 300w, http:\/\/www.unenfantuncartable17.fr\/wp-content\/uploads\/2018\/11\/DSC_0233-768x431.jpg 768w, http:\/\/www.unenfantuncartable17.fr\/wp-content\/uploads\/2018\/11\/DSC_0233.jpg 1024w\" sizes=\"auto, (max-width: 300px) 100vw, 300px\" \/><\/a><p id=\"caption-attachment-1828\" class=\"wp-caption-text\"><span style=\"font-family: 'arial black', sans-serif; color: #993300;\">Des fournitures achet\u00e9es l&rsquo;an pass\u00e9<\/span><\/p><\/div> <div id=\"attachment_1829\" style=\"width: 310px\" class=\"wp-caption alignright\"><a href=\"http:\/\/www.unenfantuncartable17.fr\/wp-content\/uploads\/2018\/11\/DSC_0234.jpg\"><img loading=\"lazy\" decoding=\"async\" aria-describedby=\"caption-attachment-1829\" class=\"size-medium wp-image-1829\" src=\"http:\/\/www.unenfantuncartable17.fr\/wp-content\/uploads\/2018\/11\/DSC_0234-300x199.jpg\" alt=\"\" width=\"300\" height=\"199\" srcset=\"http:\/\/www.unenfantuncartable17.fr\/wp-content\/uploads\/2018\/11\/DSC_0234-300x199.jpg 300w, http:\/\/www.unenfantuncartable17.fr\/wp-content\/uploads\/2018\/11\/DSC_0234-768x509.jpg 768w, http:\/\/www.unenfantuncartable17.fr\/wp-content\/uploads\/2018\/11\/DSC_0234.jpg 1024w\" sizes=\"auto, (max-width: 300px) 100vw, 300px\" \/><\/a><p id=\"caption-attachment-1829\" class=\"wp-caption-text\"><span style=\"color: #993300; font-family: 'arial black', sans-serif;\">concentration<\/span><\/p><\/div> <div id=\"attachment_1830\" style=\"width: 310px\" class=\"wp-caption alignleft\"><a href=\"http:\/\/www.unenfantuncartable17.fr\/wp-content\/uploads\/2018\/11\/DSC_0298.jpg\"><img loading=\"lazy\" decoding=\"async\" aria-describedby=\"caption-attachment-1830\" class=\"size-medium wp-image-1830\" src=\"http:\/\/www.unenfantuncartable17.fr\/wp-content\/uploads\/2018\/11\/DSC_0298-300x184.jpg\" alt=\"\" width=\"300\" height=\"184\" srcset=\"http:\/\/www.unenfantuncartable17.fr\/wp-content\/uploads\/2018\/11\/DSC_0298-300x184.jpg 300w, http:\/\/www.unenfantuncartable17.fr\/wp-content\/uploads\/2018\/11\/DSC_0298-768x472.jpg 768w, http:\/\/www.unenfantuncartable17.fr\/wp-content\/uploads\/2018\/11\/DSC_0298.jpg 1024w\" sizes=\"auto, (max-width: 300px) 100vw, 300px\" \/><\/a><p id=\"caption-attachment-1830\" class=\"wp-caption-text\"><span style=\"font-family: 'arial black', sans-serif; color: #993300;\">CM2 \u00e0 Mar Lodj<\/span><\/p><\/div> <div id=\"attachment_1831\" style=\"width: 310px\" class=\"wp-caption alignright\"><a href=\"http:\/\/www.unenfantuncartable17.fr\/wp-content\/uploads\/2018\/11\/DSC_0312.jpg\"><img loading=\"lazy\" decoding=\"async\" aria-describedby=\"caption-attachment-1831\" class=\"size-medium wp-image-1831\" src=\"http:\/\/www.unenfantuncartable17.fr\/wp-content\/uploads\/2018\/11\/DSC_0312-300x199.jpg\" alt=\"\" width=\"300\" height=\"199\" srcset=\"http:\/\/www.unenfantuncartable17.fr\/wp-content\/uploads\/2018\/11\/DSC_0312-300x199.jpg 300w, http:\/\/www.unenfantuncartable17.fr\/wp-content\/uploads\/2018\/11\/DSC_0312-768x509.jpg 768w, http:\/\/www.unenfantuncartable17.fr\/wp-content\/uploads\/2018\/11\/DSC_0312.jpg 1024w\" sizes=\"auto, (max-width: 300px) 100vw, 300px\" \/><\/a><p id=\"caption-attachment-1831\" class=\"wp-caption-text\"><span style=\"font-family: 'arial black', sans-serif; color: #993300;\">Les instituteurs de Mar Lodj et une partie des fournitures<\/span><\/p><\/div> <div id=\"attachment_1832\" style=\"width: 310px\" class=\"wp-caption alignleft\"><a href=\"http:\/\/www.unenfantuncartable17.fr\/wp-content\/uploads\/2018\/11\/DSC_0317.jpg\"><img loading=\"lazy\" decoding=\"async\" aria-describedby=\"caption-attachment-1832\" class=\"size-medium wp-image-1832\" src=\"http:\/\/www.unenfantuncartable17.fr\/wp-content\/uploads\/2018\/11\/DSC_0317-300x216.jpg\" alt=\"\" width=\"300\" height=\"216\" srcset=\"http:\/\/www.unenfantuncartable17.fr\/wp-content\/uploads\/2018\/11\/DSC_0317-300x216.jpg 300w, http:\/\/www.unenfantuncartable17.fr\/wp-content\/uploads\/2018\/11\/DSC_0317-768x554.jpg 768w, http:\/\/www.unenfantuncartable17.fr\/wp-content\/uploads\/2018\/11\/DSC_0317.jpg 1024w\" sizes=\"auto, (max-width: 300px) 100vw, 300px\" \/><\/a><p id=\"caption-attachment-1832\" class=\"wp-caption-text\"><span style=\"font-family: 'arial black', sans-serif; color: #993300;\">Le nouveau directeur de la maternelle de Mar Lodj et Aissatou, monitrice.<\/span><\/p><\/div> <div id=\"attachment_1833\" style=\"width: 310px\" class=\"wp-caption alignright\"><a href=\"http:\/\/www.unenfantuncartable17.fr\/wp-content\/uploads\/2018\/11\/DSC_0319.jpg\"><img loading=\"lazy\" decoding=\"async\" aria-describedby=\"caption-attachment-1833\" class=\"size-medium wp-image-1833\" src=\"http:\/\/www.unenfantuncartable17.fr\/wp-content\/uploads\/2018\/11\/DSC_0319-300x222.jpg\" alt=\"\" width=\"300\" height=\"222\" srcset=\"http:\/\/www.unenfantuncartable17.fr\/wp-content\/uploads\/2018\/11\/DSC_0319-300x222.jpg 300w, http:\/\/www.unenfantuncartable17.fr\/wp-content\/uploads\/2018\/11\/DSC_0319-768x568.jpg 768w, http:\/\/www.unenfantuncartable17.fr\/wp-content\/uploads\/2018\/11\/DSC_0319.jpg 1024w\" sizes=\"auto, (max-width: 300px) 100vw, 300px\" \/><\/a><p id=\"caption-attachment-1833\" class=\"wp-caption-text\"><span style=\"font-family: 'arial black', sans-serif; color: #993300;\">Moyenne section \u00e0 Mar Lodj maternelle<\/span><\/p><\/div> <div id=\"attachment_1834\" style=\"width: 310px\" class=\"wp-caption alignleft\"><a href=\"http:\/\/www.unenfantuncartable17.fr\/wp-content\/uploads\/2018\/11\/DSC_0812.jpg\"><img loading=\"lazy\" decoding=\"async\" aria-describedby=\"caption-attachment-1834\" class=\"size-medium wp-image-1834\" src=\"http:\/\/www.unenfantuncartable17.fr\/wp-content\/uploads\/2018\/11\/DSC_0812-300x199.jpg\" alt=\"\" width=\"300\" height=\"199\" srcset=\"http:\/\/www.unenfantuncartable17.fr\/wp-content\/uploads\/2018\/11\/DSC_0812-300x199.jpg 300w, http:\/\/www.unenfantuncartable17.fr\/wp-content\/uploads\/2018\/11\/DSC_0812-768x509.jpg 768w, http:\/\/www.unenfantuncartable17.fr\/wp-content\/uploads\/2018\/11\/DSC_0812.jpg 1024w\" sizes=\"auto, (max-width: 300px) 100vw, 300px\" \/><\/a><p id=\"caption-attachment-1834\" class=\"wp-caption-text\"><span style=\"font-family: 'arial black', sans-serif; color: #993300;\">D\u00e9part de la livraison \u00e0 Mar Fafaco<\/span><\/p><\/div> <div id=\"attachment_1838\" style=\"width: 310px\" class=\"wp-caption alignright\"><a href=\"http:\/\/www.unenfantuncartable17.fr\/wp-content\/uploads\/2018\/11\/DSC_0908.jpg\"><img loading=\"lazy\" decoding=\"async\" aria-describedby=\"caption-attachment-1838\" class=\"size-medium wp-image-1838\" src=\"http:\/\/www.unenfantuncartable17.fr\/wp-content\/uploads\/2018\/11\/DSC_0908-300x190.jpg\" alt=\"\" width=\"300\" height=\"190\" srcset=\"http:\/\/www.unenfantuncartable17.fr\/wp-content\/uploads\/2018\/11\/DSC_0908-300x190.jpg 300w, http:\/\/www.unenfantuncartable17.fr\/wp-content\/uploads\/2018\/11\/DSC_0908-768x485.jpg 768w, http:\/\/www.unenfantuncartable17.fr\/wp-content\/uploads\/2018\/11\/DSC_0908.jpg 1024w\" sizes=\"auto, (max-width: 300px) 100vw, 300px\" \/><\/a><p id=\"caption-attachment-1838\" class=\"wp-caption-text\"><span style=\"color: #993300; font-family: 'arial black', sans-serif;\">En CE2 \u00e0 Marsoulou<\/span><\/p><\/div> <div id=\"attachment_1842\" style=\"width: 299px\" class=\"wp-caption alignleft\"><img loading=\"lazy\" decoding=\"async\" aria-describedby=\"caption-attachment-1842\" class=\"wp-image-1842\" src=\"http:\/\/www.unenfantuncartable17.fr\/wp-content\/uploads\/2018\/11\/DSC_0947-300x199.jpg\" alt=\"\" width=\"289\" height=\"192\" srcset=\"http:\/\/www.unenfantuncartable17.fr\/wp-content\/uploads\/2018\/11\/DSC_0947-300x199.jpg 300w, http:\/\/www.unenfantuncartable17.fr\/wp-content\/uploads\/2018\/11\/DSC_0947-768x509.jpg 768w, http:\/\/www.unenfantuncartable17.fr\/wp-content\/uploads\/2018\/11\/DSC_0947.jpg 1024w\" sizes=\"auto, (max-width: 289px) 100vw, 289px\" \/><p id=\"caption-attachment-1842\" class=\"wp-caption-text\"><span style=\"font-family: 'arial black', sans-serif; color: #993300;\">Remerciements \u00e0 Mar Lodj<\/span><\/p><\/div> <div id=\"attachment_1861\" style=\"width: 310px\" class=\"wp-caption alignright\"><a href=\"http:\/\/www.unenfantuncartable17.fr\/wp-content\/uploads\/2018\/11\/DSC_0915-1.jpg\"><img loading=\"lazy\" decoding=\"async\" aria-describedby=\"caption-attachment-1861\" class=\"wp-image-1861 size-medium\" src=\"http:\/\/www.unenfantuncartable17.fr\/wp-content\/uploads\/2018\/11\/DSC_0915-1-300x186.jpg\" alt=\"\" width=\"300\" height=\"186\" srcset=\"http:\/\/www.unenfantuncartable17.fr\/wp-content\/uploads\/2018\/11\/DSC_0915-1-300x186.jpg 300w, http:\/\/www.unenfantuncartable17.fr\/wp-content\/uploads\/2018\/11\/DSC_0915-1-768x476.jpg 768w, http:\/\/www.unenfantuncartable17.fr\/wp-content\/uploads\/2018\/11\/DSC_0915-1.jpg 1024w\" sizes=\"auto, (max-width: 300px) 100vw, 300px\" \/><\/a><p id=\"caption-attachment-1861\" class=\"wp-caption-text\"><span style=\"font-family: 'arial black', sans-serif; color: #993300;\">Le directeur de Marsoulou<\/span><\/p><\/div><\/p>\n<p>&nbsp;<\/p>\n<p>&nbsp;<\/p>\n<p>&nbsp;<\/p>\n<p>&nbsp;<\/p>\n<p>&nbsp;<\/p>\n<p>&nbsp;<\/p>\n<p><span style=\"font-family: 'arial black', sans-serif; font-size: 10pt; color: #993300;\">\u00a0 \u00a0 \u00a0 \u00a0 \u00a0 \u00a0 \u00a0 \u00a0 \u00a0 \u00a0 \u00a0 \u00a0 \u00a0 \u00a0 \u00a0 \u00a0 \u00a0 \u00a0 \u00a0 \u00a0 \u00a0 \u00a0 \u00a0 \u00a0 \u00a0 \u00a0 \u00a0 \u00a0 \u00a0 <span style=\"font-size: 12pt;\"><strong><span style=\"color: #808000;\">\u00a0 <\/span><\/strong><\/span><\/span><\/p>\n<p>&nbsp;<\/p>\n<p>&nbsp;<\/p>\n<p>&nbsp;<\/p>\n<p>&nbsp;<\/p>\n<p>&nbsp;<\/p>\n<p>&nbsp;<\/p>\n<p>&nbsp;<\/p>\n<p>&nbsp;<\/p>\n<p>&nbsp;<\/p>\n<p>&nbsp;<\/p>\n<p>&nbsp;<\/p>\n<p>&nbsp;<\/p>\n<p>&nbsp;<\/p>\n<p>&nbsp;<\/p>\n<p>&nbsp;<\/p>\n<p>&nbsp;<\/p>\n<p>&nbsp;<\/p>\n<p>&nbsp;<\/p>\n<p>&nbsp;<\/p>\n<p>&nbsp;<\/p>\n<p>&nbsp;<\/p>\n<p>&nbsp;<\/p>\n<p>&nbsp;<\/p>\n<p>&nbsp;<\/p>\n<p>&nbsp;<\/p>\n<p>&nbsp;<\/p>\n<p>&nbsp;<\/p>\n<p>&nbsp;<\/p>\n<p>&nbsp;<\/p>\n<p><span style=\"text-decoration: underline; font-size: 14pt;\"><span style=\"font-family: 'arial black', sans-serif;\"><strong><span style=\"color: #808000; text-decoration: underline;\">L&rsquo;agricult<\/span><\/strong><\/span><\/span><span style=\"text-decoration: underline; font-size: 14pt;\"><span style=\"font-family: 'arial black', sans-serif;\"><strong><span style=\"color: #808000; text-decoration: underline;\">ure, la p\u00eache :<\/span><\/strong><\/span><\/span><\/p>\n<p><div id=\"attachment_1852\" style=\"width: 310px\" class=\"wp-caption alignleft\"><a href=\"http:\/\/www.unenfantuncartable17.fr\/wp-content\/uploads\/2018\/11\/DSC_0199.jpg\"><img loading=\"lazy\" decoding=\"async\" aria-describedby=\"caption-attachment-1852\" class=\"size-medium wp-image-1852\" src=\"http:\/\/www.unenfantuncartable17.fr\/wp-content\/uploads\/2018\/11\/DSC_0199-300x199.jpg\" alt=\"\" width=\"300\" height=\"199\" srcset=\"http:\/\/www.unenfantuncartable17.fr\/wp-content\/uploads\/2018\/11\/DSC_0199-300x199.jpg 300w, http:\/\/www.unenfantuncartable17.fr\/wp-content\/uploads\/2018\/11\/DSC_0199-768x509.jpg 768w, http:\/\/www.unenfantuncartable17.fr\/wp-content\/uploads\/2018\/11\/DSC_0199.jpg 1024w\" sizes=\"auto, (max-width: 300px) 100vw, 300px\" \/><\/a><p id=\"caption-attachment-1852\" class=\"wp-caption-text\"><span style=\"font-family: 'arial black', sans-serif; color: #993300;\">Bains d&rsquo;eaux de mer pour les moutons&#8230;<\/span><\/p><\/div> <div id=\"attachment_1853\" style=\"width: 310px\" class=\"wp-caption alignright\"><a href=\"http:\/\/www.unenfantuncartable17.fr\/wp-content\/uploads\/2018\/11\/DSC_0278.jpg\"><img loading=\"lazy\" decoding=\"async\" aria-describedby=\"caption-attachment-1853\" class=\"size-medium wp-image-1853\" src=\"http:\/\/www.unenfantuncartable17.fr\/wp-content\/uploads\/2018\/11\/DSC_0278-300x277.jpg\" alt=\"\" width=\"300\" height=\"277\" srcset=\"http:\/\/www.unenfantuncartable17.fr\/wp-content\/uploads\/2018\/11\/DSC_0278-300x277.jpg 300w, http:\/\/www.unenfantuncartable17.fr\/wp-content\/uploads\/2018\/11\/DSC_0278-768x708.jpg 768w, http:\/\/www.unenfantuncartable17.fr\/wp-content\/uploads\/2018\/11\/DSC_0278.jpg 833w\" sizes=\"auto, (max-width: 300px) 100vw, 300px\" \/><\/a><p id=\"caption-attachment-1853\" class=\"wp-caption-text\"><span style=\"font-family: 'arial black', sans-serif; color: #993300;\">&#8230;et pour le cheval aussi<\/span><\/p><\/div> <div id=\"attachment_1854\" style=\"width: 310px\" class=\"wp-caption alignleft\"><a href=\"http:\/\/www.unenfantuncartable17.fr\/wp-content\/uploads\/2018\/11\/DSC_0265.jpg\"><img loading=\"lazy\" decoding=\"async\" aria-describedby=\"caption-attachment-1854\" class=\"size-medium wp-image-1854\" src=\"http:\/\/www.unenfantuncartable17.fr\/wp-content\/uploads\/2018\/11\/DSC_0265-300x199.jpg\" alt=\"\" width=\"300\" height=\"199\" srcset=\"http:\/\/www.unenfantuncartable17.fr\/wp-content\/uploads\/2018\/11\/DSC_0265-300x199.jpg 300w, http:\/\/www.unenfantuncartable17.fr\/wp-content\/uploads\/2018\/11\/DSC_0265-768x509.jpg 768w, http:\/\/www.unenfantuncartable17.fr\/wp-content\/uploads\/2018\/11\/DSC_0265.jpg 1024w\" sizes=\"auto, (max-width: 300px) 100vw, 300px\" \/><\/a><p id=\"caption-attachment-1854\" class=\"wp-caption-text\"><span style=\"font-family: 'arial black', sans-serif; color: #993300;\">Troupeau de z\u00e9bus en brousse<\/span><\/p><\/div> <div id=\"attachment_1855\" style=\"width: 310px\" class=\"wp-caption alignright\"><a href=\"http:\/\/www.unenfantuncartable17.fr\/wp-content\/uploads\/2018\/11\/DSC_0271.jpg\"><img loading=\"lazy\" decoding=\"async\" aria-describedby=\"caption-attachment-1855\" class=\"size-medium wp-image-1855\" src=\"http:\/\/www.unenfantuncartable17.fr\/wp-content\/uploads\/2018\/11\/DSC_0271-300x199.jpg\" alt=\"\" width=\"300\" height=\"199\" srcset=\"http:\/\/www.unenfantuncartable17.fr\/wp-content\/uploads\/2018\/11\/DSC_0271-300x199.jpg 300w, http:\/\/www.unenfantuncartable17.fr\/wp-content\/uploads\/2018\/11\/DSC_0271-768x509.jpg 768w, http:\/\/www.unenfantuncartable17.fr\/wp-content\/uploads\/2018\/11\/DSC_0271.jpg 1024w\" sizes=\"auto, (max-width: 300px) 100vw, 300px\" \/><\/a><p id=\"caption-attachment-1855\" class=\"wp-caption-text\"><span style=\"font-family: 'arial black', sans-serif; color: #993300;\">Gard\u00e9s par un berger Peul<\/span><\/p><\/div> <div id=\"attachment_1856\" style=\"width: 310px\" class=\"wp-caption alignleft\"><a href=\"http:\/\/www.unenfantuncartable17.fr\/wp-content\/uploads\/2018\/11\/DSC_0877.jpg\"><img loading=\"lazy\" decoding=\"async\" aria-describedby=\"caption-attachment-1856\" class=\"size-medium wp-image-1856\" src=\"http:\/\/www.unenfantuncartable17.fr\/wp-content\/uploads\/2018\/11\/DSC_0877-300x199.jpg\" alt=\"\" width=\"300\" height=\"199\" srcset=\"http:\/\/www.unenfantuncartable17.fr\/wp-content\/uploads\/2018\/11\/DSC_0877-300x199.jpg 300w, http:\/\/www.unenfantuncartable17.fr\/wp-content\/uploads\/2018\/11\/DSC_0877-768x509.jpg 768w, http:\/\/www.unenfantuncartable17.fr\/wp-content\/uploads\/2018\/11\/DSC_0877.jpg 1024w\" sizes=\"auto, (max-width: 300px) 100vw, 300px\" \/><\/a><p id=\"caption-attachment-1856\" class=\"wp-caption-text\"><span style=\"font-family: 'arial black', sans-serif; color: #993300;\">R\u00e9colte du mil&#8230;<\/span><\/p><\/div> <div id=\"attachment_1857\" style=\"width: 310px\" class=\"wp-caption alignright\"><a href=\"http:\/\/www.unenfantuncartable17.fr\/wp-content\/uploads\/2018\/11\/DSC_0883.jpg\"><img loading=\"lazy\" decoding=\"async\" aria-describedby=\"caption-attachment-1857\" class=\"size-medium wp-image-1857\" src=\"http:\/\/www.unenfantuncartable17.fr\/wp-content\/uploads\/2018\/11\/DSC_0883-300x199.jpg\" alt=\"\" width=\"300\" height=\"199\" srcset=\"http:\/\/www.unenfantuncartable17.fr\/wp-content\/uploads\/2018\/11\/DSC_0883-300x199.jpg 300w, http:\/\/www.unenfantuncartable17.fr\/wp-content\/uploads\/2018\/11\/DSC_0883-768x509.jpg 768w, http:\/\/www.unenfantuncartable17.fr\/wp-content\/uploads\/2018\/11\/DSC_0883.jpg 1024w\" sizes=\"auto, (max-width: 300px) 100vw, 300px\" \/><\/a><p id=\"caption-attachment-1857\" class=\"wp-caption-text\"><span style=\"font-family: 'arial black', sans-serif; color: #993300;\">&#8230; par plus de 40\u00b0<\/span><\/p><\/div> <div id=\"attachment_1858\" style=\"width: 310px\" class=\"wp-caption alignleft\"><a href=\"http:\/\/www.unenfantuncartable17.fr\/wp-content\/uploads\/2018\/11\/DSC_0245.jpg\"><img loading=\"lazy\" decoding=\"async\" aria-describedby=\"caption-attachment-1858\" class=\"size-medium wp-image-1858\" src=\"http:\/\/www.unenfantuncartable17.fr\/wp-content\/uploads\/2018\/11\/DSC_0245-300x197.jpg\" alt=\"\" width=\"300\" height=\"197\" srcset=\"http:\/\/www.unenfantuncartable17.fr\/wp-content\/uploads\/2018\/11\/DSC_0245-300x197.jpg 300w, http:\/\/www.unenfantuncartable17.fr\/wp-content\/uploads\/2018\/11\/DSC_0245-768x504.jpg 768w, http:\/\/www.unenfantuncartable17.fr\/wp-content\/uploads\/2018\/11\/DSC_0245.jpg 1024w\" sizes=\"auto, (max-width: 300px) 100vw, 300px\" \/><\/a><p id=\"caption-attachment-1858\" class=\"wp-caption-text\"><span style=\"font-family: 'arial black', sans-serif; color: #993300;\">S\u00e9chage du poisson au soleil<\/span><\/p><\/div> <div id=\"attachment_1865\" style=\"width: 310px\" class=\"wp-caption alignright\"><a href=\"http:\/\/www.unenfantuncartable17.fr\/wp-content\/uploads\/2018\/11\/DSC_0856.jpg\"><img loading=\"lazy\" decoding=\"async\" aria-describedby=\"caption-attachment-1865\" class=\"size-medium wp-image-1865\" src=\"http:\/\/www.unenfantuncartable17.fr\/wp-content\/uploads\/2018\/11\/DSC_0856-300x199.jpg\" alt=\"\" width=\"300\" height=\"199\" srcset=\"http:\/\/www.unenfantuncartable17.fr\/wp-content\/uploads\/2018\/11\/DSC_0856-300x199.jpg 300w, http:\/\/www.unenfantuncartable17.fr\/wp-content\/uploads\/2018\/11\/DSC_0856-768x509.jpg 768w, http:\/\/www.unenfantuncartable17.fr\/wp-content\/uploads\/2018\/11\/DSC_0856.jpg 1024w\" sizes=\"auto, (max-width: 300px) 100vw, 300px\" \/><\/a><p id=\"caption-attachment-1865\" class=\"wp-caption-text\"><span style=\"font-family: 'arial black', sans-serif; color: #993300;\">P\u00eacheurs au filet dans le Saloum<\/span><\/p><\/div> <div id=\"attachment_1864\" style=\"width: 310px\" class=\"wp-caption alignleft\"><a href=\"http:\/\/www.unenfantuncartable17.fr\/wp-content\/uploads\/2018\/11\/DSC_0247.jpg\"><img loading=\"lazy\" decoding=\"async\" aria-describedby=\"caption-attachment-1864\" class=\"size-medium wp-image-1864\" src=\"http:\/\/www.unenfantuncartable17.fr\/wp-content\/uploads\/2018\/11\/DSC_0247-300x199.jpg\" alt=\"\" width=\"300\" height=\"199\" srcset=\"http:\/\/www.unenfantuncartable17.fr\/wp-content\/uploads\/2018\/11\/DSC_0247-300x199.jpg 300w, http:\/\/www.unenfantuncartable17.fr\/wp-content\/uploads\/2018\/11\/DSC_0247-768x509.jpg 768w, http:\/\/www.unenfantuncartable17.fr\/wp-content\/uploads\/2018\/11\/DSC_0247.jpg 1024w\" sizes=\"auto, (max-width: 300px) 100vw, 300px\" \/><\/a><p id=\"caption-attachment-1864\" class=\"wp-caption-text\"><span style=\"font-family: 'arial black', sans-serif; color: #993300;\">Retour de p\u00eache. Wandi\u00e9<\/span><\/p><\/div> <div id=\"attachment_1866\" style=\"width: 310px\" class=\"wp-caption alignright\"><a href=\"http:\/\/www.unenfantuncartable17.fr\/wp-content\/uploads\/2018\/11\/DSC_0546.jpg\"><img loading=\"lazy\" decoding=\"async\" aria-describedby=\"caption-attachment-1866\" class=\"size-medium wp-image-1866\" src=\"http:\/\/www.unenfantuncartable17.fr\/wp-content\/uploads\/2018\/11\/DSC_0546-300x199.jpg\" alt=\"\" width=\"300\" height=\"199\" srcset=\"http:\/\/www.unenfantuncartable17.fr\/wp-content\/uploads\/2018\/11\/DSC_0546-300x199.jpg 300w, http:\/\/www.unenfantuncartable17.fr\/wp-content\/uploads\/2018\/11\/DSC_0546-768x509.jpg 768w, http:\/\/www.unenfantuncartable17.fr\/wp-content\/uploads\/2018\/11\/DSC_0546.jpg 1024w\" sizes=\"auto, (max-width: 300px) 100vw, 300px\" \/><\/a><p id=\"caption-attachment-1866\" class=\"wp-caption-text\"><span style=\"font-family: 'arial black', sans-serif; color: #993300;\">Pr\u00e8s des pal\u00e9tuviers<\/span><\/p><\/div> <div id=\"attachment_1867\" style=\"width: 310px\" class=\"wp-caption alignleft\"><a href=\"http:\/\/www.unenfantuncartable17.fr\/wp-content\/uploads\/2018\/11\/DSC_0870.jpg\"><img loading=\"lazy\" decoding=\"async\" aria-describedby=\"caption-attachment-1867\" class=\"size-medium wp-image-1867\" src=\"http:\/\/www.unenfantuncartable17.fr\/wp-content\/uploads\/2018\/11\/DSC_0870-300x199.jpg\" alt=\"\" width=\"300\" height=\"199\" srcset=\"http:\/\/www.unenfantuncartable17.fr\/wp-content\/uploads\/2018\/11\/DSC_0870-300x199.jpg 300w, http:\/\/www.unenfantuncartable17.fr\/wp-content\/uploads\/2018\/11\/DSC_0870-768x509.jpg 768w, http:\/\/www.unenfantuncartable17.fr\/wp-content\/uploads\/2018\/11\/DSC_0870.jpg 1024w\" sizes=\"auto, (max-width: 300px) 100vw, 300px\" \/><\/a><p id=\"caption-attachment-1867\" class=\"wp-caption-text\"><span style=\"font-family: 'arial black', sans-serif; color: #993300;\">A la p\u00eache, lui aussi&#8230;<\/span><\/p><\/div> <div id=\"attachment_1868\" style=\"width: 310px\" class=\"wp-caption alignright\"><img loading=\"lazy\" decoding=\"async\" aria-describedby=\"caption-attachment-1868\" class=\"wp-image-1868 size-medium\" src=\"http:\/\/www.unenfantuncartable17.fr\/wp-content\/uploads\/2018\/11\/DSC_0476-300x199.jpg\" alt=\"\" width=\"300\" height=\"199\" srcset=\"http:\/\/www.unenfantuncartable17.fr\/wp-content\/uploads\/2018\/11\/DSC_0476-300x199.jpg 300w, http:\/\/www.unenfantuncartable17.fr\/wp-content\/uploads\/2018\/11\/DSC_0476-768x509.jpg 768w, http:\/\/www.unenfantuncartable17.fr\/wp-content\/uploads\/2018\/11\/DSC_0476.jpg 1024w\" sizes=\"auto, (max-width: 300px) 100vw, 300px\" \/><p id=\"caption-attachment-1868\" class=\"wp-caption-text\"><span style=\"font-family: 'arial black', sans-serif; color: #993300;\">Puits de sel proche de l&rsquo;oc\u00e9an<\/span><\/p><\/div><\/p>\n<p>&nbsp;<\/p>\n<p>&nbsp;<\/p>\n<p>&nbsp;<\/p>\n<p>&nbsp;<\/p>\n<p>&nbsp;<\/p>\n<p>&nbsp;<\/p>\n<p>&nbsp;<\/p>\n<p>&nbsp;<\/p>\n<p>&nbsp;<\/p>\n<p>&nbsp;<\/p>\n<p>&nbsp;<\/p>\n<p>&nbsp;<\/p>\n<p>&nbsp;<\/p>\n<p>&nbsp;<\/p>\n<p>&nbsp;<\/p>\n<p>&nbsp;<\/p>\n<p>&nbsp;<\/p>\n<p>&nbsp;<\/p>\n<p>&nbsp;<\/p>\n<p>&nbsp;<\/p>\n<p>&nbsp;<\/p>\n<p>&nbsp;<\/p>\n<p>&nbsp;<\/p>\n<p>&nbsp;<\/p>\n<p>&nbsp;<\/p>\n<p>&nbsp;<\/p>\n<p>&nbsp;<\/p>\n<p>&nbsp;<\/p>\n<p>&nbsp;<\/p>\n<p>&nbsp;<\/p>\n<p>&nbsp;<\/p>\n<p>&nbsp;<\/p>\n<p>&nbsp;<\/p>\n<p>&nbsp;<\/p>\n<p>&nbsp;<\/p>\n<p>&nbsp;<\/p>\n<p>&nbsp;<\/p>\n<p>&nbsp;<\/p>\n<p>&nbsp;<\/p>\n<p><span style=\"text-decoration: underline; font-size: 14pt;\"><span style=\"font-family: 'arial black', sans-serif; color: #808000; text-decoration: underline;\">Les transports :<\/span><\/span><\/p>\n<p><div id=\"attachment_1871\" style=\"width: 310px\" class=\"wp-caption alignleft\"><a href=\"http:\/\/www.unenfantuncartable17.fr\/wp-content\/uploads\/2018\/11\/DSC_0381.jpg\"><img loading=\"lazy\" decoding=\"async\" aria-describedby=\"caption-attachment-1871\" class=\"size-medium wp-image-1871\" src=\"http:\/\/www.unenfantuncartable17.fr\/wp-content\/uploads\/2018\/11\/DSC_0381-300x199.jpg\" alt=\"\" width=\"300\" height=\"199\" srcset=\"http:\/\/www.unenfantuncartable17.fr\/wp-content\/uploads\/2018\/11\/DSC_0381-300x199.jpg 300w, http:\/\/www.unenfantuncartable17.fr\/wp-content\/uploads\/2018\/11\/DSC_0381-768x509.jpg 768w, http:\/\/www.unenfantuncartable17.fr\/wp-content\/uploads\/2018\/11\/DSC_0381.jpg 1024w\" sizes=\"auto, (max-width: 300px) 100vw, 300px\" \/><\/a><p id=\"caption-attachment-1871\" class=\"wp-caption-text\"><span style=\"color: #993300; font-family: 'arial black', sans-serif;\">Alioune, le \u00ab\u00a0ma\u00eetre des cal\u00e8ches\u00a0\u00bb<\/span><\/p><\/div> <div id=\"attachment_1872\" style=\"width: 310px\" class=\"wp-caption alignright\"><a href=\"http:\/\/www.unenfantuncartable17.fr\/wp-content\/uploads\/2018\/11\/DSC_0191.jpg\"><img loading=\"lazy\" decoding=\"async\" aria-describedby=\"caption-attachment-1872\" class=\"size-medium wp-image-1872\" src=\"http:\/\/www.unenfantuncartable17.fr\/wp-content\/uploads\/2018\/11\/DSC_0191-300x199.jpg\" alt=\"\" width=\"300\" height=\"199\" srcset=\"http:\/\/www.unenfantuncartable17.fr\/wp-content\/uploads\/2018\/11\/DSC_0191-300x199.jpg 300w, http:\/\/www.unenfantuncartable17.fr\/wp-content\/uploads\/2018\/11\/DSC_0191-768x509.jpg 768w, http:\/\/www.unenfantuncartable17.fr\/wp-content\/uploads\/2018\/11\/DSC_0191.jpg 1024w\" sizes=\"auto, (max-width: 300px) 100vw, 300px\" \/><\/a><p id=\"caption-attachment-1872\" class=\"wp-caption-text\"><span style=\"font-family: 'arial black', sans-serif; color: #993300;\">Tout l&rsquo;approvisionnement vient par pirogue<\/span><\/p><\/div> <div id=\"attachment_1873\" style=\"width: 310px\" class=\"wp-caption alignleft\"><a href=\"http:\/\/www.unenfantuncartable17.fr\/wp-content\/uploads\/2018\/11\/DSC_0389.jpg\"><img loading=\"lazy\" decoding=\"async\" aria-describedby=\"caption-attachment-1873\" class=\"size-medium wp-image-1873\" src=\"http:\/\/www.unenfantuncartable17.fr\/wp-content\/uploads\/2018\/11\/DSC_0389-300x199.jpg\" alt=\"\" width=\"300\" height=\"199\" srcset=\"http:\/\/www.unenfantuncartable17.fr\/wp-content\/uploads\/2018\/11\/DSC_0389-300x199.jpg 300w, http:\/\/www.unenfantuncartable17.fr\/wp-content\/uploads\/2018\/11\/DSC_0389-768x509.jpg 768w, http:\/\/www.unenfantuncartable17.fr\/wp-content\/uploads\/2018\/11\/DSC_0389.jpg 1024w\" sizes=\"auto, (max-width: 300px) 100vw, 300px\" \/><\/a><p id=\"caption-attachment-1873\" class=\"wp-caption-text\"><span style=\"font-family: 'arial black', sans-serif; color: #993300;\">Le Saloum est une voie de circulation&#8230;<\/span><\/p><\/div> <div id=\"attachment_1874\" style=\"width: 310px\" class=\"wp-caption alignright\"><a href=\"http:\/\/www.unenfantuncartable17.fr\/wp-content\/uploads\/2018\/11\/DSC_0421.jpg\"><img loading=\"lazy\" decoding=\"async\" aria-describedby=\"caption-attachment-1874\" class=\"size-medium wp-image-1874\" src=\"http:\/\/www.unenfantuncartable17.fr\/wp-content\/uploads\/2018\/11\/DSC_0421-300x199.jpg\" alt=\"\" width=\"300\" height=\"199\" srcset=\"http:\/\/www.unenfantuncartable17.fr\/wp-content\/uploads\/2018\/11\/DSC_0421-300x199.jpg 300w, http:\/\/www.unenfantuncartable17.fr\/wp-content\/uploads\/2018\/11\/DSC_0421-768x509.jpg 768w, http:\/\/www.unenfantuncartable17.fr\/wp-content\/uploads\/2018\/11\/DSC_0421.jpg 1024w\" sizes=\"auto, (max-width: 300px) 100vw, 300px\" \/><\/a><p id=\"caption-attachment-1874\" class=\"wp-caption-text\">.<span style=\"font-family: 'arial black', sans-serif; color: #993300;\">..tr\u00e8s pratiqu\u00e9e<\/span><\/p><\/div> <div id=\"attachment_1875\" style=\"width: 310px\" class=\"wp-caption alignleft\"><a href=\"http:\/\/www.unenfantuncartable17.fr\/wp-content\/uploads\/2018\/11\/DSC_0948.jpg\"><img loading=\"lazy\" decoding=\"async\" aria-describedby=\"caption-attachment-1875\" class=\"size-medium wp-image-1875\" src=\"http:\/\/www.unenfantuncartable17.fr\/wp-content\/uploads\/2018\/11\/DSC_0948-300x199.jpg\" alt=\"\" width=\"300\" height=\"199\" srcset=\"http:\/\/www.unenfantuncartable17.fr\/wp-content\/uploads\/2018\/11\/DSC_0948-300x199.jpg 300w, http:\/\/www.unenfantuncartable17.fr\/wp-content\/uploads\/2018\/11\/DSC_0948-768x509.jpg 768w, http:\/\/www.unenfantuncartable17.fr\/wp-content\/uploads\/2018\/11\/DSC_0948.jpg 1024w\" sizes=\"auto, (max-width: 300px) 100vw, 300px\" \/><\/a><p id=\"caption-attachment-1875\" class=\"wp-caption-text\"><span style=\"font-family: 'arial black', sans-serif; color: #993300;\">Pirogue \u00e0 l&rsquo;ancienne<\/span><\/p><\/div> <div id=\"attachment_1876\" style=\"width: 310px\" class=\"wp-caption alignright\"><a href=\"http:\/\/www.unenfantuncartable17.fr\/wp-content\/uploads\/2018\/11\/DSC_0218.jpg\"><img loading=\"lazy\" decoding=\"async\" aria-describedby=\"caption-attachment-1876\" class=\"size-medium wp-image-1876\" src=\"http:\/\/www.unenfantuncartable17.fr\/wp-content\/uploads\/2018\/11\/DSC_0218-300x199.jpg\" alt=\"\" width=\"300\" height=\"199\" srcset=\"http:\/\/www.unenfantuncartable17.fr\/wp-content\/uploads\/2018\/11\/DSC_0218-300x199.jpg 300w, http:\/\/www.unenfantuncartable17.fr\/wp-content\/uploads\/2018\/11\/DSC_0218-768x509.jpg 768w, http:\/\/www.unenfantuncartable17.fr\/wp-content\/uploads\/2018\/11\/DSC_0218.jpg 1024w\" sizes=\"auto, (max-width: 300px) 100vw, 300px\" \/><\/a><p id=\"caption-attachment-1876\" class=\"wp-caption-text\"><span style=\"font-family: 'arial black', sans-serif; color: #993300;\">Pirogue dirig\u00e9e par une jeune femme<\/span><\/p><\/div> <div id=\"attachment_1877\" style=\"width: 310px\" class=\"wp-caption aligncenter\"><a href=\"http:\/\/www.unenfantuncartable17.fr\/wp-content\/uploads\/2018\/11\/DSC_0366.jpg\"><img loading=\"lazy\" decoding=\"async\" aria-describedby=\"caption-attachment-1877\" class=\"size-medium wp-image-1877\" src=\"http:\/\/www.unenfantuncartable17.fr\/wp-content\/uploads\/2018\/11\/DSC_0366-300x199.jpg\" alt=\"\" width=\"300\" height=\"199\" srcset=\"http:\/\/www.unenfantuncartable17.fr\/wp-content\/uploads\/2018\/11\/DSC_0366-300x199.jpg 300w, http:\/\/www.unenfantuncartable17.fr\/wp-content\/uploads\/2018\/11\/DSC_0366-768x509.jpg 768w, http:\/\/www.unenfantuncartable17.fr\/wp-content\/uploads\/2018\/11\/DSC_0366.jpg 1024w\" sizes=\"auto, (max-width: 300px) 100vw, 300px\" \/><\/a><p id=\"caption-attachment-1877\" class=\"wp-caption-text\"><span style=\"font-family: 'arial black', sans-serif; color: #993300;\">Piroguier \u00e0 toute heure<\/span><\/p><\/div><\/p>\n","protected":false},"excerpt":{"rendered":"<p>Voici plusieurs reportages r\u00e9alis\u00e9s par Claude au cours de la derni\u00e8re mission. Le premier rappelle notre visite et les livraisons des fournitures dans les \u00e9coles de l&rsquo;\u00eele. Le deuxi\u00e8me pr\u00e9sente les ressources agricoles et la p\u00eache, deux activit\u00e9s essentielles des habitants. Le troisi\u00e8me \u00e9voque les transports, sur le fleuve. Les \u00e9coles : &nbsp; &nbsp; &nbsp; [&hellip;]<\/p>\n","protected":false},"author":2,"featured_media":0,"comment_status":"open","ping_status":"open","sticky":false,"template":"","format":"standard","meta":{"jetpack_post_was_ever_published":false,"_jetpack_newsletter_access":"","_jetpack_dont_email_post_to_subs":false,"_jetpack_newsletter_tier_id":0,"_jetpack_memberships_contains_paywalled_content":false,"_jetpack_memberships_contains_paid_content":false,"footnotes":""},"categories":[1],"tags":[],"class_list":["post-1850","post","type-post","status-publish","format-standard","hentry","category-non-classe"],"jetpack_featured_media_url":"","jetpack_sharing_enabled":true,"jetpack_shortlink":"https:\/\/wp.me\/p5o8j7-tQ","_links":{"self":[{"href":"http:\/\/www.unenfantuncartable17.fr\/index.php?rest_route=\/wp\/v2\/posts\/1850","targetHints":{"allow":["GET"]}}],"collection":[{"href":"http:\/\/www.unenfantuncartable17.fr\/index.php?rest_route=\/wp\/v2\/posts"}],"about":[{"href":"http:\/\/www.unenfantuncartable17.fr\/index.php?rest_route=\/wp\/v2\/types\/post"}],"author":[{"embeddable":true,"href":"http:\/\/www.unenfantuncartable17.fr\/index.php?rest_route=\/wp\/v2\/users\/2"}],"replies":[{"embeddable":true,"href":"http:\/\/www.unenfantuncartable17.fr\/index.php?rest_route=%2Fwp%2Fv2%2Fcomments&post=1850"}],"version-history":[{"count":11,"href":"http:\/\/www.unenfantuncartable17.fr\/index.php?rest_route=\/wp\/v2\/posts\/1850\/revisions"}],"predecessor-version":[{"id":1881,"href":"http:\/\/www.unenfantuncartable17.fr\/index.php?rest_route=\/wp\/v2\/posts\/1850\/revisions\/1881"}],"wp:attachment":[{"href":"http:\/\/www.unenfantuncartable17.fr\/index.php?rest_route=%2Fwp%2Fv2%2Fmedia&parent=1850"}],"wp:term":[{"taxonomy":"category","embeddable":true,"href":"http:\/\/www.unenfantuncartable17.fr\/index.php?rest_route=%2Fwp%2Fv2%2Fcategories&post=1850"},{"taxonomy":"post_tag","embeddable":true,"href":"http:\/\/www.unenfantuncartable17.fr\/index.php?rest_route=%2Fwp%2Fv2%2Ftags&post=1850"}],"curies":[{"name":"wp","href":"https:\/\/api.w.org\/{rel}","templated":true}]}}