{"id":18,"date":"2014-04-07T10:06:00","date_gmt":"2014-04-07T10:06:00","guid":{"rendered":"http:\/\/www.unenfantuncartable17.fr\/?p=18"},"modified":"2015-01-28T17:19:06","modified_gmt":"2015-01-28T16:19:06","slug":"assemblee-generale-le-avril","status":"publish","type":"post","link":"http:\/\/www.unenfantuncartable17.fr\/?p=18","title":{"rendered":"Assembl\u00e9e g\u00e9n\u00e9rale, le 11 avril 2014"},"content":{"rendered":"<div class=\"ob-section ob-section-html\">\n<p style=\"margin: 0cm 0cm 10pt;\"><strong style=\"mso-bidi-font-weight: normal;\"><span style=\"font-size: 12pt;\"><span style=\"font-family: Calibri;\">\u00a0<\/span><\/span><\/strong><span style=\"font-family: arial, helvetica, sans-serif; font-size: 14pt; color: #993300;\"><strong>L\u2019assembl\u00e9e g\u00e9n\u00e9rale\u00a0se tiendra\u00a0le vendredi <span style=\"mso-spacerun: yes;\">\u00a0<\/span>11 avril 2014 \u00e0 19h30,\u00a0maison de quartier de Port Neuf \u00e0 La Rochelle.<\/strong><\/span><\/p>\n<p style=\"margin: 0cm 0cm 10pt;\"><span style=\"text-decoration: underline;\"><span style=\"font-family: arial, helvetica, sans-serif; color: #808000; font-size: 14pt;\"><strong style=\"mso-bidi-font-weight: normal;\">Ordre du Jour:<\/strong><\/span><\/span><\/p>\n<p style=\"margin: 0cm 0cm 10pt;\"><strong><span style=\"color: #ffcc00;\"><span style=\"font-family: Calibri; font-size: 12pt;\">\u00a0<\/span><span style=\"font-family: arial, helvetica, sans-serif; font-size: 14pt; color: #808000;\">19h00\u00a0: R\u00e9gularisation des cotisations<\/span><\/span><\/strong><\/p>\n<p style=\"margin: 0cm 0cm 10pt;\"><span style=\"font-family: arial, helvetica, sans-serif; font-size: 14pt; color: #808000;\"><strong>19h30\u00a0: Assembl\u00e9e g\u00e9n\u00e9rale<\/strong><\/span><\/p>\n<p class=\"MsoListParagraphCxSpFirst\" style=\"text-indent: -18pt; margin: 0cm 0cm 0pt 36pt; mso-list: l0 level1 lfo1;\"><span style=\"font-family: arial, helvetica, sans-serif; font-size: 14pt; color: #808000;\"><strong><span style=\"mso-bidi-font-family: Calibri;\"><span style=\"mso-list: Ignore;\">&#8211;\u00a0\u00a0\u00a0\u00a0\u00a0\u00a0\u00a0\u00a0\u00a0<\/span><\/span> Rapport moral, d\u2019orientations et d\u2019activit\u00e9s<\/strong><\/span><\/p>\n<p class=\"MsoListParagraphCxSpMiddle\" style=\"text-indent: -18pt; margin: 0cm 0cm 0pt 36pt; mso-list: l0 level1 lfo1;\"><span style=\"font-family: arial, helvetica, sans-serif; font-size: 14pt; color: #808000;\"><strong><span style=\"mso-bidi-font-family: Calibri;\"><span style=\"mso-list: Ignore;\">&#8211;\u00a0\u00a0\u00a0\u00a0\u00a0\u00a0\u00a0\u00a0\u00a0<\/span><\/span> Rapport financier et quitus<\/strong><\/span><\/p>\n<p class=\"MsoListParagraphCxSpMiddle\" style=\"text-indent: -18pt; margin: 0cm 0cm 0pt 36pt; mso-list: l0 level1 lfo1;\"><span style=\"font-family: arial, helvetica, sans-serif; font-size: 14pt; color: #808000;\"><strong><span style=\"mso-bidi-font-family: Calibri;\"><span style=\"mso-list: Ignore;\">&#8211;\u00a0\u00a0\u00a0\u00a0\u00a0\u00a0\u00a0\u00a0\u00a0<\/span><\/span> Elections au Conseil d\u2019Administration<\/strong><\/span><\/p>\n<p class=\"MsoListParagraphCxSpMiddle\" style=\"text-indent: -18pt; margin: 0cm 0cm 0pt 36pt; mso-list: l0 level1 lfo1;\"><span style=\"font-family: arial, helvetica, sans-serif; font-size: 14pt; color: #808000;\"><strong><span style=\"mso-bidi-font-family: Calibri;\"><span style=\"mso-list: Ignore;\">&#8211;\u00a0\u00a0\u00a0\u00a0\u00a0\u00a0\u00a0\u00a0\u00a0<\/span><\/span> Questions diverses<\/strong><\/span><\/p>\n<p class=\"MsoListParagraphCxSpLast\" style=\"text-indent: -18pt; margin: 0cm 0cm 10pt 36pt; mso-list: l0 level1 lfo1;\"><span style=\"font-family: arial, helvetica, sans-serif; font-size: 14pt; color: #808000;\"><strong><span style=\"mso-bidi-font-family: Calibri;\"><span style=\"mso-list: Ignore;\">&#8211;\u00a0\u00a0\u00a0\u00a0\u00a0\u00a0\u00a0\u00a0\u00a0<\/span><\/span> Diaporama sur notre action \u00e0 Mar Lodj<\/strong><\/span><\/p>\n<p style=\"margin: 0cm 0cm 10pt;\"><span style=\"font-family: arial, helvetica, sans-serif; font-size: 14pt; color: #808000;\"><strong>* 20h30\u00a0: Soir\u00e9e festive (voir plus bas)<\/strong><\/span><\/p>\n<p style=\"margin: 0cm 0cm 10pt;\"><span style=\"color: #993300; font-family: arial, helvetica, sans-serif; font-size: 14pt;\"><strong style=\"mso-bidi-font-weight: normal;\">Nous comptons sur votre pr\u00e9sence ou votre pouvoir.<\/strong><\/span><\/p>\n<p style=\"margin: 0cm 0cm 10pt;\"><span style=\"font-family: arial, helvetica, sans-serif; font-size: 14pt; color: #808000;\"><strong style=\"mso-bidi-font-weight: normal;\">A l\u2019issue de l\u2019assembl\u00e9e g\u00e9n\u00e9rale, un repas pr\u00e9par\u00e9 par \u00ab\u00a0La Petite Marche\u00a0\u00bb r\u00e9unira les adh\u00e9rents\u00a0(20 \u20ac sans boissons) et un concert de jazz sera donn\u00e9 par les professeurs et les \u00e9l\u00e8ves des classes de saxophones et de cuivres du Conservatoire de Musique de La Rochelle.<\/strong><\/span><\/p>\n<\/div>\n","protected":false},"excerpt":{"rendered":"<p>\u00a0L\u2019assembl\u00e9e g\u00e9n\u00e9rale\u00a0se tiendra\u00a0le vendredi \u00a011 avril 2014 \u00e0 19h30,\u00a0maison de quartier de Port Neuf \u00e0 La Rochelle. Ordre du Jour: \u00a019h00\u00a0: R\u00e9gularisation des cotisations 19h30\u00a0: Assembl\u00e9e g\u00e9n\u00e9rale &#8211;\u00a0\u00a0\u00a0\u00a0\u00a0\u00a0\u00a0\u00a0\u00a0 Rapport moral, d\u2019orientations et d\u2019activit\u00e9s &#8211;\u00a0\u00a0\u00a0\u00a0\u00a0\u00a0\u00a0\u00a0\u00a0 Rapport financier et quitus &#8211;\u00a0\u00a0\u00a0\u00a0\u00a0\u00a0\u00a0\u00a0\u00a0 Elections au Conseil d\u2019Administration &#8211;\u00a0\u00a0\u00a0\u00a0\u00a0\u00a0\u00a0\u00a0\u00a0 Questions diverses &#8211;\u00a0\u00a0\u00a0\u00a0\u00a0\u00a0\u00a0\u00a0\u00a0 Diaporama sur notre action \u00e0 Mar Lodj * [&hellip;]<\/p>\n","protected":false},"author":2,"featured_media":0,"comment_status":"open","ping_status":"open","sticky":false,"template":"","format":"standard","meta":{"jetpack_post_was_ever_published":false,"_jetpack_newsletter_access":"","_jetpack_dont_email_post_to_subs":false,"_jetpack_newsletter_tier_id":0,"_jetpack_memberships_contains_paywalled_content":false,"_jetpack_memberships_contains_paid_content":false,"footnotes":""},"categories":[1],"tags":[],"class_list":["post-18","post","type-post","status-publish","format-standard","hentry","category-non-classe"],"jetpack_featured_media_url":"","jetpack_sharing_enabled":true,"jetpack_shortlink":"https:\/\/wp.me\/p5o8j7-i","_links":{"self":[{"href":"http:\/\/www.unenfantuncartable17.fr\/index.php?rest_route=\/wp\/v2\/posts\/18","targetHints":{"allow":["GET"]}}],"collection":[{"href":"http:\/\/www.unenfantuncartable17.fr\/index.php?rest_route=\/wp\/v2\/posts"}],"about":[{"href":"http:\/\/www.unenfantuncartable17.fr\/index.php?rest_route=\/wp\/v2\/types\/post"}],"author":[{"embeddable":true,"href":"http:\/\/www.unenfantuncartable17.fr\/index.php?rest_route=\/wp\/v2\/users\/2"}],"replies":[{"embeddable":true,"href":"http:\/\/www.unenfantuncartable17.fr\/index.php?rest_route=%2Fwp%2Fv2%2Fcomments&post=18"}],"version-history":[{"count":4,"href":"http:\/\/www.unenfantuncartable17.fr\/index.php?rest_route=\/wp\/v2\/posts\/18\/revisions"}],"predecessor-version":[{"id":701,"href":"http:\/\/www.unenfantuncartable17.fr\/index.php?rest_route=\/wp\/v2\/posts\/18\/revisions\/701"}],"wp:attachment":[{"href":"http:\/\/www.unenfantuncartable17.fr\/index.php?rest_route=%2Fwp%2Fv2%2Fmedia&parent=18"}],"wp:term":[{"taxonomy":"category","embeddable":true,"href":"http:\/\/www.unenfantuncartable17.fr\/index.php?rest_route=%2Fwp%2Fv2%2Fcategories&post=18"},{"taxonomy":"post_tag","embeddable":true,"href":"http:\/\/www.unenfantuncartable17.fr\/index.php?rest_route=%2Fwp%2Fv2%2Ftags&post=18"}],"curies":[{"name":"wp","href":"https:\/\/api.w.org\/{rel}","templated":true}]}}