{"id":1768,"date":"2018-10-25T14:05:14","date_gmt":"2018-10-25T13:05:14","guid":{"rendered":"http:\/\/www.unenfantuncartable17.fr\/?p=1768"},"modified":"2018-10-27T08:27:01","modified_gmt":"2018-10-27T07:27:01","slug":"mission-doctobre-le-compte-rendu","status":"publish","type":"post","link":"http:\/\/www.unenfantuncartable17.fr\/?p=1768","title":{"rendered":"Mission d&rsquo;octobre, le compte rendu"},"content":{"rendered":"<div id=\"attachment_1784\" style=\"width: 310px\" class=\"wp-caption alignleft\"><a href=\"http:\/\/www.unenfantuncartable17.fr\/wp-content\/uploads\/2018\/10\/Mar-Lothie-2.jpg\"><img loading=\"lazy\" decoding=\"async\" aria-describedby=\"caption-attachment-1784\" class=\"size-medium wp-image-1784\" src=\"http:\/\/www.unenfantuncartable17.fr\/wp-content\/uploads\/2018\/10\/Mar-Lothie-2-300x199.jpg\" alt=\"\" width=\"300\" height=\"199\" srcset=\"http:\/\/www.unenfantuncartable17.fr\/wp-content\/uploads\/2018\/10\/Mar-Lothie-2-300x199.jpg 300w, http:\/\/www.unenfantuncartable17.fr\/wp-content\/uploads\/2018\/10\/Mar-Lothie-2-768x509.jpg 768w, http:\/\/www.unenfantuncartable17.fr\/wp-content\/uploads\/2018\/10\/Mar-Lothie-2.jpg 1024w\" sizes=\"auto, (max-width: 300px) 100vw, 300px\" \/><\/a><p id=\"caption-attachment-1784\" class=\"wp-caption-text\"><span style=\"font-size: 12pt;\"><strong><span style=\"font-family: arial, helvetica, sans-serif; color: #993300;\">A l&rsquo;\u00e9cole de Mar Lothie, en CM2 <span style=\"font-size: 8pt;\">(photo CB)<\/span><\/span><\/strong><\/span><\/p><\/div>\n<p><span style=\"font-family: 'arial black', sans-serif; font-size: 14pt; color: #993300;\">Plus d&rsquo;une tonne de mat\u00e9riel\u00a0<strong><span style=\"color: #808000;\">(1)<\/span><\/strong> (des milliers de cahiers, de stylos et de crayons, des centaines de taille-crayons, de gommes, de rapporteurs, d&rsquo;\u00e9querres et de compas&#8230;) 850 livres de toutes mati\u00e8res, 195 sacs, 220 trousses. Le tout pour <strong><span style=\"color: #808000;\">900 \u00e9l\u00e8ves<\/span><\/strong>\u00a0dont 80 de maternelle, plus de 50% de filles, 7 \u00e9coles, 34 instituteurs. Et comme toujours, des conventions sign\u00e9es avec 6 directeurs.<\/span><\/p>\n<p><span style=\"font-family: 'arial black', sans-serif; font-size: 14pt; color: #993300;\">5000 euros de livres, 4000 euros de fournitures pour les \u00e9l\u00e8ves, 600 euros de fournitures de classes comme les bo\u00eetes de craie ou les cartes murales, 1200 euros de sacs et de trousses : pour les 5000 habitants des 4 villages concern\u00e9s (dont l&rsquo;immense majorit\u00e9 vit avec 2 euros par jour) c&rsquo;est une aide de plus de 10 euros par enfant. <strong><span style=\"color: #808000;\">Peu de chose en France, consid\u00e9rable au S\u00e9n\u00e9gal et sur l&rsquo;\u00eele de Mar en particulier !<\/span><\/strong><\/span><\/p>\n<div id=\"attachment_1785\" style=\"width: 310px\" class=\"wp-caption alignleft\"><a href=\"http:\/\/www.unenfantuncartable17.fr\/wp-content\/uploads\/2018\/10\/MFFKO-explications.jpg\"><img loading=\"lazy\" decoding=\"async\" aria-describedby=\"caption-attachment-1785\" class=\"size-medium wp-image-1785\" src=\"http:\/\/www.unenfantuncartable17.fr\/wp-content\/uploads\/2018\/10\/MFFKO-explications-300x199.jpg\" alt=\"\" width=\"300\" height=\"199\" srcset=\"http:\/\/www.unenfantuncartable17.fr\/wp-content\/uploads\/2018\/10\/MFFKO-explications-300x199.jpg 300w, http:\/\/www.unenfantuncartable17.fr\/wp-content\/uploads\/2018\/10\/MFFKO-explications-768x509.jpg 768w, http:\/\/www.unenfantuncartable17.fr\/wp-content\/uploads\/2018\/10\/MFFKO-explications.jpg 900w\" sizes=\"auto, (max-width: 300px) 100vw, 300px\" \/><\/a><p id=\"caption-attachment-1785\" class=\"wp-caption-text\"><span style=\"font-size: 12pt;\"><strong><span style=\"font-family: arial, helvetica, sans-serif; color: #993300;\">Echanges \u00e0 Mar Fafaco 1<span style=\"font-size: 8pt;\"> (photo CB)<\/span><\/span><\/strong><\/span><\/p><\/div>\n<p><span style=\"color: #993300; font-family: 'arial black', sans-serif; font-size: 14pt;\">Ces chiffres pourraient r\u00e9sumer la derni\u00e8re mission qui s&rsquo;est tenue du 8 au 21 octobre sur l&rsquo;\u00eele de Mar avec 4 administrateurs de l&rsquo;association. <strong><span style=\"color: #808000;\">Mais ce serait aussi passer sous silence, les liens qui, patiemment, en 10 ans, se sont tiss\u00e9s, ont rendu la relation confiante, et qui permettent \u00e0 nos partenaires d&rsquo;exprimer des besoins, des demandes, en toute libert\u00e9, donnant lieu \u00e0 des innovations comme les cours de renforcement mis en place cette ann\u00e9e.<\/span><\/strong><\/span><\/p>\n<p><span style=\"color: #993300; font-family: 'arial black', sans-serif; font-size: 14pt;\">Le travail de tri et d&rsquo;acheminement n&rsquo;a donc pas manqu\u00e9-une journ\u00e9e enti\u00e8re- vers les diff\u00e9rents villages, gr\u00e2ce aux cal\u00e8ches et \u00e0 leurs conducteurs emmen\u00e9s par Alioune N&rsquo;Diaye notre \u00ab\u00a0ma\u00eetre des cal\u00e8ches\u00a0\u00bb local. Un contact sur place essentiel-qui le cas \u00e9ch\u00e9ant parle en S\u00e9r\u00e8re, la langue locale- pour mieux approcher les r\u00e9alit\u00e9s du terrain et cerner les nombreuses particularit\u00e9s de cette \u00eele au milieu du fleuve Saloum.\u00a0<\/span><\/p>\n<p>&nbsp;<\/p>\n<div id=\"attachment_1786\" style=\"width: 310px\" class=\"wp-caption alignleft\"><a href=\"http:\/\/www.unenfantuncartable17.fr\/wp-content\/uploads\/2018\/10\/MFFK-141018.jpg\"><img loading=\"lazy\" decoding=\"async\" aria-describedby=\"caption-attachment-1786\" class=\"size-medium wp-image-1786\" src=\"http:\/\/www.unenfantuncartable17.fr\/wp-content\/uploads\/2018\/10\/MFFK-141018-300x198.jpg\" alt=\"\" width=\"300\" height=\"198\" srcset=\"http:\/\/www.unenfantuncartable17.fr\/wp-content\/uploads\/2018\/10\/MFFK-141018-300x198.jpg 300w, http:\/\/www.unenfantuncartable17.fr\/wp-content\/uploads\/2018\/10\/MFFK-141018-768x508.jpg 768w, http:\/\/www.unenfantuncartable17.fr\/wp-content\/uploads\/2018\/10\/MFFK-141018.jpg 903w\" sizes=\"auto, (max-width: 300px) 100vw, 300px\" \/><\/a><p id=\"caption-attachment-1786\" class=\"wp-caption-text\"><span style=\"font-size: 12pt;\"><strong><span style=\"font-family: arial, helvetica, sans-serif; color: #993300;\">Une cal\u00e8che pour Wandi\u00e9 <span style=\"font-size: 8pt;\">(photo CB)<\/span><\/span><\/strong><\/span><\/p><\/div>\n<p><span style=\"color: #993300; font-family: 'arial black', sans-serif; font-size: 14pt;\">Les sacs et les trousses fabriqu\u00e9s sur place par un couple de couturiers ont \u00e9t\u00e9 au rendez-vous de la qualit\u00e9 attendue, et s&rsquo;il y a eu quelques manques dans la livraison de fournitures, le papetier a accept\u00e9 de les rembourser, plut\u00f4t que de proc\u00e9der \u00e0 un avoir comme par le pass\u00e9. Il n&#8217;emp\u00eache, le temps est venu de changer de fournisseur et nous avons entam\u00e9 des d\u00e9marches aupr\u00e8s de concurrents \u00e0 qui nous transmettrons des demandes de devis apr\u00e8s la prochaine mission au printemps.<\/span><\/p>\n<p><span style=\"color: #993300; font-family: 'arial black', sans-serif; font-size: 14pt;\">L&rsquo;apport budg\u00e9taire tr\u00e8s important des diff\u00e9rentes \u00e9coles de l&rsquo;agglom\u00e9ration de La Rochelle, gr\u00e2ce aux diff\u00e9rentes courses de la solidarit\u00e9 qu&rsquo;elles ont organis\u00e9es depuis 2 ans dans le sillage de l&rsquo;\u00e9cole Marie Marvingt de Laleu et de celle de Marsilly, nous permet d&rsquo;envisager<strong><span style=\"color: #808000;\"> la fourniture en quantit\u00e9s plus importantes encore de livres et de manuels. Une occasion de faciliter le travail des enseignants et l&rsquo;apprentissages des \u00e9l\u00e8ves.<\/span><\/strong><\/span><\/p>\n<div id=\"attachment_1787\" style=\"width: 310px\" class=\"wp-caption alignleft\"><a href=\"http:\/\/www.unenfantuncartable17.fr\/wp-content\/uploads\/2018\/10\/Maternelle-ML.jpg\"><img loading=\"lazy\" decoding=\"async\" aria-describedby=\"caption-attachment-1787\" class=\"size-medium wp-image-1787\" src=\"http:\/\/www.unenfantuncartable17.fr\/wp-content\/uploads\/2018\/10\/Maternelle-ML-300x199.jpg\" alt=\"\" width=\"300\" height=\"199\" srcset=\"http:\/\/www.unenfantuncartable17.fr\/wp-content\/uploads\/2018\/10\/Maternelle-ML-300x199.jpg 300w, http:\/\/www.unenfantuncartable17.fr\/wp-content\/uploads\/2018\/10\/Maternelle-ML-768x509.jpg 768w, http:\/\/www.unenfantuncartable17.fr\/wp-content\/uploads\/2018\/10\/Maternelle-ML.jpg 900w\" sizes=\"auto, (max-width: 300px) 100vw, 300px\" \/><\/a><p id=\"caption-attachment-1787\" class=\"wp-caption-text\"><span style=\"font-size: 12pt;\"><strong><span style=\"font-family: arial, helvetica, sans-serif; color: #993300;\">Exercices en maternelle <span style=\"font-size: 8pt;\">(photo CB)<\/span><\/span><\/strong><\/span><\/p><\/div>\n<p><span style=\"font-family: 'arial black', sans-serif; font-size: 14pt; color: #993300;\"><span style=\"color: #808000;\"><strong>Les cours de renforcement ont \u00e9t\u00e9 mis en place \u00e0 l&rsquo;\u00e9cole primaire de Mar Lodj pour les 36 \u00e9l\u00e8ves de CM2 qui pr\u00e9parent le certificat d&rsquo;\u00e9tudes et l&rsquo;entr\u00e9e en 6\u00e8<\/strong>.<\/span> Un premier bilan d&rsquo;\u00e9tape sera fait au printemps qui mesurera les progr\u00e8s des \u00e9l\u00e8ves, notamment en maths et en fran\u00e7ais. Si ce qui n&rsquo;est encore qu&rsquo;une exp\u00e9rience donne de bons r\u00e9sultats sur le nombre d&rsquo;admis aux examens, elle pourra \u00eatre \u00e9tendue aux \u00e9l\u00e8ves de CM1 de la m\u00eame \u00e9cole. Rappelons que les r\u00e9sultats de juin dernier \u00e9taient am\u00e9liorables : 34% seulement des \u00e9l\u00e8ves avaient r\u00e9ussi le certificat d&rsquo;\u00e9tudes et 50% l&rsquo;examen d&rsquo;entr\u00e9e en 6 \u00e8me\u00a0<strong><span style=\"color: #808000;\">(2).<\/span><\/strong><\/span><\/p>\n<p><strong><span style=\"font-family: 'arial black', sans-serif; color: #808000;\">(1) voir le d\u00e9tail dans l&rsquo;article pr\u00e9c\u00e9dent du 13 juillet<\/span><\/strong><\/p>\n<p><strong><span style=\"font-family: 'arial black', sans-serif; color: #808000;\">(2) cet examen ne comporte pas de maths.<\/span><\/strong><\/p>\n","protected":false},"excerpt":{"rendered":"<p>Plus d&rsquo;une tonne de mat\u00e9riel\u00a0(1) (des milliers de cahiers, de stylos et de crayons, des centaines de taille-crayons, de gommes, de rapporteurs, d&rsquo;\u00e9querres et de compas&#8230;) 850 livres de toutes mati\u00e8res, 195 sacs, 220 trousses. Le tout pour 900 \u00e9l\u00e8ves\u00a0dont 80 de maternelle, plus de 50% de filles, 7 \u00e9coles, 34 instituteurs. Et comme toujours, [&hellip;]<\/p>\n","protected":false},"author":2,"featured_media":0,"comment_status":"open","ping_status":"open","sticky":false,"template":"","format":"standard","meta":{"jetpack_post_was_ever_published":false,"_jetpack_newsletter_access":"","_jetpack_dont_email_post_to_subs":true,"_jetpack_newsletter_tier_id":0,"_jetpack_memberships_contains_paywalled_content":false,"_jetpack_memberships_contains_paid_content":false,"footnotes":""},"categories":[1],"tags":[],"class_list":["post-1768","post","type-post","status-publish","format-standard","hentry","category-non-classe"],"jetpack_featured_media_url":"","jetpack_sharing_enabled":true,"jetpack_shortlink":"https:\/\/wp.me\/p5o8j7-sw","_links":{"self":[{"href":"http:\/\/www.unenfantuncartable17.fr\/index.php?rest_route=\/wp\/v2\/posts\/1768","targetHints":{"allow":["GET"]}}],"collection":[{"href":"http:\/\/www.unenfantuncartable17.fr\/index.php?rest_route=\/wp\/v2\/posts"}],"about":[{"href":"http:\/\/www.unenfantuncartable17.fr\/index.php?rest_route=\/wp\/v2\/types\/post"}],"author":[{"embeddable":true,"href":"http:\/\/www.unenfantuncartable17.fr\/index.php?rest_route=\/wp\/v2\/users\/2"}],"replies":[{"embeddable":true,"href":"http:\/\/www.unenfantuncartable17.fr\/index.php?rest_route=%2Fwp%2Fv2%2Fcomments&post=1768"}],"version-history":[{"count":41,"href":"http:\/\/www.unenfantuncartable17.fr\/index.php?rest_route=\/wp\/v2\/posts\/1768\/revisions"}],"predecessor-version":[{"id":1813,"href":"http:\/\/www.unenfantuncartable17.fr\/index.php?rest_route=\/wp\/v2\/posts\/1768\/revisions\/1813"}],"wp:attachment":[{"href":"http:\/\/www.unenfantuncartable17.fr\/index.php?rest_route=%2Fwp%2Fv2%2Fmedia&parent=1768"}],"wp:term":[{"taxonomy":"category","embeddable":true,"href":"http:\/\/www.unenfantuncartable17.fr\/index.php?rest_route=%2Fwp%2Fv2%2Fcategories&post=1768"},{"taxonomy":"post_tag","embeddable":true,"href":"http:\/\/www.unenfantuncartable17.fr\/index.php?rest_route=%2Fwp%2Fv2%2Ftags&post=1768"}],"curies":[{"name":"wp","href":"https:\/\/api.w.org\/{rel}","templated":true}]}}