{"id":17,"date":"2014-04-13T08:44:00","date_gmt":"2014-04-13T08:44:00","guid":{"rendered":"http:\/\/www.unenfantuncartable17.fr\/?p=17"},"modified":"2015-01-26T16:59:38","modified_gmt":"2015-01-26T15:59:38","slug":"une-ag-tres-animee","status":"publish","type":"post","link":"http:\/\/www.unenfantuncartable17.fr\/?p=17","title":{"rendered":"Une AG 2014 tr\u00e8s anim\u00e9e"},"content":{"rendered":"<div class=\"ob-section ob-section-html\">\n<p style=\"margin: 0cm 0cm 10pt; text-align: justify; line-height: normal; mso-margin-top-alt: auto; mso-margin-bottom-alt: auto; mso-outline-level: 1;\"><span style=\"color: #993300; font-family: arial, helvetica, sans-serif; font-size: 14pt;\"><strong>Devant\u00a0plus de 60\u00a0d&rsquo;adh\u00e9rents, l&rsquo;assembl\u00e9e g\u00e9n\u00e9rale s&rsquo;est tenue le 11 avril 2014\u00a0\u00e0 la Maison de Quartier de Port Neuf.<\/strong><\/span><\/p>\n<p style=\"margin: 0cm 0cm 10pt; text-align: justify; line-height: normal; mso-margin-top-alt: auto; mso-margin-bottom-alt: auto; mso-outline-level: 1;\"><span style=\"color: #993300; font-family: arial, helvetica, sans-serif; font-size: 14pt;\"><strong>Avant de commencer, le pr\u00e9sident a\u00a0salu\u00e9 la m\u00e9moire de Jean-Pierre Signorotti et Henry Grandjean,\u00a0deux adh\u00e9rents r\u00e9cemment d\u00e9c\u00e9d\u00e9s, qui avaient \u00e9t\u00e9 parmi les premiers \u00e0 s&rsquo;engager \u00e0 nos c\u00f4t\u00e9s.<\/strong><\/span><\/p>\n<p style=\"margin: 0cm 0cm 10pt; text-align: justify; line-height: normal; mso-margin-top-alt: auto; mso-margin-bottom-alt: auto; mso-outline-level: 1;\"><span style=\"color: #808000;\"><strong><span style=\"font-family: arial, helvetica, sans-serif; font-size: 14pt;\">Le pr\u00e9sident a \u00e9galement remerci\u00e9 Roger Lepeix, pr\u00e9sident d&rsquo;Entraide et Solidarit\u00e9 de la Libre Pens\u00e9e et premier\u00a0contributeur partenarial depuis 3 ans,\u00a0de sa pr\u00e9sence lors de ce moment important de la vie de l&rsquo;association.<\/span><\/strong><\/span><\/p>\n<p style=\"margin: 0cm 0cm 10pt; text-align: justify; line-height: normal; mso-margin-top-alt: auto; mso-margin-bottom-alt: auto; mso-outline-level: 1;\"><span style=\"color: #993300; font-family: arial, helvetica, sans-serif; font-size: 14pt;\"><strong>Le rapport moral, le rapport d&rsquo;activit\u00e9 et les orientations ont ensuite \u00e9t\u00e9 pr\u00e9sent\u00e9s par le pr\u00e9sident, le vice-pr\u00e9sident et le secr\u00e9taire.<\/strong><\/span><\/p>\n<p style=\"margin: 0cm 0cm 10pt; text-align: justify; line-height: normal; mso-margin-top-alt: auto; mso-margin-bottom-alt: auto; mso-outline-level: 1;\"><span style=\"color: #99cc00; font-family: arial black,avant garde;\"><strong><span style=\"font-size: 12pt; mso-fareast-font-family: 'Times New Roman'; mso-font-kerning: 18.0pt; mso-fareast-language: FR;\"><img loading=\"lazy\" decoding=\"async\" class=\"noAlign\" src=\"http:\/\/img.over-blog.com\/300x198\/3\/86\/53\/13\/DSC_0024.JPG\" alt=\"DSC_0024.JPG\" width=\"300\" height=\"198\" \/>\u00a0<span style=\"font-family: arial, helvetica, sans-serif; font-size: 10pt; color: #993300;\">Roger Lepeix, pr\u00e9sident d&rsquo;Entraide et Solidarit\u00e9 de la Libre Pens\u00e9e (\u00e0 gauche) assistait \u00e0 l&rsquo;assembl\u00e9e g\u00e9n\u00e9rale aux c\u00f4t\u00e9s de Philippe Moquet, Jean-Claude Brossard, Guy Nakache et Jean-Jacques Moulinet (absent sur la photo)<\/span><\/span><\/strong><\/span><span style=\"font-family: arial,helvetica,sans-serif; color: #99cc00;\"><strong><span style=\"font-size: 12pt; mso-fareast-font-family: 'Times New Roman'; mso-fareast-language: FR; mso-font-kerning: 18.0pt;\"><br \/><\/span><\/strong><\/span><\/p>\n<p style=\"margin: 0cm 0cm 10pt; text-align: justify; line-height: normal; mso-margin-top-alt: auto; mso-margin-bottom-alt: auto; mso-outline-level: 1;\"><span style=\"font-family: arial, helvetica, sans-serif; font-size: 14pt; color: #993300;\"><strong><span style=\"text-decoration: underline;\">\u00a0<\/span><\/strong><\/span><\/p>\n<p style=\"margin: 0cm 0cm 10pt; text-align: justify; line-height: normal; mso-margin-top-alt: auto; mso-margin-bottom-alt: auto; mso-outline-level: 1;\"><span style=\"font-family: arial, helvetica, sans-serif; font-size: 14pt; color: #993300;\"><strong><span style=\"text-decoration: underline;\">Lire la suite:<\/span>\u00a0 <a href=\"http:\/\/www.unenfantuncartable17.fr\/wp-content\/uploads\/2014\/04\/Rapport-moral.docx\">Rapport moral<\/a><\/strong><\/span><\/p>\n<p style=\"margin: 0cm 0cm 10pt; text-align: justify; line-height: normal; mso-margin-top-alt: auto; mso-margin-bottom-alt: auto; mso-outline-level: 1;\">\u00a0<\/p>\n<\/div>\n","protected":false},"excerpt":{"rendered":"<p>Devant\u00a0plus de 60\u00a0d&rsquo;adh\u00e9rents, l&rsquo;assembl\u00e9e g\u00e9n\u00e9rale s&rsquo;est tenue le 11 avril 2014\u00a0\u00e0 la Maison de Quartier de Port Neuf. Avant de commencer, le pr\u00e9sident a\u00a0salu\u00e9 la m\u00e9moire de Jean-Pierre Signorotti et Henry Grandjean,\u00a0deux adh\u00e9rents r\u00e9cemment d\u00e9c\u00e9d\u00e9s, qui avaient \u00e9t\u00e9 parmi les premiers \u00e0 s&rsquo;engager \u00e0 nos c\u00f4t\u00e9s. Le pr\u00e9sident a \u00e9galement remerci\u00e9 Roger Lepeix, pr\u00e9sident d&rsquo;Entraide [&hellip;]<\/p>\n","protected":false},"author":2,"featured_media":0,"comment_status":"open","ping_status":"open","sticky":false,"template":"","format":"standard","meta":{"jetpack_post_was_ever_published":false,"_jetpack_newsletter_access":"","_jetpack_dont_email_post_to_subs":false,"_jetpack_newsletter_tier_id":0,"_jetpack_memberships_contains_paywalled_content":false,"_jetpack_memberships_contains_paid_content":false,"footnotes":""},"categories":[1],"tags":[],"class_list":["post-17","post","type-post","status-publish","format-standard","hentry","category-non-classe"],"jetpack_featured_media_url":"","jetpack_sharing_enabled":true,"jetpack_shortlink":"https:\/\/wp.me\/p5o8j7-h","_links":{"self":[{"href":"http:\/\/www.unenfantuncartable17.fr\/index.php?rest_route=\/wp\/v2\/posts\/17","targetHints":{"allow":["GET"]}}],"collection":[{"href":"http:\/\/www.unenfantuncartable17.fr\/index.php?rest_route=\/wp\/v2\/posts"}],"about":[{"href":"http:\/\/www.unenfantuncartable17.fr\/index.php?rest_route=\/wp\/v2\/types\/post"}],"author":[{"embeddable":true,"href":"http:\/\/www.unenfantuncartable17.fr\/index.php?rest_route=\/wp\/v2\/users\/2"}],"replies":[{"embeddable":true,"href":"http:\/\/www.unenfantuncartable17.fr\/index.php?rest_route=%2Fwp%2Fv2%2Fcomments&post=17"}],"version-history":[{"count":20,"href":"http:\/\/www.unenfantuncartable17.fr\/index.php?rest_route=\/wp\/v2\/posts\/17\/revisions"}],"predecessor-version":[{"id":604,"href":"http:\/\/www.unenfantuncartable17.fr\/index.php?rest_route=\/wp\/v2\/posts\/17\/revisions\/604"}],"wp:attachment":[{"href":"http:\/\/www.unenfantuncartable17.fr\/index.php?rest_route=%2Fwp%2Fv2%2Fmedia&parent=17"}],"wp:term":[{"taxonomy":"category","embeddable":true,"href":"http:\/\/www.unenfantuncartable17.fr\/index.php?rest_route=%2Fwp%2Fv2%2Fcategories&post=17"},{"taxonomy":"post_tag","embeddable":true,"href":"http:\/\/www.unenfantuncartable17.fr\/index.php?rest_route=%2Fwp%2Fv2%2Ftags&post=17"}],"curies":[{"name":"wp","href":"https:\/\/api.w.org\/{rel}","templated":true}]}}