{"id":1679,"date":"2018-06-18T11:03:22","date_gmt":"2018-06-18T10:03:22","guid":{"rendered":"http:\/\/www.unenfantuncartable17.fr\/?p=1679"},"modified":"2018-06-18T11:03:22","modified_gmt":"2018-06-18T10:03:22","slug":"premieres-courses-pour-lecole-jean-ferrat-de-marsilly","status":"publish","type":"post","link":"http:\/\/www.unenfantuncartable17.fr\/?p=1679","title":{"rendered":"Premi\u00e8res courses pour l&rsquo;\u00e9cole Jean Ferrat de Marsilly"},"content":{"rendered":"<p><span style=\"font-size: 14pt; color: #993300;\"><strong><span style=\"font-family: 'arial black', sans-serif;\"><br \/>\n Pour une premi\u00e8re ce fut une r\u00e9ussite ! Le 5 juin, les <span style=\"color: #808000;\">168 enfants de l&rsquo;\u00e9cole \u00e9l\u00e9mentaire de Marsilly ont tous particip\u00e9 aux premi\u00e8res courses solidaires<\/span> organis\u00e9es par les enseignants emmen\u00e9s par Syvie Giraudon, la directrice, et Leslie Taraud, l&rsquo;initiatrice de la manifestation, au b\u00e9n\u00e9fice de notre association.<\/span><\/strong><\/span><\/p>\n<div id=\"attachment_1680\" style=\"width: 310px\" class=\"wp-caption alignleft\"><a href=\"http:\/\/www.unenfantuncartable17.fr\/wp-content\/uploads\/2018\/06\/20180605_093600.jpg\"><img loading=\"lazy\" decoding=\"async\" aria-describedby=\"caption-attachment-1680\" class=\"size-medium wp-image-1680\" src=\"http:\/\/www.unenfantuncartable17.fr\/wp-content\/uploads\/2018\/06\/20180605_093600-300x225.jpg\" alt=\"\" width=\"300\" height=\"225\" srcset=\"http:\/\/www.unenfantuncartable17.fr\/wp-content\/uploads\/2018\/06\/20180605_093600-300x225.jpg 300w, http:\/\/www.unenfantuncartable17.fr\/wp-content\/uploads\/2018\/06\/20180605_093600-768x576.jpg 768w, http:\/\/www.unenfantuncartable17.fr\/wp-content\/uploads\/2018\/06\/20180605_093600.jpg 1024w\" sizes=\"auto, (max-width: 300px) 100vw, 300px\" \/><\/a><p id=\"caption-attachment-1680\" class=\"wp-caption-text\"><span style=\"color: #993300; font-family: arial, helvetica, sans-serif;\">Pr\u00e9paratifs pour le CP<\/span><\/p><\/div>\n<p><span style=\"font-size: 14pt; color: #993300;\"><strong><span style=\"font-family: 'arial black', sans-serif;\">Dans une belle ambiance, et largement soutenus par les parents venus en nombre jouer les supporteurs, les \u00e9l\u00e8ves <span style=\"color: #808000;\">du CP au CM2<\/span> se sont \u00e9lanc\u00e9s pour des courses allant de<span style=\"color: #808000;\"> 4 \u00e0 14 minutes,<\/span> selon les niveaux. L&rsquo;objectif n&rsquo;\u00e9tait pas, bien s\u00fbr, de gagner individuellement, mais de courir un maximum de tours, sanctionn\u00e9s d&rsquo;un \u00e9lastique \u00e0 chaque passage. Une course collective. Et autant d&rsquo;\u00e9lastiques, autant de fois la somme convenue \u00e0 l&rsquo;avance avec les parrains et marraines. <span style=\"color: #808000;\">Une somme de 2700 euros<\/span> a donc \u00e9t\u00e9 r\u00e9colt\u00e9e, qui va s&rsquo;int\u00e9grer au budget de l&rsquo;association, pour aider les \u00e9l\u00e8ves de l&rsquo;\u00eele de Mar Lodj. <span style=\"color: #808000;\">L&rsquo;\u00e9quivalent de 270 cartables complets pour un an.<\/span><\/span><\/strong><\/span><\/p>\n<p><div id=\"attachment_1751\" style=\"width: 310px\" class=\"wp-caption alignleft\"><a href=\"http:\/\/www.unenfantuncartable17.fr\/wp-content\/uploads\/2018\/06\/20180618_104109-bd.jpg\"><img loading=\"lazy\" decoding=\"async\" aria-describedby=\"caption-attachment-1751\" class=\"size-medium wp-image-1751\" src=\"http:\/\/www.unenfantuncartable17.fr\/wp-content\/uploads\/2018\/06\/20180618_104109-bd-300x225.jpg\" alt=\"\" width=\"300\" height=\"225\" srcset=\"http:\/\/www.unenfantuncartable17.fr\/wp-content\/uploads\/2018\/06\/20180618_104109-bd-300x225.jpg 300w, http:\/\/www.unenfantuncartable17.fr\/wp-content\/uploads\/2018\/06\/20180618_104109-bd-768x576.jpg 768w, http:\/\/www.unenfantuncartable17.fr\/wp-content\/uploads\/2018\/06\/20180618_104109-bd.jpg 1024w\" sizes=\"auto, (max-width: 300px) 100vw, 300px\" \/><\/a><p id=\"caption-attachment-1751\" class=\"wp-caption-text\"><span style=\"font-family: arial, helvetica, sans-serif; font-size: 12pt; color: #993300;\">Les enseignantes de l&rsquo;\u00e9cole<\/span><\/p><\/div> <div id=\"attachment_1681\" style=\"width: 310px\" class=\"wp-caption alignright\"><a href=\"http:\/\/www.unenfantuncartable17.fr\/wp-content\/uploads\/2018\/06\/20180605_093747.jpg\"><img loading=\"lazy\" decoding=\"async\" aria-describedby=\"caption-attachment-1681\" class=\"size-medium wp-image-1681\" src=\"http:\/\/www.unenfantuncartable17.fr\/wp-content\/uploads\/2018\/06\/20180605_093747-300x225.jpg\" alt=\"\" width=\"300\" height=\"225\" srcset=\"http:\/\/www.unenfantuncartable17.fr\/wp-content\/uploads\/2018\/06\/20180605_093747-300x225.jpg 300w, http:\/\/www.unenfantuncartable17.fr\/wp-content\/uploads\/2018\/06\/20180605_093747-768x576.jpg 768w, http:\/\/www.unenfantuncartable17.fr\/wp-content\/uploads\/2018\/06\/20180605_093747.jpg 1024w\" sizes=\"auto, (max-width: 300px) 100vw, 300px\" \/><\/a><p id=\"caption-attachment-1681\" class=\"wp-caption-text\"><span style=\"font-family: arial, helvetica, sans-serif; color: #993300;\">Les CP<\/span><\/p><\/div><\/p>\n<p>&nbsp;<\/p>\n<p>&nbsp;<\/p>\n<p>&nbsp;<\/p>\n<p>&nbsp;<\/p>\n<p>&nbsp;<\/p>\n<p>&nbsp;<\/p>\n<p>&nbsp;<\/p>\n<p><span style=\"font-size: 14pt; color: #993300;\"><strong><span style=\"font-family: 'arial black', sans-serif;\">Nous \u00e9tions intervenus quelques semaines auparavant pour expliquer aux \u00e9l\u00e8ves le sens de notre action \u00e0 l&rsquo;aide de diff\u00e9rents documents et photos pris sur place.<\/span><\/strong><\/span><\/p>\n<p><span style=\"font-size: 14pt; color: #808000;\"><strong><span style=\"font-family: 'arial black', sans-serif;\">Un grand merci aux \u00e9l\u00e8ves et \u00e0 leurs enseignants pour leur disponibilit\u00e9 et leur participation. D\u00e9sormais, l&rsquo;\u00e9cole de <\/span><\/strong><\/span><span style=\"font-size: 14pt; color: #808000;\"><strong><span style=\"font-family: 'arial black', sans-serif;\">Marsilly sera connue\u00a0dans<\/span><\/strong><\/span><span style=\"font-size: 14pt; font-family: 'arial black', sans-serif; color: #808000;\">\u00a0la brousse s\u00e9n\u00e9galaise ! <\/span><\/p>\n<p><span style=\"font-size: 14pt; font-family: 'arial black', sans-serif; color: #993300;\">Retour en photos sur cette belle matin\u00e9e.<\/span><\/p>\n<p><span style=\"font-size: 14pt; font-family: 'arial black', sans-serif; color: #808000;\"><a href=\"http:\/\/www.unenfantuncartable17.fr\/wp-content\/uploads\/2018\/06\/20180605_095921.jpg\"><img loading=\"lazy\" decoding=\"async\" class=\"size-medium wp-image-1699 alignleft\" src=\"http:\/\/www.unenfantuncartable17.fr\/wp-content\/uploads\/2018\/06\/20180605_095921-300x225.jpg\" alt=\"\" width=\"300\" height=\"225\" srcset=\"http:\/\/www.unenfantuncartable17.fr\/wp-content\/uploads\/2018\/06\/20180605_095921-300x225.jpg 300w, http:\/\/www.unenfantuncartable17.fr\/wp-content\/uploads\/2018\/06\/20180605_095921-768x576.jpg 768w, http:\/\/www.unenfantuncartable17.fr\/wp-content\/uploads\/2018\/06\/20180605_095921.jpg 1024w\" sizes=\"auto, (max-width: 300px) 100vw, 300px\" \/><\/a><\/span><\/p>\n<p><img loading=\"lazy\" decoding=\"async\" class=\"size-medium wp-image-1719 alignright\" src=\"http:\/\/www.unenfantuncartable17.fr\/wp-content\/uploads\/2018\/06\/20180605_102815-300x225.jpg\" alt=\"\" width=\"300\" height=\"225\" srcset=\"http:\/\/www.unenfantuncartable17.fr\/wp-content\/uploads\/2018\/06\/20180605_102815-300x225.jpg 300w, http:\/\/www.unenfantuncartable17.fr\/wp-content\/uploads\/2018\/06\/20180605_102815-768x576.jpg 768w, http:\/\/www.unenfantuncartable17.fr\/wp-content\/uploads\/2018\/06\/20180605_102815.jpg 1024w\" sizes=\"auto, (max-width: 300px) 100vw, 300px\" \/><\/p>\n<p>&nbsp;<\/p>\n<p>&nbsp;<\/p>\n<p><a href=\"http:\/\/www.unenfantuncartable17.fr\/wp-content\/uploads\/2018\/06\/20180605_103819.jpg\"><img loading=\"lazy\" decoding=\"async\" class=\"size-medium wp-image-1717 alignright\" src=\"http:\/\/www.unenfantuncartable17.fr\/wp-content\/uploads\/2018\/06\/20180605_103819-300x225.jpg\" alt=\"\" width=\"300\" height=\"225\" srcset=\"http:\/\/www.unenfantuncartable17.fr\/wp-content\/uploads\/2018\/06\/20180605_103819-300x225.jpg 300w, http:\/\/www.unenfantuncartable17.fr\/wp-content\/uploads\/2018\/06\/20180605_103819-768x576.jpg 768w, http:\/\/www.unenfantuncartable17.fr\/wp-content\/uploads\/2018\/06\/20180605_103819.jpg 1024w\" sizes=\"auto, (max-width: 300px) 100vw, 300px\" \/><\/a><\/p>\n<p><a href=\"http:\/\/www.unenfantuncartable17.fr\/wp-content\/uploads\/2018\/06\/20180605_102732.jpg\"><img loading=\"lazy\" decoding=\"async\" class=\"size-medium wp-image-1714 alignleft\" src=\"http:\/\/www.unenfantuncartable17.fr\/wp-content\/uploads\/2018\/06\/20180605_102732-300x225.jpg\" alt=\"\" width=\"300\" height=\"225\" srcset=\"http:\/\/www.unenfantuncartable17.fr\/wp-content\/uploads\/2018\/06\/20180605_102732-300x225.jpg 300w, http:\/\/www.unenfantuncartable17.fr\/wp-content\/uploads\/2018\/06\/20180605_102732-768x576.jpg 768w, http:\/\/www.unenfantuncartable17.fr\/wp-content\/uploads\/2018\/06\/20180605_102732.jpg 1024w\" sizes=\"auto, (max-width: 300px) 100vw, 300px\" \/><\/a><\/p>\n<p><img loading=\"lazy\" decoding=\"async\" class=\"size-medium wp-image-1712 alignright\" src=\"http:\/\/www.unenfantuncartable17.fr\/wp-content\/uploads\/2018\/06\/20180605_102339-300x225.jpg\" alt=\"\" width=\"300\" height=\"225\" srcset=\"http:\/\/www.unenfantuncartable17.fr\/wp-content\/uploads\/2018\/06\/20180605_102339-300x225.jpg 300w, http:\/\/www.unenfantuncartable17.fr\/wp-content\/uploads\/2018\/06\/20180605_102339-768x576.jpg 768w, http:\/\/www.unenfantuncartable17.fr\/wp-content\/uploads\/2018\/06\/20180605_102339.jpg 1024w\" sizes=\"auto, (max-width: 300px) 100vw, 300px\" \/><\/p>\n<p>&nbsp;<\/p>\n<p><span style=\"font-size: 14pt; font-family: 'arial black', sans-serif; color: #808000;\"><span style=\"color: #993300;\"><img loading=\"lazy\" decoding=\"async\" class=\"size-medium wp-image-1710 alignleft\" src=\"http:\/\/www.unenfantuncartable17.fr\/wp-content\/uploads\/2018\/06\/20180605_101607-300x225.jpg\" alt=\"\" width=\"300\" height=\"225\" srcset=\"http:\/\/www.unenfantuncartable17.fr\/wp-content\/uploads\/2018\/06\/20180605_101607-300x225.jpg 300w, http:\/\/www.unenfantuncartable17.fr\/wp-content\/uploads\/2018\/06\/20180605_101607-768x576.jpg 768w, http:\/\/www.unenfantuncartable17.fr\/wp-content\/uploads\/2018\/06\/20180605_101607.jpg 1024w\" sizes=\"auto, (max-width: 300px) 100vw, 300px\" \/><\/span><\/span><\/p>\n<p>&nbsp;<\/p>\n<p>&nbsp;<\/p>\n<p><a href=\"http:\/\/www.unenfantuncartable17.fr\/wp-content\/uploads\/2018\/06\/20180605_101303.jpg\"><img loading=\"lazy\" decoding=\"async\" class=\"size-medium wp-image-1707 alignright\" src=\"http:\/\/www.unenfantuncartable17.fr\/wp-content\/uploads\/2018\/06\/20180605_101303-300x225.jpg\" alt=\"\" width=\"300\" height=\"225\" srcset=\"http:\/\/www.unenfantuncartable17.fr\/wp-content\/uploads\/2018\/06\/20180605_101303-300x225.jpg 300w, http:\/\/www.unenfantuncartable17.fr\/wp-content\/uploads\/2018\/06\/20180605_101303-768x576.jpg 768w, http:\/\/www.unenfantuncartable17.fr\/wp-content\/uploads\/2018\/06\/20180605_101303.jpg 1024w\" sizes=\"auto, (max-width: 300px) 100vw, 300px\" \/><\/a><\/p>\n<p>&nbsp;<\/p>\n<p>&nbsp;<\/p>\n<p><a href=\"http:\/\/www.unenfantuncartable17.fr\/wp-content\/uploads\/2018\/06\/20180605_101018.jpg\"><img loading=\"lazy\" decoding=\"async\" class=\"size-medium wp-image-1702 alignleft\" src=\"http:\/\/www.unenfantuncartable17.fr\/wp-content\/uploads\/2018\/06\/20180605_101018-300x225.jpg\" alt=\"\" width=\"300\" height=\"225\" srcset=\"http:\/\/www.unenfantuncartable17.fr\/wp-content\/uploads\/2018\/06\/20180605_101018-300x225.jpg 300w, http:\/\/www.unenfantuncartable17.fr\/wp-content\/uploads\/2018\/06\/20180605_101018-768x576.jpg 768w, http:\/\/www.unenfantuncartable17.fr\/wp-content\/uploads\/2018\/06\/20180605_101018.jpg 1024w\" sizes=\"auto, (max-width: 300px) 100vw, 300px\" \/><\/a><\/p>\n<p><a href=\"http:\/\/www.unenfantuncartable17.fr\/wp-content\/uploads\/2018\/06\/20180605_101022.jpg\"><img loading=\"lazy\" decoding=\"async\" class=\"size-medium wp-image-1701 alignright\" src=\"http:\/\/www.unenfantuncartable17.fr\/wp-content\/uploads\/2018\/06\/20180605_101022-300x225.jpg\" alt=\"\" width=\"300\" height=\"225\" srcset=\"http:\/\/www.unenfantuncartable17.fr\/wp-content\/uploads\/2018\/06\/20180605_101022-300x225.jpg 300w, http:\/\/www.unenfantuncartable17.fr\/wp-content\/uploads\/2018\/06\/20180605_101022-768x576.jpg 768w, http:\/\/www.unenfantuncartable17.fr\/wp-content\/uploads\/2018\/06\/20180605_101022.jpg 1024w\" sizes=\"auto, (max-width: 300px) 100vw, 300px\" \/><\/a><\/p>\n<p><a href=\"http:\/\/www.unenfantuncartable17.fr\/wp-content\/uploads\/2018\/06\/20180605_095759-1.jpg\"><img loading=\"lazy\" decoding=\"async\" class=\"size-medium wp-image-1696 alignleft\" src=\"http:\/\/www.unenfantuncartable17.fr\/wp-content\/uploads\/2018\/06\/20180605_095759-1-300x225.jpg\" alt=\"\" width=\"300\" height=\"225\" srcset=\"http:\/\/www.unenfantuncartable17.fr\/wp-content\/uploads\/2018\/06\/20180605_095759-1-300x225.jpg 300w, http:\/\/www.unenfantuncartable17.fr\/wp-content\/uploads\/2018\/06\/20180605_095759-1-768x576.jpg 768w, http:\/\/www.unenfantuncartable17.fr\/wp-content\/uploads\/2018\/06\/20180605_095759-1.jpg 1024w\" sizes=\"auto, (max-width: 300px) 100vw, 300px\" \/><\/a><\/p>\n<p><span style=\"font-size: 14pt; font-family: 'arial black', sans-serif; color: #808000;\"><a href=\"http:\/\/www.unenfantuncartable17.fr\/wp-content\/uploads\/2018\/06\/20180605_095855-1.jpg\"><img loading=\"lazy\" decoding=\"async\" class=\"size-medium wp-image-1694 alignright\" src=\"http:\/\/www.unenfantuncartable17.fr\/wp-content\/uploads\/2018\/06\/20180605_095855-1-300x225.jpg\" alt=\"\" width=\"300\" height=\"225\" srcset=\"http:\/\/www.unenfantuncartable17.fr\/wp-content\/uploads\/2018\/06\/20180605_095855-1-300x225.jpg 300w, http:\/\/www.unenfantuncartable17.fr\/wp-content\/uploads\/2018\/06\/20180605_095855-1-768x576.jpg 768w, http:\/\/www.unenfantuncartable17.fr\/wp-content\/uploads\/2018\/06\/20180605_095855-1.jpg 1024w\" sizes=\"auto, (max-width: 300px) 100vw, 300px\" \/><\/a><\/span><\/p>\n<p><a href=\"http:\/\/www.unenfantuncartable17.fr\/wp-content\/uploads\/2018\/06\/20180605_095825.jpg\"><img loading=\"lazy\" decoding=\"async\" class=\"size-medium wp-image-1690 alignleft\" src=\"http:\/\/www.unenfantuncartable17.fr\/wp-content\/uploads\/2018\/06\/20180605_095825-300x225.jpg\" alt=\"\" width=\"300\" height=\"225\" srcset=\"http:\/\/www.unenfantuncartable17.fr\/wp-content\/uploads\/2018\/06\/20180605_095825-300x225.jpg 300w, http:\/\/www.unenfantuncartable17.fr\/wp-content\/uploads\/2018\/06\/20180605_095825-768x576.jpg 768w, http:\/\/www.unenfantuncartable17.fr\/wp-content\/uploads\/2018\/06\/20180605_095825.jpg 1024w\" sizes=\"auto, (max-width: 300px) 100vw, 300px\" \/><\/a><\/p>\n<p><span style=\"font-family: 'arial black', sans-serif; color: #993300;\"><strong><span style=\"color: #808000;\"><a style=\"color: #808000;\" href=\"http:\/\/www.unenfantuncartable17.fr\/wp-content\/uploads\/2018\/06\/20180605_094803.jpg\"><img loading=\"lazy\" decoding=\"async\" class=\"size-medium wp-image-1683 alignright\" src=\"http:\/\/www.unenfantuncartable17.fr\/wp-content\/uploads\/2018\/06\/20180605_094803-300x225.jpg\" alt=\"\" width=\"300\" height=\"225\" srcset=\"http:\/\/www.unenfantuncartable17.fr\/wp-content\/uploads\/2018\/06\/20180605_094803-300x225.jpg 300w, http:\/\/www.unenfantuncartable17.fr\/wp-content\/uploads\/2018\/06\/20180605_094803-768x576.jpg 768w, http:\/\/www.unenfantuncartable17.fr\/wp-content\/uploads\/2018\/06\/20180605_094803.jpg 1024w\" sizes=\"auto, (max-width: 300px) 100vw, 300px\" \/><\/a><\/span> <\/strong><\/span><\/p>\n<p><a href=\"http:\/\/www.unenfantuncartable17.fr\/wp-content\/uploads\/2018\/06\/20180605_095216.jpg\"><img loading=\"lazy\" decoding=\"async\" class=\"size-medium wp-image-1687 alignleft\" src=\"http:\/\/www.unenfantuncartable17.fr\/wp-content\/uploads\/2018\/06\/20180605_095216-300x225.jpg\" alt=\"\" width=\"300\" height=\"225\" srcset=\"http:\/\/www.unenfantuncartable17.fr\/wp-content\/uploads\/2018\/06\/20180605_095216-300x225.jpg 300w, http:\/\/www.unenfantuncartable17.fr\/wp-content\/uploads\/2018\/06\/20180605_095216-768x576.jpg 768w, http:\/\/www.unenfantuncartable17.fr\/wp-content\/uploads\/2018\/06\/20180605_095216.jpg 1024w\" sizes=\"auto, (max-width: 300px) 100vw, 300px\" \/><\/a><\/p>\n<p><a href=\"http:\/\/www.unenfantuncartable17.fr\/wp-content\/uploads\/2018\/06\/20180605_095759.jpg\"><img loading=\"lazy\" decoding=\"async\" class=\"size-medium wp-image-1689 alignright\" src=\"http:\/\/www.unenfantuncartable17.fr\/wp-content\/uploads\/2018\/06\/20180605_095759-300x225.jpg\" alt=\"\" width=\"300\" height=\"225\" srcset=\"http:\/\/www.unenfantuncartable17.fr\/wp-content\/uploads\/2018\/06\/20180605_095759-300x225.jpg 300w, http:\/\/www.unenfantuncartable17.fr\/wp-content\/uploads\/2018\/06\/20180605_095759-768x576.jpg 768w, http:\/\/www.unenfantuncartable17.fr\/wp-content\/uploads\/2018\/06\/20180605_095759.jpg 1024w\" sizes=\"auto, (max-width: 300px) 100vw, 300px\" \/><\/a><\/p>\n<p><a href=\"http:\/\/www.unenfantuncartable17.fr\/wp-content\/uploads\/2018\/06\/20180605_093750.jpg\"><img loading=\"lazy\" decoding=\"async\" class=\"size-medium wp-image-1684 alignleft\" src=\"http:\/\/www.unenfantuncartable17.fr\/wp-content\/uploads\/2018\/06\/20180605_093750-300x225.jpg\" alt=\"\" width=\"300\" height=\"225\" srcset=\"http:\/\/www.unenfantuncartable17.fr\/wp-content\/uploads\/2018\/06\/20180605_093750-300x225.jpg 300w, http:\/\/www.unenfantuncartable17.fr\/wp-content\/uploads\/2018\/06\/20180605_093750-768x576.jpg 768w, http:\/\/www.unenfantuncartable17.fr\/wp-content\/uploads\/2018\/06\/20180605_093750.jpg 1024w\" sizes=\"auto, (max-width: 300px) 100vw, 300px\" \/><\/a><\/p>\n","protected":false},"excerpt":{"rendered":"<p>Pour une premi\u00e8re ce fut une r\u00e9ussite ! Le 5 juin, les 168 enfants de l&rsquo;\u00e9cole \u00e9l\u00e9mentaire de Marsilly ont tous particip\u00e9 aux premi\u00e8res courses solidaires organis\u00e9es par les enseignants emmen\u00e9s par Syvie Giraudon, la directrice, et Leslie Taraud, l&rsquo;initiatrice de la manifestation, au b\u00e9n\u00e9fice de notre association. Dans une belle ambiance, et largement soutenus [&hellip;]<\/p>\n","protected":false},"author":2,"featured_media":0,"comment_status":"open","ping_status":"open","sticky":false,"template":"","format":"standard","meta":{"jetpack_post_was_ever_published":false,"_jetpack_newsletter_access":"","_jetpack_dont_email_post_to_subs":false,"_jetpack_newsletter_tier_id":0,"_jetpack_memberships_contains_paywalled_content":false,"_jetpack_memberships_contains_paid_content":false,"footnotes":""},"categories":[1],"tags":[],"class_list":["post-1679","post","type-post","status-publish","format-standard","hentry","category-non-classe"],"jetpack_featured_media_url":"","jetpack_sharing_enabled":true,"jetpack_shortlink":"https:\/\/wp.me\/p5o8j7-r5","_links":{"self":[{"href":"http:\/\/www.unenfantuncartable17.fr\/index.php?rest_route=\/wp\/v2\/posts\/1679","targetHints":{"allow":["GET"]}}],"collection":[{"href":"http:\/\/www.unenfantuncartable17.fr\/index.php?rest_route=\/wp\/v2\/posts"}],"about":[{"href":"http:\/\/www.unenfantuncartable17.fr\/index.php?rest_route=\/wp\/v2\/types\/post"}],"author":[{"embeddable":true,"href":"http:\/\/www.unenfantuncartable17.fr\/index.php?rest_route=\/wp\/v2\/users\/2"}],"replies":[{"embeddable":true,"href":"http:\/\/www.unenfantuncartable17.fr\/index.php?rest_route=%2Fwp%2Fv2%2Fcomments&post=1679"}],"version-history":[{"count":27,"href":"http:\/\/www.unenfantuncartable17.fr\/index.php?rest_route=\/wp\/v2\/posts\/1679\/revisions"}],"predecessor-version":[{"id":1753,"href":"http:\/\/www.unenfantuncartable17.fr\/index.php?rest_route=\/wp\/v2\/posts\/1679\/revisions\/1753"}],"wp:attachment":[{"href":"http:\/\/www.unenfantuncartable17.fr\/index.php?rest_route=%2Fwp%2Fv2%2Fmedia&parent=1679"}],"wp:term":[{"taxonomy":"category","embeddable":true,"href":"http:\/\/www.unenfantuncartable17.fr\/index.php?rest_route=%2Fwp%2Fv2%2Fcategories&post=1679"},{"taxonomy":"post_tag","embeddable":true,"href":"http:\/\/www.unenfantuncartable17.fr\/index.php?rest_route=%2Fwp%2Fv2%2Ftags&post=1679"}],"curies":[{"name":"wp","href":"https:\/\/api.w.org\/{rel}","templated":true}]}}