{"id":1668,"date":"2018-06-18T11:03:58","date_gmt":"2018-06-18T10:03:58","guid":{"rendered":"http:\/\/www.unenfantuncartable17.fr\/?p=1668"},"modified":"2018-06-18T11:05:24","modified_gmt":"2018-06-18T10:05:24","slug":"et-de-deux-courses-pour-lecole-marie-marvingt","status":"publish","type":"post","link":"http:\/\/www.unenfantuncartable17.fr\/?p=1668","title":{"rendered":"Et de deux courses pour l&rsquo;\u00e9cole Marie Marvingt !"},"content":{"rendered":"<p><span style=\"font-family: 'arial black', sans-serif; font-size: 14pt; color: #993300;\"><strong>On ne change pas une formule gagnante\u00a0! C&rsquo;est la devise de\u00a0<span style=\"color: #808000;\">l\u2019\u00e9cole Marie Marvingt \u00e0 la Rochelle.<\/span> <\/strong><\/span><\/p>\n<p><img loading=\"lazy\" decoding=\"async\" class=\" wp-image-1727 aligncenter\" src=\"http:\/\/www.unenfantuncartable17.fr\/wp-content\/uploads\/2018\/06\/CP-41BDef-300x224.jpg\" alt=\"\" width=\"402\" height=\"300\" srcset=\"http:\/\/www.unenfantuncartable17.fr\/wp-content\/uploads\/2018\/06\/CP-41BDef-300x224.jpg 300w, http:\/\/www.unenfantuncartable17.fr\/wp-content\/uploads\/2018\/06\/CP-41BDef-768x573.jpg 768w, http:\/\/www.unenfantuncartable17.fr\/wp-content\/uploads\/2018\/06\/CP-41BDef.jpg 1024w\" sizes=\"auto, (max-width: 402px) 100vw, 402px\" \/><\/p>\n<p><span style=\"color: #993300;\">\u00a0 \u00a0 \u00a0 \u00a0 \u00a0 \u00a0 \u00a0 \u00a0 \u00a0 \u00a0 \u00a0 \u00a0 \u00a0 \u00a0 \u00a0 \u00a0 \u00a0 \u00a0 \u00a0 \u00a0 \u00a0 \u00a0 \u00a0 <span style=\"font-family: arial, helvetica, sans-serif;\">Un CP en action<\/span><\/span><span style=\"font-family: arial, helvetica, sans-serif;\"> \u00a0<\/span><\/p>\n<p><span style=\"font-family: 'arial black', sans-serif; font-size: 14pt; color: #993300;\"><strong>Le 18 mai, les\u00a0180 enfants ont particip\u00e9, comme l\u2019an pass\u00e9, \u00e0 un \u00ab\u00a0cross de la solidarit\u00e9\u00a0\u00bb dans le parc municipal de Laleu. Et comme il y a un an, les enseignants soutenus par les services de la ville -dont l&rsquo;infatigable\u00a0<span style=\"color: #808000;\">S\u00e9verine Fulleran<\/span>\u00a0qui a anim\u00e9 la manifestation- ont sensibilis\u00e9 durant plusieurs semaines les enfants \u00e0 la solidarit\u00e9 pour ces courses pas comme les autres.<\/strong><\/span><\/p>\n<div id=\"attachment_1724\" style=\"width: 310px\" class=\"wp-caption alignleft\"><a href=\"http:\/\/www.unenfantuncartable17.fr\/wp-content\/uploads\/2018\/06\/GS-20180518_094813.jpg\"><img loading=\"lazy\" decoding=\"async\" aria-describedby=\"caption-attachment-1724\" class=\"size-medium wp-image-1724\" src=\"http:\/\/www.unenfantuncartable17.fr\/wp-content\/uploads\/2018\/06\/GS-20180518_094813-300x225.jpg\" alt=\"\" width=\"300\" height=\"225\" srcset=\"http:\/\/www.unenfantuncartable17.fr\/wp-content\/uploads\/2018\/06\/GS-20180518_094813-300x225.jpg 300w, http:\/\/www.unenfantuncartable17.fr\/wp-content\/uploads\/2018\/06\/GS-20180518_094813-768x576.jpg 768w, http:\/\/www.unenfantuncartable17.fr\/wp-content\/uploads\/2018\/06\/GS-20180518_094813.jpg 1024w\" sizes=\"auto, (max-width: 300px) 100vw, 300px\" \/><\/a><p id=\"caption-attachment-1724\" class=\"wp-caption-text\"><span style=\"font-family: arial, helvetica, sans-serif; font-size: 12pt; color: #993300;\">La grande section sous les applaudissements<\/span><\/p><\/div>\n<p><span style=\"font-family: 'arial black', sans-serif; font-size: 14pt; color: #993300;\"><strong>De 4 \u00e0 14 minutes de course, les \u00e9l\u00e8ves <span style=\"color: #808000;\">(CP, CE1, CE2, CM1, CM2)<\/span>\u00a0n&rsquo;\u00e9taient pas l\u00e0 pour gagner une m\u00e9daille, mais pour participer \u00e0 une manifestation de soutien \u00e0 notre association de solidarit\u00e9.\u00a0<\/strong><\/span><\/p>\n<p><span style=\"font-family: 'arial black', sans-serif; font-size: 14pt; color: #993300;\"><strong>Les enfants ont convaincu parrains et marraines de leur donner une somme forfaitaire par tour.\u00a0<\/strong><\/span><span style=\"font-family: 'arial black', sans-serif; font-size: 14pt; color: #993300;\"><strong>Une<span style=\"color: #808000;\">\u00a0<span style=\"color: #993300;\">fourchette entre 1 et 10 euros. <\/span><\/span><\/strong><\/span><\/p>\n<p><span style=\"font-family: 'arial black', sans-serif; font-size: 14pt; color: #993300;\"><strong><span style=\"color: #808000;\">Il faut ajouter \u00e0 l&rsquo;\u00e9cole \u00e9l\u00e9mentaire, 27 \u00e9l\u00e8ves de grande section de la maternelle, emmen\u00e9s par leur ma\u00eetresse, Angela Da Fonseca; ils ont accompli 4 minutes de course, comme les grands !<\/span><\/strong><\/span><\/p>\n<div id=\"attachment_1725\" style=\"width: 310px\" class=\"wp-caption alignleft\"><a href=\"http:\/\/www.unenfantuncartable17.fr\/wp-content\/uploads\/2018\/06\/CP-3bdf.jpg\"><img loading=\"lazy\" decoding=\"async\" aria-describedby=\"caption-attachment-1725\" class=\"size-medium wp-image-1725\" src=\"http:\/\/www.unenfantuncartable17.fr\/wp-content\/uploads\/2018\/06\/CP-3bdf-300x224.jpg\" alt=\"\" width=\"300\" height=\"224\" srcset=\"http:\/\/www.unenfantuncartable17.fr\/wp-content\/uploads\/2018\/06\/CP-3bdf-300x224.jpg 300w, http:\/\/www.unenfantuncartable17.fr\/wp-content\/uploads\/2018\/06\/CP-3bdf-768x573.jpg 768w, http:\/\/www.unenfantuncartable17.fr\/wp-content\/uploads\/2018\/06\/CP-3bdf.jpg 1024w\" sizes=\"auto, (max-width: 300px) 100vw, 300px\" \/><\/a><p id=\"caption-attachment-1725\" class=\"wp-caption-text\"><span style=\"font-family: arial, helvetica, sans-serif; font-size: 12pt; color: #993300;\">Les CP<\/span><\/p><\/div>\n<p><span style=\"font-family: 'arial black', sans-serif; font-size: 14pt; color: #993300;\"><strong>Nous sommes donc intervenus dans les diff\u00e9rentes classes pour expliquer notre action au S\u00e9n\u00e9gal au profit des 1000 \u00e9l\u00e8ves que nous soutenons dans leur scolarit\u00e9. La mission d\u2019octobre 2017 a d&rsquo;ailleurs \u00e9t\u00e9 l&rsquo;occasion d&rsquo;\u00e9changer une correspondance entre l\u2019\u00e9cole Marie Marvingt et une \u00e9cole de Mar Lodj. Avec r\u00e9ponse au retour. Un \u00e9change et une ouverture pour des \u00e9l\u00e8ves citadins, qui ont ainsi approch\u00e9 la scolarit\u00e9 de leurs homologues s\u00e9n\u00e9galais, du Sin\u00e9 Saloum. Et r\u00e9ciproquement.<\/strong><\/span><\/p>\n<div id=\"attachment_1726\" style=\"width: 310px\" class=\"wp-caption alignleft\"><a href=\"http:\/\/www.unenfantuncartable17.fr\/wp-content\/uploads\/2018\/06\/CP-CE1-CE2.jpg\"><img loading=\"lazy\" decoding=\"async\" aria-describedby=\"caption-attachment-1726\" class=\"size-medium wp-image-1726\" src=\"http:\/\/www.unenfantuncartable17.fr\/wp-content\/uploads\/2018\/06\/CP-CE1-CE2-300x225.jpg\" alt=\"\" width=\"300\" height=\"225\" srcset=\"http:\/\/www.unenfantuncartable17.fr\/wp-content\/uploads\/2018\/06\/CP-CE1-CE2-300x225.jpg 300w, http:\/\/www.unenfantuncartable17.fr\/wp-content\/uploads\/2018\/06\/CP-CE1-CE2-768x576.jpg 768w, http:\/\/www.unenfantuncartable17.fr\/wp-content\/uploads\/2018\/06\/CP-CE1-CE2.jpg 1024w\" sizes=\"auto, (max-width: 300px) 100vw, 300px\" \/><\/a><p id=\"caption-attachment-1726\" class=\"wp-caption-text\"><span style=\"font-family: arial, helvetica, sans-serif; font-size: 12pt; color: #993300;\">Concentration avant la course<\/span><\/p><\/div>\n<p><span style=\"font-family: 'arial black', sans-serif; font-size: 14pt; color: #993300;\"><strong><span style=\"color: #808000;\">3100 euros,<\/span> c\u2019est la somme que les enfants ont r\u00e9ussi \u00e0 obtenir de leurs parrains et marraines ! Une somme remise \u00e0 l&rsquo;association le 21 juin.\u00a0<\/strong><\/span><\/p>\n<p><span style=\"color: #808000; font-size: 14pt;\"><strong><span style=\"font-family: 'arial black', sans-serif;\">L&rsquo;association remercie tous les enfants de l&rsquo;\u00e9cole de Laleu, les donateurs qui ont parrain\u00e9 les \u00e9l\u00e8ves, Catherine Muller, la directrice, tous les enseignants-dont Philippe Tallois initiateur de la course- Severine Fulleran animatrice de la ville de la Rochelle, le centre social et tous les b\u00e9n\u00e9voles.<\/span><\/strong><\/span><\/p>\n<p><span style=\"font-family: arial, helvetica, sans-serif; font-size: 12pt; color: #993300;\">\u00a0 \u00a0 \u00a0 \u00a0 \u00a0 \u00a0 \u00a0 \u00a0<\/span><\/p>\n<div id=\"attachment_1746\" style=\"width: 310px\" class=\"wp-caption aligncenter\"><a href=\"http:\/\/www.unenfantuncartable17.fr\/wp-content\/uploads\/2018\/06\/20180613_110105-remise-ch\u00e8que.jpg\"><img loading=\"lazy\" decoding=\"async\" aria-describedby=\"caption-attachment-1746\" class=\"size-medium wp-image-1746\" src=\"http:\/\/www.unenfantuncartable17.fr\/wp-content\/uploads\/2018\/06\/20180613_110105-remise-ch\u00e8que-300x225.jpg\" alt=\"\" width=\"300\" height=\"225\" srcset=\"http:\/\/www.unenfantuncartable17.fr\/wp-content\/uploads\/2018\/06\/20180613_110105-remise-ch\u00e8que-300x225.jpg 300w, http:\/\/www.unenfantuncartable17.fr\/wp-content\/uploads\/2018\/06\/20180613_110105-remise-ch\u00e8que-768x576.jpg 768w, http:\/\/www.unenfantuncartable17.fr\/wp-content\/uploads\/2018\/06\/20180613_110105-remise-ch\u00e8que.jpg 1024w\" sizes=\"auto, (max-width: 300px) 100vw, 300px\" \/><\/a><p id=\"caption-attachment-1746\" class=\"wp-caption-text\"><span style=\"font-family: arial, helvetica, sans-serif; font-size: 12pt; color: #993300;\">La remise du ch\u00e8que (fictif) La somme de 3100 \u20ac est r\u00e9elle !<\/span><\/p><\/div>\n<p><span style=\"font-family: arial, helvetica, sans-serif; font-size: 12pt; color: #993300;\">\u00a0 \u00a0 \u00a0 \u00a0 \u00a0 \u00a0 \u00a0 \u00a0\u00a0<\/span><\/p>\n<p><div id=\"attachment_1729\" style=\"width: 333px\" class=\"wp-caption alignleft\"><a href=\"http:\/\/www.unenfantuncartable17.fr\/wp-content\/uploads\/2018\/06\/CM1-20180518_105002.jpg\"><img loading=\"lazy\" decoding=\"async\" aria-describedby=\"caption-attachment-1729\" class=\" wp-image-1729\" src=\"http:\/\/www.unenfantuncartable17.fr\/wp-content\/uploads\/2018\/06\/CM1-20180518_105002-300x225.jpg\" alt=\"\" width=\"323\" height=\"242\" srcset=\"http:\/\/www.unenfantuncartable17.fr\/wp-content\/uploads\/2018\/06\/CM1-20180518_105002-300x225.jpg 300w, http:\/\/www.unenfantuncartable17.fr\/wp-content\/uploads\/2018\/06\/CM1-20180518_105002-768x576.jpg 768w, http:\/\/www.unenfantuncartable17.fr\/wp-content\/uploads\/2018\/06\/CM1-20180518_105002.jpg 1024w\" sizes=\"auto, (max-width: 323px) 100vw, 323px\" \/><\/a><p id=\"caption-attachment-1729\" class=\"wp-caption-text\"><span style=\"font-family: arial, helvetica, sans-serif; font-size: 12pt; color: #993300;\">Course plus longue pour les CM1<\/span><\/p><\/div> <div id=\"attachment_1728\" style=\"width: 351px\" class=\"wp-caption alignright\"><a href=\"http:\/\/www.unenfantuncartable17.fr\/wp-content\/uploads\/2018\/06\/CE2-20180518_102348.jpg\"><img loading=\"lazy\" decoding=\"async\" aria-describedby=\"caption-attachment-1728\" class=\" wp-image-1728\" src=\"http:\/\/www.unenfantuncartable17.fr\/wp-content\/uploads\/2018\/06\/CE2-20180518_102348-300x225.jpg\" alt=\"\" width=\"341\" height=\"256\" srcset=\"http:\/\/www.unenfantuncartable17.fr\/wp-content\/uploads\/2018\/06\/CE2-20180518_102348-300x225.jpg 300w, http:\/\/www.unenfantuncartable17.fr\/wp-content\/uploads\/2018\/06\/CE2-20180518_102348-768x576.jpg 768w, http:\/\/www.unenfantuncartable17.fr\/wp-content\/uploads\/2018\/06\/CE2-20180518_102348.jpg 1024w\" sizes=\"auto, (max-width: 341px) 100vw, 341px\" \/><\/a><p id=\"caption-attachment-1728\" class=\"wp-caption-text\"><span style=\"font-family: arial, helvetica, sans-serif; font-size: 12pt; color: #993300;\">Les CE2 au d\u00e9part<\/span><\/p><\/div><\/p>\n","protected":false},"excerpt":{"rendered":"<p>On ne change pas une formule gagnante\u00a0! C&rsquo;est la devise de\u00a0l\u2019\u00e9cole Marie Marvingt \u00e0 la Rochelle. \u00a0 \u00a0 \u00a0 \u00a0 \u00a0 \u00a0 \u00a0 \u00a0 \u00a0 \u00a0 \u00a0 \u00a0 \u00a0 \u00a0 \u00a0 \u00a0 \u00a0 \u00a0 \u00a0 \u00a0 \u00a0 \u00a0 \u00a0 Un CP en action \u00a0 Le 18 mai, les\u00a0180 enfants ont particip\u00e9, comme l\u2019an pass\u00e9, \u00e0 [&hellip;]<\/p>\n","protected":false},"author":2,"featured_media":0,"comment_status":"open","ping_status":"open","sticky":false,"template":"","format":"standard","meta":{"jetpack_post_was_ever_published":false,"_jetpack_newsletter_access":"","_jetpack_dont_email_post_to_subs":true,"_jetpack_newsletter_tier_id":0,"_jetpack_memberships_contains_paywalled_content":false,"_jetpack_memberships_contains_paid_content":false,"footnotes":""},"categories":[1],"tags":[],"class_list":["post-1668","post","type-post","status-publish","format-standard","hentry","category-non-classe"],"jetpack_featured_media_url":"","jetpack_sharing_enabled":true,"jetpack_shortlink":"https:\/\/wp.me\/p5o8j7-qU","_links":{"self":[{"href":"http:\/\/www.unenfantuncartable17.fr\/index.php?rest_route=\/wp\/v2\/posts\/1668","targetHints":{"allow":["GET"]}}],"collection":[{"href":"http:\/\/www.unenfantuncartable17.fr\/index.php?rest_route=\/wp\/v2\/posts"}],"about":[{"href":"http:\/\/www.unenfantuncartable17.fr\/index.php?rest_route=\/wp\/v2\/types\/post"}],"author":[{"embeddable":true,"href":"http:\/\/www.unenfantuncartable17.fr\/index.php?rest_route=\/wp\/v2\/users\/2"}],"replies":[{"embeddable":true,"href":"http:\/\/www.unenfantuncartable17.fr\/index.php?rest_route=%2Fwp%2Fv2%2Fcomments&post=1668"}],"version-history":[{"count":24,"href":"http:\/\/www.unenfantuncartable17.fr\/index.php?rest_route=\/wp\/v2\/posts\/1668\/revisions"}],"predecessor-version":[{"id":1754,"href":"http:\/\/www.unenfantuncartable17.fr\/index.php?rest_route=\/wp\/v2\/posts\/1668\/revisions\/1754"}],"wp:attachment":[{"href":"http:\/\/www.unenfantuncartable17.fr\/index.php?rest_route=%2Fwp%2Fv2%2Fmedia&parent=1668"}],"wp:term":[{"taxonomy":"category","embeddable":true,"href":"http:\/\/www.unenfantuncartable17.fr\/index.php?rest_route=%2Fwp%2Fv2%2Fcategories&post=1668"},{"taxonomy":"post_tag","embeddable":true,"href":"http:\/\/www.unenfantuncartable17.fr\/index.php?rest_route=%2Fwp%2Fv2%2Ftags&post=1668"}],"curies":[{"name":"wp","href":"https:\/\/api.w.org\/{rel}","templated":true}]}}