{"id":1516,"date":"2018-03-07T12:15:31","date_gmt":"2018-03-07T11:15:31","guid":{"rendered":"http:\/\/www.unenfantuncartable17.fr\/?p=1516"},"modified":"2018-03-08T09:40:12","modified_gmt":"2018-03-08T08:40:12","slug":"mission-de-fevrier-vitesse-etablie-et-des-questions","status":"publish","type":"post","link":"http:\/\/www.unenfantuncartable17.fr\/?p=1516","title":{"rendered":"Mission de f\u00e9vrier : vitesse \u00e9tablie&#8230; et des questions"},"content":{"rendered":"<p><span style=\"font-size: 14pt; color: #993300;\"><strong><span style=\"font-family: 'arial black', sans-serif;\">La traditionnelle mission de f\u00e9vrier qui recense les besoins des diff\u00e9rentes \u00e9coles en vue de la rentr\u00e9e d&rsquo;octobre prochain vient de s&rsquo;achever. Elle a permis de v\u00e9rifier que la <span style=\"color: #808000;\">confiance avec les directeurs d&rsquo;\u00e9cole et les parents d&rsquo;\u00e9l\u00e8ves \u00e9tait \u00e9tablie,<\/span> que les r\u00e8gles de fonctionnement propos\u00e9es par l&rsquo;association \u00e9taient admises et comprises, qu&rsquo;un dialogue autour des besoins d\u00e9gageait de nouvelles pistes.<\/span><\/strong><\/span><\/p>\n<div id=\"attachment_1542\" style=\"width: 310px\" class=\"wp-caption alignleft\"><a href=\"http:\/\/www.unenfantuncartable17.fr\/wp-content\/uploads\/2018\/02\/classe-CE1-2-1.jpg\"><img loading=\"lazy\" decoding=\"async\" aria-describedby=\"caption-attachment-1542\" class=\"size-medium wp-image-1542\" src=\"http:\/\/www.unenfantuncartable17.fr\/wp-content\/uploads\/2018\/02\/classe-CE1-2-1-300x199.jpg\" alt=\"\" width=\"300\" height=\"199\" srcset=\"http:\/\/www.unenfantuncartable17.fr\/wp-content\/uploads\/2018\/02\/classe-CE1-2-1-300x199.jpg 300w, http:\/\/www.unenfantuncartable17.fr\/wp-content\/uploads\/2018\/02\/classe-CE1-2-1-768x509.jpg 768w, http:\/\/www.unenfantuncartable17.fr\/wp-content\/uploads\/2018\/02\/classe-CE1-2-1.jpg 1024w\" sizes=\"auto, (max-width: 300px) 100vw, 300px\" \/><\/a><p id=\"caption-attachment-1542\" class=\"wp-caption-text\"><span style=\"font-size: 12pt;\"><em><strong><span style=\"font-family: arial, helvetica, sans-serif; color: #993300;\">El\u00e8ves de Mar Lodj. CE1 et 2<\/span><\/strong><\/em><\/span><\/p><\/div>\n<p><strong><span style=\"font-family: 'arial black', sans-serif;\"><span style=\"font-size: 14pt; color: #993300;\">Cette mission a aussi constat\u00e9 que les <\/span><span style=\"color: #808000; font-size: 14pt;\">effectifs pr\u00e9visionnels \u00e9valu\u00e9s pour la derni\u00e8re rentr\u00e9e avaient \u00e9t\u00e9 surestim\u00e9s. <\/span><span style=\"color: #993300; font-size: 14pt;\">Les effectifs r\u00e9els se montent \u00e0 un peu plus de<\/span> <span style=\"font-size: 14pt; color: #808000;\">900 \u00e9l\u00e8ves contre une pr\u00e9vision d&rsquo;un peu plus de 1000,<\/span> <span style=\"font-size: 14pt; color: #993300;\">en f\u00e9vrier dernier. On peut formuler deux hypoth\u00e8ses : <\/span><span style=\"color: #808000; font-size: 14pt;\">les abandons volontaires continuent de peser lourdement \u00e0 partir du CE2 <\/span><span style=\"font-size: 14pt; color: #993300;\">pour des raisons \u00e9conomiques (ces enfants de 10\/11 ans doivent travailler aux champs, \u00e0 la p\u00eache ou \u00e0 la maison)<\/span> <span style=\"color: #808000; font-size: 14pt;\">Les chiffres, \u00e0 ce sujet, sont \u00e9loquents : on d\u00e9nombre 265 \u00e9l\u00e8ves en CI et CP contre seulement 132 en CM2. 50% d&rsquo;abandons en 3 ans !<\/span> <span style=\"font-size: 14pt; color: #993300;\">Seconde raison, la concurrence pour les maternelles, peut-\u00eatre aussi pour le CI,<\/span>\u00a0<span style=\"color: #808000; font-size: 14pt;\">d&rsquo;une \u00e9cole coranique \u00e0 Mar Fafaco. Les deux \u00e9coles \u00e9l\u00e9mentaires de ce village qui devaient ouvrir 3 classes de CI pour 130 enfants n&rsquo;en ont ouvertes que 2 pour 60 \u00e9l\u00e8ves. La maternelle du village, qui esp\u00e9rait 105 \u00e9l\u00e8ves, n&rsquo;en accueille que 35 !<\/span><\/span><\/strong><\/p>\n<div id=\"attachment_1555\" style=\"width: 310px\" class=\"wp-caption alignleft\"><a href=\"http:\/\/www.unenfantuncartable17.fr\/wp-content\/uploads\/2018\/03\/DSC_0083.jpg\"><img loading=\"lazy\" decoding=\"async\" aria-describedby=\"caption-attachment-1555\" class=\"size-medium wp-image-1555\" src=\"http:\/\/www.unenfantuncartable17.fr\/wp-content\/uploads\/2018\/03\/DSC_0083-300x199.jpg\" alt=\"\" width=\"300\" height=\"199\" srcset=\"http:\/\/www.unenfantuncartable17.fr\/wp-content\/uploads\/2018\/03\/DSC_0083-300x199.jpg 300w, http:\/\/www.unenfantuncartable17.fr\/wp-content\/uploads\/2018\/03\/DSC_0083-768x509.jpg 768w, http:\/\/www.unenfantuncartable17.fr\/wp-content\/uploads\/2018\/03\/DSC_0083.jpg 1024w\" sizes=\"auto, (max-width: 300px) 100vw, 300px\" \/><\/a><p id=\"caption-attachment-1555\" class=\"wp-caption-text\"><span style=\"font-size: 12pt; color: #993300;\"><strong><em><span style=\"font-family: arial, helvetica, sans-serif;\">Des progr\u00e8s sont \u00e0 r\u00e9aliser pour l&rsquo;obtention du CFEE<\/span><\/em><\/strong><\/span><\/p><\/div>\n<p><span style=\"font-size: 14pt;\"><strong><span style=\"color: #993300;\"><span style=\"font-family: 'arial black', sans-serif;\">Une situation \u00e0 surveiller donc, mais surtout des raisons de continuer notre action pour <span style=\"color: #808000;\">rendre l&rsquo;\u00e9cole publique plus attractive<\/span> avec des fournitures et des manuels \u00e0 chaque rentr\u00e9e. Et du mat\u00e9riel neuf comme l&rsquo;imprimante achet\u00e9e (192 \u20ac avec la premi\u00e8re recharge d&rsquo;encre) pour Mar Fafaco 1, livr\u00e9e au cours de cette mission, qui devrait permettre aux enseignants de CM2, de mieux pr\u00e9parer les \u00e9l\u00e8ves au Certificat de fin d&rsquo;\u00e9tudes \u00e9l\u00e9mentaires <span style=\"color: #808000;\">(CFEE*)<\/span> et augmenter le taux de r\u00e9ussite qui n&rsquo;\u00e9tait que de 36%. L&rsquo;\u00e9cole-qui est autonome en \u00e9lectricit\u00e9- fournira le papier et l&rsquo;encre n\u00e9cessaires, selon la convention pass\u00e9e entre l&rsquo;association et le directeur.<\/span><\/span><\/strong><\/span><\/p>\n<div id=\"attachment_1558\" style=\"width: 310px\" class=\"wp-caption alignleft\"><a href=\"http:\/\/www.unenfantuncartable17.fr\/wp-content\/uploads\/2018\/03\/DSC_0347.jpg\"><img loading=\"lazy\" decoding=\"async\" aria-describedby=\"caption-attachment-1558\" class=\"size-medium wp-image-1558\" src=\"http:\/\/www.unenfantuncartable17.fr\/wp-content\/uploads\/2018\/03\/DSC_0347-300x199.jpg\" alt=\"\" width=\"300\" height=\"199\" srcset=\"http:\/\/www.unenfantuncartable17.fr\/wp-content\/uploads\/2018\/03\/DSC_0347-300x199.jpg 300w, http:\/\/www.unenfantuncartable17.fr\/wp-content\/uploads\/2018\/03\/DSC_0347-768x509.jpg 768w, http:\/\/www.unenfantuncartable17.fr\/wp-content\/uploads\/2018\/03\/DSC_0347.jpg 1024w\" sizes=\"auto, (max-width: 300px) 100vw, 300px\" \/><\/a><p id=\"caption-attachment-1558\" class=\"wp-caption-text\"><span style=\"color: #993300; font-size: 12pt;\"><strong><em><span style=\"font-family: arial, helvetica, sans-serif;\">le\u00e7on de g\u00e9ographie CM1<\/span><\/em><\/strong><\/span><\/p><\/div>\n<p><span style=\"font-size: 14pt; color: #993300;\"><strong><span style=\"font-family: 'arial black', sans-serif;\">Le bilan pr\u00e9visionnel des effectifs que nous avons donc examin\u00e9 attentivement avec tous les directeurs s&rsquo;\u00e9tablit \u00e0 un peu plus de 900 \u00e9l\u00e8ves, dont une soixantaine en maternelles. <span style=\"color: #808000;\">La mixit\u00e9 gar\u00e7ons\/filles est maintenue (plus de filles m\u00eame)\u00a0<\/span>Les fournitures pour ces \u00e9l\u00e8ves tiendront \u00e9videmment compte de celles, livr\u00e9es en trop en octobre dernier.<\/span><\/strong><\/span><\/p>\n<div id=\"attachment_1556\" style=\"width: 310px\" class=\"wp-caption alignright\"><a href=\"http:\/\/www.unenfantuncartable17.fr\/wp-content\/uploads\/2018\/03\/DSC_0057.jpg\"><img loading=\"lazy\" decoding=\"async\" aria-describedby=\"caption-attachment-1556\" class=\"size-medium wp-image-1556\" src=\"http:\/\/www.unenfantuncartable17.fr\/wp-content\/uploads\/2018\/03\/DSC_0057-300x199.jpg\" alt=\"\" width=\"300\" height=\"199\" srcset=\"http:\/\/www.unenfantuncartable17.fr\/wp-content\/uploads\/2018\/03\/DSC_0057-300x199.jpg 300w, http:\/\/www.unenfantuncartable17.fr\/wp-content\/uploads\/2018\/03\/DSC_0057-768x509.jpg 768w, http:\/\/www.unenfantuncartable17.fr\/wp-content\/uploads\/2018\/03\/DSC_0057.jpg 1024w\" sizes=\"auto, (max-width: 300px) 100vw, 300px\" \/><\/a><p id=\"caption-attachment-1556\" class=\"wp-caption-text\"><span style=\"font-size: 12pt;\"><em><span style=\"color: #993300;\"><strong><span style=\"font-family: arial, helvetica, sans-serif;\">classe de maternelle Mar Fafako<\/span><\/strong><\/span><\/em><\/span><\/p><\/div>\n<p><span style=\"font-size: 14pt; color: #993300;\"><strong><span style=\"font-family: 'arial black', sans-serif;\">L&rsquo;achat de manuels et de livres dans les diff\u00e9rentes mati\u00e8res a fait l&rsquo;objet d&rsquo;une attention soutenue pour en augmenter le nombre, notamment pour les \u00e9coles \u00e9l\u00e9mentaires de Mar Fafaco. En effet, nous nous sommes aper\u00e7us que le ratio d&rsquo;acquisition par enfant \u00e9tait d\u00e9favorable \u00e0 ces \u00e9coles en ne les pla\u00e7ant pas sur un pied d&rsquo;\u00e9galit\u00e9 avec les autres \u00e9coles de l&rsquo;\u00eele. Un effort de rattrapage va donc \u00eatre produit, mais qui co\u00fbtera cher car ces \u00e9coles sont aussi les plus nombreuses (plus de la moiti\u00e9 des effectifs). <span style=\"color: #808000;\">Ce rattrapage a aussi \u00e9t\u00e9 rendu possible par l&rsquo;aide exceptionnelle apport\u00e9e par l&rsquo;\u00e9cole Marie Marvingt de Laleu, gr\u00e2ce aux courses de la solidarit\u00e9 de l&rsquo;an pass\u00e9, et aux fonds gagn\u00e9s par les \u00e9l\u00e8ves \u00e0 cette occasion.<\/span><\/span><\/strong><\/span><\/p>\n<div id=\"attachment_1560\" style=\"width: 310px\" class=\"wp-caption alignright\"><a href=\"http:\/\/www.unenfantuncartable17.fr\/wp-content\/uploads\/2018\/03\/DSC_0101.jpg\"><img loading=\"lazy\" decoding=\"async\" aria-describedby=\"caption-attachment-1560\" class=\"size-medium wp-image-1560\" src=\"http:\/\/www.unenfantuncartable17.fr\/wp-content\/uploads\/2018\/03\/DSC_0101-300x199.jpg\" alt=\"\" width=\"300\" height=\"199\" srcset=\"http:\/\/www.unenfantuncartable17.fr\/wp-content\/uploads\/2018\/03\/DSC_0101-300x199.jpg 300w, http:\/\/www.unenfantuncartable17.fr\/wp-content\/uploads\/2018\/03\/DSC_0101-768x509.jpg 768w, http:\/\/www.unenfantuncartable17.fr\/wp-content\/uploads\/2018\/03\/DSC_0101.jpg 1024w\" sizes=\"auto, (max-width: 300px) 100vw, 300px\" \/><\/a><p id=\"caption-attachment-1560\" class=\"wp-caption-text\"><span style=\"font-size: 12pt;\"><em><span style=\"color: #993300;\"><strong><span style=\"font-family: arial, helvetica, sans-serif;\">les cantini\u00e8res \u00e0 midi<\/span><\/strong><\/span><\/em><\/span><\/p><\/div>\n<p><span style=\"font-size: 14pt; color: #993300;\"><strong><span style=\"font-family: 'arial black', sans-serif;\">Tous les devis ont \u00e9t\u00e9 demand\u00e9s \u00e0 nos fournisseurs habituels. Le d\u00e9tail (cahiers, stylos, crayons, gommes, r\u00e8gles plates, compas&#8230;) de la commande finale sera communiqu\u00e9 d&rsquo;ici \u00e0 quelques semaines. <span style=\"color: #808000;\">Parmi ces fournisseurs, il faut noter (\u00e0 un prix inf\u00e9rieur au pr\u00e9c\u00e9dent tailleur) l&rsquo;arriv\u00e9e des couturiers de N&rsquo;Dangane (tout proche de l&rsquo;\u00eele, de l&rsquo;autre c\u00f4t\u00e9 du fleuve) qui sont d\u00e9sormais en charge de la fabrication du sac et de la trousse.<\/span> La proximit\u00e9 nous facilitera la communication et le transport.<\/span><\/strong><\/span><\/p>\n<div id=\"attachment_1553\" style=\"width: 310px\" class=\"wp-caption alignleft\"><a href=\"http:\/\/www.unenfantuncartable17.fr\/wp-content\/uploads\/2018\/03\/DSC_0427.jpg\"><img loading=\"lazy\" decoding=\"async\" aria-describedby=\"caption-attachment-1553\" class=\"size-medium wp-image-1553\" src=\"http:\/\/www.unenfantuncartable17.fr\/wp-content\/uploads\/2018\/03\/DSC_0427-300x199.jpg\" alt=\"\" width=\"300\" height=\"199\" srcset=\"http:\/\/www.unenfantuncartable17.fr\/wp-content\/uploads\/2018\/03\/DSC_0427-300x199.jpg 300w, http:\/\/www.unenfantuncartable17.fr\/wp-content\/uploads\/2018\/03\/DSC_0427-768x509.jpg 768w, http:\/\/www.unenfantuncartable17.fr\/wp-content\/uploads\/2018\/03\/DSC_0427.jpg 1024w\" sizes=\"auto, (max-width: 300px) 100vw, 300px\" \/><\/a><p id=\"caption-attachment-1553\" class=\"wp-caption-text\"><span style=\"font-size: 12pt;\"><em><span style=\"color: #993300;\"><strong><span style=\"font-family: arial, helvetica, sans-serif;\">Magasin des couturiers \u00e0 N&rsquo;Dangane<\/span><\/strong><\/span><\/em><\/span><\/p><\/div>\n<p><span style=\"font-size: 14pt; color: #993300;\"><strong><span style=\"font-family: 'arial black', sans-serif;\"><span style=\"color: #808000;\">La biblioth\u00e8que initi\u00e9e \u00e0 l&rsquo;\u00e9cole de Mar Lodj en 2016, va \u00eatre recentr\u00e9e.<\/span> Les ouvrages achet\u00e9s restant propri\u00e9t\u00e9 de l&rsquo;\u00e9cole, seront attribu\u00e9s par niveau de lecture et non plus dans un seul et m\u00eame lieu<span style=\"color: #808000;\">. Ce sera d\u00e9sormais aux instituteurs qui le voudront, d&rsquo;int\u00e9grer et d&rsquo;animer un coin biblioth\u00e8que dans leurs classes<\/span> pour aider les \u00e9l\u00e8ves \u00e0 une meilleure compr\u00e9hension du fran\u00e7ais et mieux r\u00e9ussir aux examens. Le directeur doit nous fournir un projet pr\u00e9cis dans les prochaines semaines.\u00a0<\/span><\/strong><\/span><\/p>\n<p><span style=\"font-size: 14pt; color: #993300;\"><strong><span style=\"font-family: 'arial black', sans-serif;\">La question r\u00e9currente de l&rsquo;\u00e9lectricit\u00e9 nous a \u00e9t\u00e9 \u00e0 nouveau pos\u00e9e (m\u00eame si nos interlocuteurs savent que nous n&rsquo;y pouvons rien). En effet, \u00e0 part l&rsquo;\u00e9cole de Mar Fafaco 1 qui poss\u00e8de ses propres installations solaires et ses batteries, les autres \u00e9coles ne peuvent acc\u00e9der \u00e0 l&rsquo;\u00e9nergie qui provient d&rsquo;une centrale solaire en panne depuis longtemps&#8230;Quitte \u00e0 ne pas se servir de photocopieurs, imprimantes&#8230; fournis par des associations de passage&#8230;<\/span><\/strong><\/span><\/p>\n<p><img loading=\"lazy\" decoding=\"async\" class=\"size-medium wp-image-1554 alignleft\" src=\"http:\/\/www.unenfantuncartable17.fr\/wp-content\/uploads\/2018\/03\/DSC_0393-300x199.jpg\" alt=\"\" width=\"300\" height=\"199\" srcset=\"http:\/\/www.unenfantuncartable17.fr\/wp-content\/uploads\/2018\/03\/DSC_0393-300x199.jpg 300w, http:\/\/www.unenfantuncartable17.fr\/wp-content\/uploads\/2018\/03\/DSC_0393-768x509.jpg 768w, http:\/\/www.unenfantuncartable17.fr\/wp-content\/uploads\/2018\/03\/DSC_0393.jpg 1024w\" sizes=\"auto, (max-width: 300px) 100vw, 300px\" \/><\/p>\n<p>&nbsp;<\/p>\n<p><span style=\"font-family: 'arial black', sans-serif;\"><span style=\"color: #993300;\"><strong><span style=\"font-size: 14pt;\">Enfin, nous avons sign\u00e9 <span style=\"color: #808000;\"><em>(photo ci-jointe)<\/em> <\/span>avec le directeur de l&rsquo;\u00e9cole \u00e9l\u00e9mentaire de Mar Lodj, l&rsquo;association de parents d&rsquo;\u00e9l\u00e8ves et le comit\u00e9 de gestion de l&rsquo;\u00e9cole, une convention d&rsquo;un an- renouvelable apr\u00e8s \u00e9valuation des<\/span><\/strong><\/span><\/span><\/p>\n<p><span style=\"font-family: 'arial black', sans-serif;\"><span style=\"color: #993300;\"><strong><span style=\"font-size: 14pt;\">r\u00e9sultats au <span style=\"color: #808000;\">CFEE*<\/span>, portant sur la mise en<\/span><\/strong><\/span><span style=\"color: #993300;\"><strong><span style=\"font-size: 14pt;\"> place de cours de renforcement pour les 34 \u00e9l\u00e8ves de CM2. Ces cours seront dispens\u00e9s par des enseignants de l&rsquo;\u00e9cole, \u00e0 partir de la prochaine rentr\u00e9e \u00e0 raison de 4 heures par semaine. Cette action implique les familles qui en paient le quart, et nous co\u00fbtera 320 euros par an (les 3\/4)<\/span> <span style=\"font-size: 14pt;\">dont l&rsquo;utilisation sera contr\u00f4l\u00e9e et attest\u00e9e par le directeur. Elle a \u00e9t\u00e9 demand\u00e9e par les enseignants pour am\u00e9liorer le faible taux de r\u00e9ussite-41%- au <span style=\"color: #808000;\">CFEE*<\/span> dans cette \u00e9cole.\u00a0<\/span><\/strong><\/span><\/span><\/p>\n<div class=\"mceTemp\"><span style=\"color: #808000; font-size: 14pt;\"><strong><span style=\"font-family: 'arial black', sans-serif;\">*<em>CFEE : certificat de fin d&rsquo;\u00e9tudes \u00e9l\u00e9mentaires qui sanctionne les 6 ans de scolarit\u00e9, du cours d&rsquo;initiation (CI) au cours moyen 2 \u00e8me ann\u00e9e (CM2) Ce dipl\u00f4me n&rsquo;est toutefois pas exigible pour rentrer en 6 \u00e8me au coll\u00e8ge o\u00f9 l&rsquo;accession sur examen (qui ressemble \u00e0 un concours sur places disponibles) est facile et ne comporte pas certaines \u00e9preuves \u00ab\u00a0s\u00e9lectives\u00a0\u00bb du CFEE. D&rsquo;o\u00f9 un niveau, parfois tr\u00e8s faible des coll\u00e9giens et un taux \u00ab\u00a0d&rsquo;abandon volontaire\u00a0\u00bb tr\u00e8s important entre la 6 \u00e8me et la 3 \u00e8me. La question de l&rsquo;orientation en fin de cycle primaire reste donc pos\u00e9e. Nous en reparlerons.<\/em><\/span><\/strong><\/span><\/div>\n<div id=\"attachment_1547\" style=\"width: 1034px\" class=\"wp-caption alignright\"><a href=\"http:\/\/www.unenfantuncartable17.fr\/wp-content\/uploads\/2018\/02\/ce.jpg\"><img loading=\"lazy\" decoding=\"async\" aria-describedby=\"caption-attachment-1547\" class=\"size-large wp-image-1547\" src=\"http:\/\/www.unenfantuncartable17.fr\/wp-content\/uploads\/2018\/02\/ce-1024x678.jpg\" alt=\"\" width=\"1024\" height=\"678\" srcset=\"http:\/\/www.unenfantuncartable17.fr\/wp-content\/uploads\/2018\/02\/ce.jpg 1024w, http:\/\/www.unenfantuncartable17.fr\/wp-content\/uploads\/2018\/02\/ce-300x199.jpg 300w, http:\/\/www.unenfantuncartable17.fr\/wp-content\/uploads\/2018\/02\/ce-768x509.jpg 768w\" sizes=\"auto, (max-width: 1024px) 100vw, 1024px\" \/><\/a><p id=\"caption-attachment-1547\" class=\"wp-caption-text\"><span style=\"font-size: 12pt;\"><em><span style=\"font-family: 'arial black', sans-serif; color: #993300;\">Classe de CE2<\/span><\/em><\/span><\/p><\/div>\n<p>&nbsp;<\/p>\n<p>&nbsp;<\/p>\n","protected":false},"excerpt":{"rendered":"<p>La traditionnelle mission de f\u00e9vrier qui recense les besoins des diff\u00e9rentes \u00e9coles en vue de la rentr\u00e9e d&rsquo;octobre prochain vient de s&rsquo;achever. Elle a permis de v\u00e9rifier que la confiance avec les directeurs d&rsquo;\u00e9cole et les parents d&rsquo;\u00e9l\u00e8ves \u00e9tait \u00e9tablie, que les r\u00e8gles de fonctionnement propos\u00e9es par l&rsquo;association \u00e9taient admises et comprises, qu&rsquo;un dialogue autour [&hellip;]<\/p>\n","protected":false},"author":2,"featured_media":0,"comment_status":"open","ping_status":"open","sticky":false,"template":"","format":"standard","meta":{"jetpack_post_was_ever_published":false,"_jetpack_newsletter_access":"","_jetpack_dont_email_post_to_subs":true,"_jetpack_newsletter_tier_id":0,"_jetpack_memberships_contains_paywalled_content":false,"_jetpack_memberships_contains_paid_content":false,"footnotes":""},"categories":[1],"tags":[],"class_list":["post-1516","post","type-post","status-publish","format-standard","hentry","category-non-classe"],"jetpack_featured_media_url":"","jetpack_sharing_enabled":true,"jetpack_shortlink":"https:\/\/wp.me\/p5o8j7-os","_links":{"self":[{"href":"http:\/\/www.unenfantuncartable17.fr\/index.php?rest_route=\/wp\/v2\/posts\/1516","targetHints":{"allow":["GET"]}}],"collection":[{"href":"http:\/\/www.unenfantuncartable17.fr\/index.php?rest_route=\/wp\/v2\/posts"}],"about":[{"href":"http:\/\/www.unenfantuncartable17.fr\/index.php?rest_route=\/wp\/v2\/types\/post"}],"author":[{"embeddable":true,"href":"http:\/\/www.unenfantuncartable17.fr\/index.php?rest_route=\/wp\/v2\/users\/2"}],"replies":[{"embeddable":true,"href":"http:\/\/www.unenfantuncartable17.fr\/index.php?rest_route=%2Fwp%2Fv2%2Fcomments&post=1516"}],"version-history":[{"count":59,"href":"http:\/\/www.unenfantuncartable17.fr\/index.php?rest_route=\/wp\/v2\/posts\/1516\/revisions"}],"predecessor-version":[{"id":1584,"href":"http:\/\/www.unenfantuncartable17.fr\/index.php?rest_route=\/wp\/v2\/posts\/1516\/revisions\/1584"}],"wp:attachment":[{"href":"http:\/\/www.unenfantuncartable17.fr\/index.php?rest_route=%2Fwp%2Fv2%2Fmedia&parent=1516"}],"wp:term":[{"taxonomy":"category","embeddable":true,"href":"http:\/\/www.unenfantuncartable17.fr\/index.php?rest_route=%2Fwp%2Fv2%2Fcategories&post=1516"},{"taxonomy":"post_tag","embeddable":true,"href":"http:\/\/www.unenfantuncartable17.fr\/index.php?rest_route=%2Fwp%2Fv2%2Ftags&post=1516"}],"curies":[{"name":"wp","href":"https:\/\/api.w.org\/{rel}","templated":true}]}}