{"id":1346,"date":"2017-06-21T13:47:04","date_gmt":"2017-06-21T12:47:04","guid":{"rendered":"http:\/\/www.unenfantuncartable17.fr\/?p=1346"},"modified":"2017-06-21T13:52:16","modified_gmt":"2017-06-21T12:52:16","slug":"lecole-de-laleu-a-couru-pour-mar-lodj","status":"publish","type":"post","link":"http:\/\/www.unenfantuncartable17.fr\/?p=1346","title":{"rendered":"L&rsquo;\u00e9cole de Laleu a couru pour Mar Lodj !"},"content":{"rendered":"<p><span style=\"font-family: 'arial black', sans-serif; font-size: 14pt; color: #993300;\">Le 24 mai, les <strong><span style=\"color: #808000;\">165 enfants des 8 classes<\/span><\/strong> de l&rsquo;\u00e9cole de Laleu \u00e0 La Rochelle ont particip\u00e9 \u00e0 un \u00ab\u00a0cross de la solidarit\u00e9\u00a0\u00bb dans le parc municipal tout proche. Organis\u00e9e par les enseignants, soutenue par les services de la ville -dont S\u00e9verine Fulleran animatrice et cheville ouvri\u00e8re de la manifestation- cette course a n\u00e9cessit\u00e9 plusieurs mois de pr\u00e9paration (rep\u00e9rage, balisage, autorisations, sensibilisation des enfants \u00e0 la solidarit\u00e9) pour cette course pas comme les autres.<\/span><\/p>\n<p>&nbsp;<\/p>\n<p style=\"text-align: left;\">\u00a0<img loading=\"lazy\" decoding=\"async\" class=\"wp-image-1384 alignleft\" src=\"http:\/\/www.unenfantuncartable17.fr\/wp-content\/uploads\/2017\/06\/DSC00861-300x225.jpg\" alt=\"\" width=\"295\" height=\"221\" srcset=\"http:\/\/www.unenfantuncartable17.fr\/wp-content\/uploads\/2017\/06\/DSC00861-300x225.jpg 300w, http:\/\/www.unenfantuncartable17.fr\/wp-content\/uploads\/2017\/06\/DSC00861-768x576.jpg 768w, http:\/\/www.unenfantuncartable17.fr\/wp-content\/uploads\/2017\/06\/DSC00861.jpg 1024w\" sizes=\"auto, (max-width: 295px) 100vw, 295px\" \/><span style=\"font-family: 'arial black', sans-serif; font-size: 14pt; color: #993300;\">En effet, le but des cinq courses <strong><span style=\"color: #808000;\">(CP, CE1, CE2, CM1, CM2)<\/span><\/strong> n&rsquo;\u00e9tait pas de gagner une m\u00e9daille, mais de participer \u00e0 une op\u00e9ration de soutien \u00e0 une association de solidarit\u00e9 qui intervient dans un pays en d\u00e9veloppement. <strong><span style=\"color: #808000;\">Les 165 enfants devaient en effet convaincre des parrains et marraines de leur donner une somme forfaitaire (et libre) par tour accompli. La fourchette s&rsquo;est \u00e9tablie entre 1 et 10 euros.<\/span><\/strong><\/span><\/p>\n<p style=\"text-align: left;\">\u00a0<\/p>\n<p><span style=\"font-family: 'arial black', sans-serif; font-size: 14pt; color: #993300;\"><a href=\"http:\/\/www.unenfantuncartable17.fr\/wp-content\/uploads\/2017\/06\/P1050822.jpg\"><img loading=\"lazy\" decoding=\"async\" class=\"alignleft size-medium wp-image-1393\" src=\"http:\/\/www.unenfantuncartable17.fr\/wp-content\/uploads\/2017\/06\/P1050822-300x225.jpg\" alt=\"\" width=\"300\" height=\"225\" srcset=\"http:\/\/www.unenfantuncartable17.fr\/wp-content\/uploads\/2017\/06\/P1050822-300x225.jpg 300w, http:\/\/www.unenfantuncartable17.fr\/wp-content\/uploads\/2017\/06\/P1050822-768x576.jpg 768w, http:\/\/www.unenfantuncartable17.fr\/wp-content\/uploads\/2017\/06\/P1050822.jpg 1024w\" sizes=\"auto, (max-width: 300px) 100vw, 300px\" \/><\/a>L&rsquo;ensemble des ma\u00eetres de l&rsquo;\u00e9cole ayant d\u00e9cid\u00e9 d&rsquo;attribuer les recettes de l&rsquo;op\u00e9ration \u00e0 \u00ab\u00a0Un enfant, Un cartable\u00a0\u00bb, la sensibilisation des \u00e9l\u00e8ves \u00e0 la solidarit\u00e9 (que l&rsquo;\u00e9cole m\u00e8ne tous les ans avec des associations diff\u00e9rentes) avait \u00e9t\u00e9 initi\u00e9e par Philippe Tallois, enseignant de CP, et adh\u00e9rent de l&rsquo;association, \u00a0qu&rsquo;il avait sollicit\u00e9e. Nous sommes donc intervenus dans les classes pour expliquer notre action au S\u00e9n\u00e9gal pour plus de 1100 \u00e9l\u00e8ves, et son contexte.\u00a0<\/span><\/p>\n<p>&nbsp;<\/p>\n<p><a href=\"http:\/\/www.unenfantuncartable17.fr\/wp-content\/uploads\/2017\/06\/oct-2016-\u00e0-mai-2017-252-avant-la-course11.jpg\"><img loading=\"lazy\" decoding=\"async\" class=\"alignleft size-medium wp-image-1362\" src=\"http:\/\/www.unenfantuncartable17.fr\/wp-content\/uploads\/2017\/06\/oct-2016-\u00e0-mai-2017-252-avant-la-course11-300x200.jpg\" alt=\"\" width=\"300\" height=\"200\" srcset=\"http:\/\/www.unenfantuncartable17.fr\/wp-content\/uploads\/2017\/06\/oct-2016-\u00e0-mai-2017-252-avant-la-course11-300x200.jpg 300w, http:\/\/www.unenfantuncartable17.fr\/wp-content\/uploads\/2017\/06\/oct-2016-\u00e0-mai-2017-252-avant-la-course11-768x512.jpg 768w, http:\/\/www.unenfantuncartable17.fr\/wp-content\/uploads\/2017\/06\/oct-2016-\u00e0-mai-2017-252-avant-la-course11.jpg 1024w\" sizes=\"auto, (max-width: 300px) 100vw, 300px\" \/><\/a><\/p>\n<p><span style=\"font-family: 'arial black', sans-serif; font-size: 14pt; color: #993300;\">Les enfants, tr\u00e8s motiv\u00e9s par l&rsquo;id\u00e9e de permettre \u00e0 des S\u00e9n\u00e9galais de leur \u00e2ge d&rsquo;avoir un cartable et ses fournitures, ont convaincu de tr\u00e8s nombreux parrains et marraines, avec au bout la r\u00e9colte de <strong><span style=\"color: #808000;\">3547 euros !<\/span><\/strong> Une somme remise \u00e0 l&rsquo;association le 21 juin qui permettra d&rsquo;acheter pr\u00e8s de 400 cartables et leurs fournitures- au cours d&rsquo;une c\u00e9r\u00e9monie officielle en pr\u00e9sence de Sophorn Gargoullaud, \u00e9lue municipale du quartier et de Jeannick Cerfontaine, maire-adjoint aux affaires scolaires.<\/span><\/p>\n<p><span style=\"font-family: 'arial black', sans-serif; font-size: 14pt; color: #808000;\">L&rsquo;association remercie tr\u00e8s vivement tous les enfants de l&rsquo;\u00e9cole de Laleu, Catherine Muller, la directrice, tous les enseignants-dont Philippe Tallois initiateur de la course- Severine Fulleran animatrice de la ville de la Rochelle, le centre social du quartier et tous les parents et b\u00e9n\u00e9voles qui ont concouru au succ\u00e8s de ce \u00ab\u00a0cross de la solidar<\/span><span style=\"font-family: 'arial black', sans-serif; font-size: 14pt; color: #808000;\">it\u00e9\u00a0\u00bb, donc voici\u00a0<\/span><span style=\"text-decoration: underline; font-size: 14pt;\"><span style=\"font-family: 'arial black', sans-serif; color: #993300; text-decoration: underline;\">quelques moments :<\/span><\/span><\/p>\n<p>&nbsp;<\/p>\n<p><a href=\"http:\/\/www.unenfantuncartable17.fr\/wp-content\/uploads\/2017\/06\/3-basse-def.jpg\"><img loading=\"lazy\" decoding=\"async\" class=\"wp-image-1350 aligncenter\" src=\"http:\/\/www.unenfantuncartable17.fr\/wp-content\/uploads\/2017\/06\/3-basse-def-300x169.jpg\" alt=\"\" width=\"349\" height=\"196\" srcset=\"http:\/\/www.unenfantuncartable17.fr\/wp-content\/uploads\/2017\/06\/3-basse-def-300x169.jpg 300w, http:\/\/www.unenfantuncartable17.fr\/wp-content\/uploads\/2017\/06\/3-basse-def-768x432.jpg 768w, http:\/\/www.unenfantuncartable17.fr\/wp-content\/uploads\/2017\/06\/3-basse-def.jpg 1024w\" sizes=\"auto, (max-width: 349px) 100vw, 349px\" \/><\/a><\/p>\n<p>&nbsp;<\/p>\n<p><a href=\"http:\/\/www.unenfantuncartable17.fr\/wp-content\/uploads\/2017\/06\/oct-2016-\u00e0-mai-2017-271.jpg\"><img loading=\"lazy\" decoding=\"async\" class=\"size-medium wp-image-1386 alignright\" src=\"http:\/\/www.unenfantuncartable17.fr\/wp-content\/uploads\/2017\/06\/oct-2016-\u00e0-mai-2017-271-300x200.jpg\" alt=\"\" width=\"300\" height=\"200\" srcset=\"http:\/\/www.unenfantuncartable17.fr\/wp-content\/uploads\/2017\/06\/oct-2016-\u00e0-mai-2017-271-300x200.jpg 300w, http:\/\/www.unenfantuncartable17.fr\/wp-content\/uploads\/2017\/06\/oct-2016-\u00e0-mai-2017-271-768x512.jpg 768w, http:\/\/www.unenfantuncartable17.fr\/wp-content\/uploads\/2017\/06\/oct-2016-\u00e0-mai-2017-271.jpg 1024w\" sizes=\"auto, (max-width: 300px) 100vw, 300px\" \/><\/a><\/p>\n<p><a href=\"http:\/\/www.unenfantuncartable17.fr\/wp-content\/uploads\/2017\/06\/oct-2016-\u00e0-mai-2017-272.jpg\"><img loading=\"lazy\" decoding=\"async\" class=\"alignleft size-medium wp-image-1390\" src=\"http:\/\/www.unenfantuncartable17.fr\/wp-content\/uploads\/2017\/06\/oct-2016-\u00e0-mai-2017-272-300x200.jpg\" alt=\"\" width=\"300\" height=\"200\" srcset=\"http:\/\/www.unenfantuncartable17.fr\/wp-content\/uploads\/2017\/06\/oct-2016-\u00e0-mai-2017-272-300x200.jpg 300w, http:\/\/www.unenfantuncartable17.fr\/wp-content\/uploads\/2017\/06\/oct-2016-\u00e0-mai-2017-272-768x512.jpg 768w, http:\/\/www.unenfantuncartable17.fr\/wp-content\/uploads\/2017\/06\/oct-2016-\u00e0-mai-2017-272.jpg 1024w\" sizes=\"auto, (max-width: 300px) 100vw, 300px\" \/><\/a><\/p>\n<p>&nbsp;<\/p>\n<p>&nbsp;<\/p>\n<p>&nbsp;<\/p>\n<p>&nbsp;<\/p>\n<p>&nbsp;<\/p>\n<p>&nbsp;<\/p>\n<p><a href=\"http:\/\/www.unenfantuncartable17.fr\/wp-content\/uploads\/2017\/06\/oct-2016-\u00e0-mai-2017-263.jpg\"><img loading=\"lazy\" decoding=\"async\" class=\"alignleft size-medium wp-image-1392\" src=\"http:\/\/www.unenfantuncartable17.fr\/wp-content\/uploads\/2017\/06\/oct-2016-\u00e0-mai-2017-263-300x200.jpg\" alt=\"\" width=\"300\" height=\"200\" srcset=\"http:\/\/www.unenfantuncartable17.fr\/wp-content\/uploads\/2017\/06\/oct-2016-\u00e0-mai-2017-263-300x200.jpg 300w, http:\/\/www.unenfantuncartable17.fr\/wp-content\/uploads\/2017\/06\/oct-2016-\u00e0-mai-2017-263-768x512.jpg 768w, http:\/\/www.unenfantuncartable17.fr\/wp-content\/uploads\/2017\/06\/oct-2016-\u00e0-mai-2017-263.jpg 1024w\" sizes=\"auto, (max-width: 300px) 100vw, 300px\" \/><\/a><\/p>\n<p><a href=\"http:\/\/www.unenfantuncartable17.fr\/wp-content\/uploads\/2017\/06\/oct-2016-\u00e0-mai-2017-265.jpg\"><img loading=\"lazy\" decoding=\"async\" class=\"size-medium wp-image-1388 alignright\" src=\"http:\/\/www.unenfantuncartable17.fr\/wp-content\/uploads\/2017\/06\/oct-2016-\u00e0-mai-2017-265-300x200.jpg\" alt=\"\" width=\"300\" height=\"200\" srcset=\"http:\/\/www.unenfantuncartable17.fr\/wp-content\/uploads\/2017\/06\/oct-2016-\u00e0-mai-2017-265-300x200.jpg 300w, http:\/\/www.unenfantuncartable17.fr\/wp-content\/uploads\/2017\/06\/oct-2016-\u00e0-mai-2017-265-768x512.jpg 768w, http:\/\/www.unenfantuncartable17.fr\/wp-content\/uploads\/2017\/06\/oct-2016-\u00e0-mai-2017-265.jpg 1024w\" sizes=\"auto, (max-width: 300px) 100vw, 300px\" \/><\/a><\/p>\n<p>&nbsp;<\/p>\n<p>&nbsp;<\/p>\n<p>&nbsp;<\/p>\n<p>&nbsp;<\/p>\n<p>&nbsp;<\/p>\n<p>&nbsp;<\/p>\n<p><a href=\"http:\/\/www.unenfantuncartable17.fr\/wp-content\/uploads\/2017\/06\/DSC00854.jpg\"><img loading=\"lazy\" decoding=\"async\" class=\"size-medium wp-image-1395 aligncenter\" src=\"http:\/\/www.unenfantuncartable17.fr\/wp-content\/uploads\/2017\/06\/DSC00854-300x225.jpg\" alt=\"\" width=\"300\" height=\"225\" srcset=\"http:\/\/www.unenfantuncartable17.fr\/wp-content\/uploads\/2017\/06\/DSC00854-300x225.jpg 300w, http:\/\/www.unenfantuncartable17.fr\/wp-content\/uploads\/2017\/06\/DSC00854-768x576.jpg 768w, http:\/\/www.unenfantuncartable17.fr\/wp-content\/uploads\/2017\/06\/DSC00854.jpg 1024w\" sizes=\"auto, (max-width: 300px) 100vw, 300px\" \/><\/a><\/p>\n","protected":false},"excerpt":{"rendered":"<p>Le 24 mai, les 165 enfants des 8 classes de l&rsquo;\u00e9cole de Laleu \u00e0 La Rochelle ont particip\u00e9 \u00e0 un \u00ab\u00a0cross de la solidarit\u00e9\u00a0\u00bb dans le parc municipal tout proche. Organis\u00e9e par les enseignants, soutenue par les services de la ville -dont S\u00e9verine Fulleran animatrice et cheville ouvri\u00e8re de la manifestation- cette course a n\u00e9cessit\u00e9 [&hellip;]<\/p>\n","protected":false},"author":2,"featured_media":0,"comment_status":"open","ping_status":"open","sticky":false,"template":"","format":"standard","meta":{"jetpack_post_was_ever_published":false,"_jetpack_newsletter_access":"","_jetpack_dont_email_post_to_subs":true,"_jetpack_newsletter_tier_id":0,"_jetpack_memberships_contains_paywalled_content":false,"_jetpack_memberships_contains_paid_content":false,"footnotes":""},"categories":[1],"tags":[],"class_list":["post-1346","post","type-post","status-publish","format-standard","hentry","category-non-classe"],"jetpack_featured_media_url":"","jetpack_sharing_enabled":true,"jetpack_shortlink":"https:\/\/wp.me\/p5o8j7-lI","_links":{"self":[{"href":"http:\/\/www.unenfantuncartable17.fr\/index.php?rest_route=\/wp\/v2\/posts\/1346","targetHints":{"allow":["GET"]}}],"collection":[{"href":"http:\/\/www.unenfantuncartable17.fr\/index.php?rest_route=\/wp\/v2\/posts"}],"about":[{"href":"http:\/\/www.unenfantuncartable17.fr\/index.php?rest_route=\/wp\/v2\/types\/post"}],"author":[{"embeddable":true,"href":"http:\/\/www.unenfantuncartable17.fr\/index.php?rest_route=\/wp\/v2\/users\/2"}],"replies":[{"embeddable":true,"href":"http:\/\/www.unenfantuncartable17.fr\/index.php?rest_route=%2Fwp%2Fv2%2Fcomments&post=1346"}],"version-history":[{"count":25,"href":"http:\/\/www.unenfantuncartable17.fr\/index.php?rest_route=\/wp\/v2\/posts\/1346\/revisions"}],"predecessor-version":[{"id":1401,"href":"http:\/\/www.unenfantuncartable17.fr\/index.php?rest_route=\/wp\/v2\/posts\/1346\/revisions\/1401"}],"wp:attachment":[{"href":"http:\/\/www.unenfantuncartable17.fr\/index.php?rest_route=%2Fwp%2Fv2%2Fmedia&parent=1346"}],"wp:term":[{"taxonomy":"category","embeddable":true,"href":"http:\/\/www.unenfantuncartable17.fr\/index.php?rest_route=%2Fwp%2Fv2%2Fcategories&post=1346"},{"taxonomy":"post_tag","embeddable":true,"href":"http:\/\/www.unenfantuncartable17.fr\/index.php?rest_route=%2Fwp%2Fv2%2Ftags&post=1346"}],"curies":[{"name":"wp","href":"https:\/\/api.w.org\/{rel}","templated":true}]}}