{"id":1296,"date":"2017-04-09T16:09:46","date_gmt":"2017-04-09T15:09:46","guid":{"rendered":"http:\/\/www.unenfantuncartable17.fr\/?p=1296"},"modified":"2017-04-09T19:00:09","modified_gmt":"2017-04-09T18:00:09","slug":"lassemblee-generale-porteuse-davenir","status":"publish","type":"post","link":"http:\/\/www.unenfantuncartable17.fr\/?p=1296","title":{"rendered":"L&rsquo;assembl\u00e9e g\u00e9n\u00e9rale porteuse d&rsquo;avenir"},"content":{"rendered":"<p><span style=\"font-family: 'arial black', sans-serif; font-size: 14pt; color: #993300;\">Pour la premi\u00e8re fois, l&rsquo;assembl\u00e9e g\u00e9n\u00e9rale de l&rsquo;association s&rsquo;est tenue \u00e0 la r\u00e9sidence Lafayette, si\u00e8ge de la Ligue de l&rsquo;Enseignement 17, <strong><span style=\"color: #808000;\">samedi 8 avril. <\/span><\/strong><\/span><\/p>\n<p><span style=\"font-family: 'arial black', sans-serif; font-size: 14pt; color: #993300;\">Le pr\u00e9sident a rappel\u00e9 la m\u00e9moire de <strong><span style=\"color: #808000;\">Jean-Jacques Moulinet,<\/span><\/strong> d\u00e9c\u00e9d\u00e9 en d\u00e9but d&rsquo;ann\u00e9e, membre fondateur de l&rsquo;association en 2008, puis tr\u00e9sorier et vice-pr\u00e9sident.<\/span><\/p>\n<p><span style=\"font-family: 'arial black', sans-serif; font-size: 14pt; color: #993300;\">Ouverts en pr\u00e9sence d&rsquo;une cinquantaine de personnes (et avec 43 pouvoirs) et de <span style=\"color: #808000;\">R<strong>oger Lepeix, pr\u00e9sident d&rsquo;un de nos partenaires -Entraide et Solidarit\u00e9 de la Libre pens\u00e9e-<\/strong> <span style=\"color: #993300;\">l<\/span><\/span>es travaux ont permis de revenir sur un an d&rsquo;actions et de travaux en faveur de 1100 \u00e9l\u00e8ves de toutes les \u00e9coles publiques (\u00e9l\u00e9mentaires et maternelles) de l&rsquo;\u00eele de Mar Lodj.<\/span><\/p>\n<p><span style=\"font-family: 'arial black', sans-serif; font-size: 14pt; color: #993300;\">Le rapport d&rsquo;activit\u00e9s a fait l&rsquo;objet de nombreux \u00e9changes et discussions autour de notre engagement: la proportion de filles scolaris\u00e9es s&rsquo;\u00e9l\u00e8ve \u00e0 plus de 52% et notre action s&rsquo;\u00e9tendra \u00e0 la rentr\u00e9e prochaine \u00e0 toutes les \u00e9coles maternelles de l&rsquo;\u00eele <strong><span style=\"color: #808000;\">(voir article sur la derni\u00e8re mission)<\/span><\/strong> Il s&rsquo;agit l\u00e0 d&rsquo;une dimension essentielle pour favoriser la r\u00e9ussite des enfants qui arrivent en CI (premier niveau \u00e9l\u00e9mentaire) gr\u00e2ce \u00e0 un apprentissage du fran\u00e7ais et \u00e0 une familiarisation du cadre scolaire plus pr\u00e9coces.<\/span><\/p>\n<p><span style=\"font-family: 'arial black', sans-serif; font-size: 14pt; color: #993300;\">Les diff\u00e9rents intervenants qui sont all\u00e9s au S\u00e9n\u00e9gal ont pu t\u00e9moigner aussi de l&rsquo;attente de notre passage et des liens qui se sont tiss\u00e9s au cours des ann\u00e9es, avec les enseignants comme avec les parents d&rsquo;\u00e9l\u00e8ves.<\/span><\/p>\n<p><span style=\"font-family: 'arial black', sans-serif; font-size: 14pt; color: #993300;\">Une connaissance de l&rsquo;\u00eele qui va permettre d\u00e8s la prochaine rentr\u00e9e de faire fabriquer par un tailleur local, les sacs et les trousses pour les 33 CI de l&rsquo;\u00e9cole de Mar Lodj. Si cet essai est concluant, l&rsquo;exp\u00e9rience pourra \u00eatre \u00e9tendue progressivement aux autres \u00e9coles et impliquera encore plus l&rsquo;association dans la vie \u00e9conomique de l&rsquo;\u00eele. Un enjeu important car la commande pourrait avoisiner les 280 pi\u00e8ces pour les Ci et les CE2.<\/span><\/p>\n<p><span style=\"font-family: 'arial black', sans-serif; font-size: 14pt; color: #993300;\">Un changement de fournisseurs va d\u00e9j\u00e0 se produire pour les livres scolaires qui seront d\u00e9sormais achet\u00e9s dans une librairie sp\u00e9cialis\u00e9e de Dakar, moins ch\u00e8re que notre papetier habituel.<\/span><\/p>\n<p><span style=\"font-family: 'arial black', sans-serif; font-size: 14pt; color: #993300;\">Si la biblioth\u00e8que a bien ouvert ses portes en octobre dernier \u00e0 l&rsquo;\u00e9cole de Mar Lodj, un premier bilan en f\u00e9vrier dernier a montr\u00e9 que la demande des enseignants \u00e9tait suivie de r\u00e9alisations et d&rsquo;animations autour du livre.<\/span><\/p>\n<p><strong><span style=\"font-family: 'arial black', sans-serif; font-size: 14pt; color: #808000;\">Le rapport moral et d&rsquo;activit\u00e9s a \u00e9t\u00e9 vot\u00e9 \u00e0 l&rsquo;unanimit\u00e9 (voir en pi\u00e8ce jointe)<\/span><\/strong><\/p>\n<p><span style=\"font-family: 'arial black', sans-serif; font-size: 14pt; color: #993300;\">Le bilan financier avec l&rsquo;examen du compte d&rsquo;exploitation a montr\u00e9 une belle sant\u00e9. <strong><span style=\"color: #808000;\">Le pr\u00e9sident a toutefois rappel\u00e9 que si le nombre d&rsquo;enfants se montait aujourd&rsquo;hui \u00e0 1100 contre une quarantaine il y a 9 ans, la cotisation, elle, n&rsquo;avait pas vari\u00e9.<\/span> <\/strong>Une situation qui pourrait \u00e9voluer dans les prochaines ann\u00e9es, si les 240 adh\u00e9rents actuels- et n\u00e9cessaires- venaient \u00e0 diminuer. Roger Lepeix, le pr\u00e9sident d&rsquo;Entraide et Solidarit\u00e9 a pu assurer l&rsquo;assistance de la poursuite du partenariat initial engag\u00e9 il y a 6 ans et qui permet d&rsquo;abonder le budget de 1000 \u20ac tous les ans. Une excellente nouvelle qui permet de se projeter positivement.<\/span><\/p>\n<p><strong><span style=\"font-family: 'arial black', sans-serif; font-size: 14pt; color: #808000;\">Compte d&rsquo;exploitation<\/span><\/strong><\/p>\n<p><strong><span style=\"text-decoration: underline; color: #808000;\"><span style=\"font-family: 'arial black', sans-serif; font-size: 14pt;\">Recettes:<\/span><\/span><\/strong><\/p>\n<p><span style=\"font-family: 'arial black', sans-serif; font-size: 14pt; color: #993300;\">Cotisations membres\u00a0 7 070 \u20ac<\/span><\/p>\n<p><span style=\"font-family: 'arial black', sans-serif; font-size: 14pt; color: #993300;\">Dons et partenariats\u00a0 3 430\u00a0 \u20ac<\/span><\/p>\n<p><span style=\"font-family: 'arial black', sans-serif; font-size: 14pt; color: #993300;\">Manifestations\u00a0 2 915 \u20ac<\/span><\/p>\n<p><span style=\"font-family: 'arial black', sans-serif; font-size: 14pt; color: #808000;\">Total\u00a0 13 415 \u20ac<\/span><\/p>\n<p><span style=\"text-decoration: underline;\"><span style=\"font-family: 'arial black', sans-serif; font-size: 14pt; color: #808000; text-decoration: underline;\">D\u00e9penses:<\/span><\/span><\/p>\n<p><span style=\"font-family: 'arial black', sans-serif; font-size: 14pt; color: #993300;\">Fournitures et livres\u00a0 6 913 \u20ac<\/span><\/p>\n<p><span style=\"font-family: 'arial black', sans-serif; font-size: 14pt; color: #993300;\">Travaux\u00a0 \u00a0 \u00a0\u00a0 196 \u20ac<\/span><\/p>\n<p><span style=\"font-family: 'arial black', sans-serif; font-size: 14pt; color: #993300;\">Frais de gestion\u00a0 \u00a0\u00a0 709 \u20ac<\/span><\/p>\n<p><span style=\"font-family: 'arial black', sans-serif; font-size: 14pt; color: #993300;\">Manifestations\u00a0 \u00a0 1 592 \u20ac<\/span><\/p>\n<p><span style=\"font-family: 'arial black', sans-serif; font-size: 14pt; color: #993300;\">Scolarit\u00e9 des enfants du camp\u00a0 \u00a0\u00a0 454 \u20ac<\/span><\/p>\n<p><span style=\"font-family: 'arial black', sans-serif; font-size: 14pt; color: #993300;\">Frais engag\u00e9s sur place\u00a0 \u00a0\u00a0 404 \u20ac<\/span><\/p>\n<p><span style=\"font-family: 'arial black', sans-serif; font-size: 14pt; color: #993300;\">Biblioth\u00e8que\u00a0 \u00a0 1 107 \u20ac<\/span><\/p>\n<p><span style=\"font-family: 'arial black', sans-serif; font-size: 14pt; color: #993300;\">Cotisations per\u00e7ues en avance\u00a0 1 713 \u20ac<\/span><\/p>\n<p><span style=\"font-family: 'arial black', sans-serif; font-size: 14pt; color: #993300;\">R\u00e9sultat\u00a0 \u00a0 \u00a0 \u00a0\u00a0\u00a0327 \u20ac<\/span><\/p>\n<p><span style=\"font-family: 'arial black', sans-serif; font-size: 14pt; color: #808000;\">Total\u00a0 \u00a0 13 415 \u20ac<\/span><\/p>\n<p><span style=\"font-family: 'arial black', sans-serif; font-size: 14pt; color: #993300;\">Le rapport financier comme le quitus ont \u00e9t\u00e9 vot\u00e9s \u00e0 l&rsquo;unanimit\u00e9, apr\u00e8s que le pr\u00e9sident a remerci\u00e9 Monique Moulinet de son travail de v\u00e9rificatrice aux comptes.<\/span><\/p>\n<p><span style=\"font-family: 'arial black', sans-serif; font-size: 14pt; color: #993300;\">Les \u00e9lections au conseil d&rsquo;administration ont conduit \u00e0 la <strong><span style=\"color: #808000;\">r\u00e9-\u00e9lection de Claude Biardeau et de Guy Nakache<\/span><\/strong> qui entament leur deuxi\u00e8me mandat. <strong><span style=\"color: #808000;\">Jean Bureau<\/span><\/strong> a ensuite \u00e9t\u00e9 \u00e9lu pour un premier mandat.<\/span><\/p>\n<p><span style=\"font-family: 'arial black', sans-serif; font-size: 14pt; color: #993300;\">Un diaporama r\u00e9alis\u00e9 \u00e0 partir de photos prises lors de la derni\u00e8re mission a permis, en cl\u00f4ture des travaux, d&rsquo;approcher un peu mieux de la r\u00e9alit\u00e9 de l&rsquo;\u00eele de Mar Lodj.<\/span><\/p>\n<p><span style=\"font-family: 'arial black', sans-serif; font-size: 14pt; color: #993300;\">L&rsquo;assembl\u00e9e g\u00e9n\u00e9rale s&rsquo;est termin\u00e9e par le pot de l&rsquo;amiti\u00e9 et par un repas pris dans le restaurant de la r\u00e9sidence Lafayette.<\/span><\/p>\n<p><strong><span style=\"font-family: 'arial black', sans-serif; font-size: 14pt; color: #808000;\">Pi\u00e8ce jointe:<\/span><\/strong><\/p>\n<ul>\n<li><strong><span style=\"font-family: 'arial black', sans-serif; font-size: 14pt; color: #808000;\"><a style=\"color: #808000;\" href=\"http:\/\/www.unenfantuncartable17.fr\/wp-content\/uploads\/2017\/04\/Rapport-moral-2016.docx\">Rapport moral 2016<\/a>\u00a0(cliquez)<\/span><\/strong><\/li>\n<\/ul>\n","protected":false},"excerpt":{"rendered":"<p>Pour la premi\u00e8re fois, l&rsquo;assembl\u00e9e g\u00e9n\u00e9rale de l&rsquo;association s&rsquo;est tenue \u00e0 la r\u00e9sidence Lafayette, si\u00e8ge de la Ligue de l&rsquo;Enseignement 17, samedi 8 avril. Le pr\u00e9sident a rappel\u00e9 la m\u00e9moire de Jean-Jacques Moulinet, d\u00e9c\u00e9d\u00e9 en d\u00e9but d&rsquo;ann\u00e9e, membre fondateur de l&rsquo;association en 2008, puis tr\u00e9sorier et vice-pr\u00e9sident. Ouverts en pr\u00e9sence d&rsquo;une cinquantaine de personnes (et [&hellip;]<\/p>\n","protected":false},"author":2,"featured_media":0,"comment_status":"open","ping_status":"open","sticky":false,"template":"","format":"standard","meta":{"jetpack_post_was_ever_published":false,"_jetpack_newsletter_access":"","_jetpack_dont_email_post_to_subs":true,"_jetpack_newsletter_tier_id":0,"_jetpack_memberships_contains_paywalled_content":false,"_jetpack_memberships_contains_paid_content":false,"footnotes":""},"categories":[1],"tags":[],"class_list":["post-1296","post","type-post","status-publish","format-standard","hentry","category-non-classe"],"jetpack_featured_media_url":"","jetpack_sharing_enabled":true,"jetpack_shortlink":"https:\/\/wp.me\/p5o8j7-kU","_links":{"self":[{"href":"http:\/\/www.unenfantuncartable17.fr\/index.php?rest_route=\/wp\/v2\/posts\/1296","targetHints":{"allow":["GET"]}}],"collection":[{"href":"http:\/\/www.unenfantuncartable17.fr\/index.php?rest_route=\/wp\/v2\/posts"}],"about":[{"href":"http:\/\/www.unenfantuncartable17.fr\/index.php?rest_route=\/wp\/v2\/types\/post"}],"author":[{"embeddable":true,"href":"http:\/\/www.unenfantuncartable17.fr\/index.php?rest_route=\/wp\/v2\/users\/2"}],"replies":[{"embeddable":true,"href":"http:\/\/www.unenfantuncartable17.fr\/index.php?rest_route=%2Fwp%2Fv2%2Fcomments&post=1296"}],"version-history":[{"count":13,"href":"http:\/\/www.unenfantuncartable17.fr\/index.php?rest_route=\/wp\/v2\/posts\/1296\/revisions"}],"predecessor-version":[{"id":1310,"href":"http:\/\/www.unenfantuncartable17.fr\/index.php?rest_route=\/wp\/v2\/posts\/1296\/revisions\/1310"}],"wp:attachment":[{"href":"http:\/\/www.unenfantuncartable17.fr\/index.php?rest_route=%2Fwp%2Fv2%2Fmedia&parent=1296"}],"wp:term":[{"taxonomy":"category","embeddable":true,"href":"http:\/\/www.unenfantuncartable17.fr\/index.php?rest_route=%2Fwp%2Fv2%2Fcategories&post=1296"},{"taxonomy":"post_tag","embeddable":true,"href":"http:\/\/www.unenfantuncartable17.fr\/index.php?rest_route=%2Fwp%2Fv2%2Ftags&post=1296"}],"curies":[{"name":"wp","href":"https:\/\/api.w.org\/{rel}","templated":true}]}}