{"id":1217,"date":"2017-03-04T12:02:18","date_gmt":"2017-03-04T11:02:18","guid":{"rendered":"http:\/\/www.unenfantuncartable17.fr\/?p=1217"},"modified":"2017-03-04T12:06:02","modified_gmt":"2017-03-04T11:06:02","slug":"plus-de-1000-eleves","status":"publish","type":"post","link":"http:\/\/www.unenfantuncartable17.fr\/?p=1217","title":{"rendered":"Plus de 1000 \u00e9l\u00e8ves !"},"content":{"rendered":"<p><span style=\"font-family: 'arial black', sans-serif; font-size: 14pt; color: #993300;\">La derni\u00e8re mission (du 21 f\u00e9vrier au 2 mars) a permis d&rsquo;approfondir et d&rsquo;\u00e9tendre notre action sur l&rsquo;\u00eele de Mar Lodj.<\/span><\/p>\n<p><span style=\"font-family: 'arial black', sans-serif; font-size: 14pt; color: #993300;\"><strong><span style=\"text-decoration: underline; color: #808000;\">Etendre,<\/span><\/strong> car, ce sont -tr\u00e8s exactement- <strong><span style=\"color: #808000;\">1091 enfants<\/span><\/strong> de tous niveaux de maternelle et d&rsquo;\u00e9l\u00e9mentaire que l&rsquo;association va aider lors de la prochaine rentr\u00e9e scolaire en octobre prochain. Soit environ <strong><span style=\"color: #808000;\">170 de plus<\/span><\/strong> qu&rsquo;\u00e0 la derni\u00e8re rentr\u00e9e.<\/span><\/p>\n<p><span style=\"font-family: 'arial black', sans-serif; font-size: 14pt; color: #993300;\"><strong><span style=\"text-decoration: underline; color: #808000;\">Approfondir,<\/span><\/strong> car aux \u00e9coles d\u00e9j\u00e0 partenaires, s&rsquo;ajoutera l&rsquo;\u00e9cole maternelle de Mar Fafako qui permet de favoriser la scolarit\u00e9, gr\u00e2ce \u00e0 une socialisation et une familiarit\u00e9 avec le fran\u00e7ais plus pr\u00e9coce.<\/span><\/p>\n<p><span style=\"font-family: 'arial black', sans-serif; font-size: 14pt; color: #993300;\">Pour la rentr\u00e9e prochaine, 5 \u00e9coles \u00e9l\u00e9mentaires et 2 \u00e9coles maternelles seront donc partenaires de notre action au S\u00e9n\u00e9gal. Le d\u00e9tail des fournitures pour les \u00e9l\u00e8ves et les enseignants et des livres, sera communiqu\u00e9 d\u00e8s que les commandes auront \u00e9t\u00e9 finalis\u00e9es.<\/span><\/p>\n<p><span style=\"font-family: 'arial black', sans-serif; font-size: 14pt; color: #993300;\">Parmi ces fournisseurs, nous avons d\u00e9cid\u00e9 de faire confiance cette ann\u00e9e, pour les livres scolaires, \u00e0 la librairie de Dakar qui a vendu les ouvrages destin\u00e9s \u00e0 la biblioth\u00e8que de l&rsquo;\u00e9cole de Mar Lodj qui a ouvert en octobre dernier.\u00a0<\/span><\/p>\n<p><span style=\"font-family: 'arial black', sans-serif; font-size: 14pt; color: #993300;\"><strong><span style=\"color: #808000;\"><span style=\"text-decoration: underline;\">Les deux autres fournisseurs ne changent pas<\/span>:<\/span><\/strong> la papeterie de M&rsquo;Bour pour les fournitures des \u00e9l\u00e8ves et le centre de formation professionnelle de N&rsquo;Guekokh pour les trousses et les sacs. <\/span><\/p>\n<p><span style=\"font-family: 'arial black', sans-serif; font-size: 14pt; color: #993300;\"><strong><span style=\"color: #808000;\">La fourniture de ces derniers va d&rsquo;ailleurs faire l&rsquo;objet d&rsquo;une inflexion:<\/span><\/strong> en effet, au cours de plusieurs missions, une sous-utilisation de ces sacs a \u00e9t\u00e9 observ\u00e9e. Nous nous en sommes ouverts aux directeurs d&rsquo;\u00e9cole pour leur demander de sensibiliser les parents et les enfants qui pr\u00e9f\u00e9rent les sacs bariol\u00e9s du commerce, pourtant tr\u00e8s fragiles. Sauf pour l&rsquo;\u00e9cole de Marsoulou (gr\u00e2ce \u00e0 l&rsquo;action de l&rsquo;\u00e9quipe enseignante) dont les \u00e9l\u00e8ves utilisent en tr\u00e8s grande majorit\u00e9 le sac fourni par l&rsquo;association,<strong> <span style=\"color: #808000;\">les autres \u00e9coles recevront ce dernier, uniquement pour les \u00e9l\u00e8ves qui d\u00e9marrent leur scolarit\u00e9 en CI.<\/span><\/strong> Si la p\u00e9rennit\u00e9 de l&rsquo;utilisation est constat\u00e9e dans les deux ans qui viennent, nous reprendrons le rythme initial d&rsquo;un sac fourni aussi en CE2, soit deux pour la scolarit\u00e9.<\/span><\/p>\n<p><span style=\"font-family: 'arial black', sans-serif; font-size: 14pt; color: #993300;\">Aujourd&rsquo;hui ce sont <strong><span style=\"color: #808000;\">177 sacs<\/span><\/strong> (dont le design va \u00e9voluer en substituant des bretelles \u00e0 la bandouli\u00e8re) et trousses qui ont \u00e9t\u00e9 command\u00e9s au centre de formation de N&rsquo;Guekokh pour tous les CI. Sauf pour l&rsquo;\u00e9cole de Mar Lodj <strong><span style=\"color: #808000;\">(31 sacs et trousses)<\/span><\/strong> dont le directeur a souhait\u00e9 faire travailler un artisan de l&rsquo;\u00eele. Nous attendons le devis.<\/span><\/p>\n<p><span style=\"font-family: 'arial black', sans-serif; font-size: 14pt; color: #993300;\"><strong><span style=\"color: #808000;\">Pour ce qui est de la biblioth\u00e8que,<\/span><\/strong> le premier bilan dress\u00e9 avec l&rsquo;animateur et le directeur de l&rsquo;\u00e9cole indique qu&rsquo;au bout de 4 mois de fonctionnement,<strong> <span style=\"color: #808000;\">la proportion de livres lus est tr\u00e8s importante, notamment les bandes dessin\u00e9es du CP au CM2, tout comme les albums et les contes.<\/span><\/strong> L&rsquo;animateur, apr\u00e8s cet essai en grandeur r\u00e9elle, souhaite maintenant que les ouvrages soient disponibles en plusieurs exemplaires pour favoriser les animations qu&rsquo;il compte proposer. Une trentaine d&rsquo;ouvrages en 5 exemplaires pourrait donc augmenter le fonds d\u00e8s la prochaine rentr\u00e9e et permettre aussi aux enfants d&#8217;emporter le livre chez eux.<\/span><\/p>\n<p><strong><span style=\"text-decoration: underline; font-family: 'arial black', sans-serif; font-size: 14pt; color: #808000;\">Ecoles \u00e9l\u00e9mentaires (6 niveaux) et effectifs pr\u00e9visionnels: 951<\/span><\/strong><\/p>\n<p><span style=\"font-family: 'arial black', sans-serif; font-size: 14pt; color: #993300;\">Wandi\u00e9: 35. 1 instituteur.<\/span><\/p>\n<p><span style=\"font-family: 'arial black', sans-serif; font-size: 14pt; color: #993300;\">Marsoulou: 101. 4 instituteurs dont un directeur d\u00e9charg\u00e9 partiellement.<\/span><\/p>\n<p><span style=\"font-family: 'arial black', sans-serif; font-size: 14pt; color: #993300;\">Mar Lodj: 214. 6 instituteurs dont 1 directeur d\u00e9charg\u00e9 partiellement. 1 ma\u00eetre d&rsquo;arabe.<\/span><\/p>\n<p><span style=\"font-family: 'arial black', sans-serif; font-size: 14pt; color: #993300;\">Mar Fafako 1: 463. 12 instituteurs. 1 directeur d\u00e9charg\u00e9. 1 ma\u00eetre d&rsquo;arabe.<\/span><\/p>\n<p><span style=\"font-family: 'arial black', sans-serif; font-size: 14pt; color: #993300;\">Mar Fafako 2: 138 (jusqu&rsquo;au CE2 seulement) 2 instituteurs dont 1 directeur d\u00e9charg\u00e9 partiellement.<\/span><\/p>\n<p><strong><span style=\"text-decoration: underline; font-family: 'arial black', sans-serif; font-size: 14pt; color: #808000;\">Ecoles maternelles (3 niveaux) et effectifs pr\u00e9visionnels: 140<\/span><\/strong><\/p>\n<p><span style=\"font-family: 'arial black', sans-serif; font-size: 14pt; color: #993300;\">Mar Lodj: 60. 2 instituteurs, dont 1 directrice d\u00e9charg\u00e9e partiellement.<\/span><\/p>\n<p><span style=\"font-family: 'arial black', sans-serif; font-size: 14pt; color: #993300;\">Mar Fafako: 80. 3 instituteurs, dont 1 directeur d\u00e9charg\u00e9 partiellement.<\/span><\/p>\n<p>&nbsp;<\/p>\n<p>&nbsp;<\/p>\n<p>&nbsp;<\/p>\n","protected":false},"excerpt":{"rendered":"<p>La derni\u00e8re mission (du 21 f\u00e9vrier au 2 mars) a permis d&rsquo;approfondir et d&rsquo;\u00e9tendre notre action sur l&rsquo;\u00eele de Mar Lodj. Etendre, car, ce sont -tr\u00e8s exactement- 1091 enfants de tous niveaux de maternelle et d&rsquo;\u00e9l\u00e9mentaire que l&rsquo;association va aider lors de la prochaine rentr\u00e9e scolaire en octobre prochain. Soit environ 170 de plus qu&rsquo;\u00e0 [&hellip;]<\/p>\n","protected":false},"author":2,"featured_media":0,"comment_status":"open","ping_status":"open","sticky":false,"template":"","format":"standard","meta":{"jetpack_post_was_ever_published":false,"_jetpack_newsletter_access":"","_jetpack_dont_email_post_to_subs":true,"_jetpack_newsletter_tier_id":0,"_jetpack_memberships_contains_paywalled_content":false,"_jetpack_memberships_contains_paid_content":false,"footnotes":""},"categories":[1],"tags":[],"class_list":["post-1217","post","type-post","status-publish","format-standard","hentry","category-non-classe"],"jetpack_featured_media_url":"","jetpack_sharing_enabled":true,"jetpack_shortlink":"https:\/\/wp.me\/p5o8j7-jD","_links":{"self":[{"href":"http:\/\/www.unenfantuncartable17.fr\/index.php?rest_route=\/wp\/v2\/posts\/1217","targetHints":{"allow":["GET"]}}],"collection":[{"href":"http:\/\/www.unenfantuncartable17.fr\/index.php?rest_route=\/wp\/v2\/posts"}],"about":[{"href":"http:\/\/www.unenfantuncartable17.fr\/index.php?rest_route=\/wp\/v2\/types\/post"}],"author":[{"embeddable":true,"href":"http:\/\/www.unenfantuncartable17.fr\/index.php?rest_route=\/wp\/v2\/users\/2"}],"replies":[{"embeddable":true,"href":"http:\/\/www.unenfantuncartable17.fr\/index.php?rest_route=%2Fwp%2Fv2%2Fcomments&post=1217"}],"version-history":[{"count":9,"href":"http:\/\/www.unenfantuncartable17.fr\/index.php?rest_route=\/wp\/v2\/posts\/1217\/revisions"}],"predecessor-version":[{"id":1226,"href":"http:\/\/www.unenfantuncartable17.fr\/index.php?rest_route=\/wp\/v2\/posts\/1217\/revisions\/1226"}],"wp:attachment":[{"href":"http:\/\/www.unenfantuncartable17.fr\/index.php?rest_route=%2Fwp%2Fv2%2Fmedia&parent=1217"}],"wp:term":[{"taxonomy":"category","embeddable":true,"href":"http:\/\/www.unenfantuncartable17.fr\/index.php?rest_route=%2Fwp%2Fv2%2Fcategories&post=1217"},{"taxonomy":"post_tag","embeddable":true,"href":"http:\/\/www.unenfantuncartable17.fr\/index.php?rest_route=%2Fwp%2Fv2%2Ftags&post=1217"}],"curies":[{"name":"wp","href":"https:\/\/api.w.org\/{rel}","templated":true}]}}