{"id":1196,"date":"2016-12-21T09:42:12","date_gmt":"2016-12-21T08:42:12","guid":{"rendered":"http:\/\/www.unenfantuncartable17.fr\/?p=1196"},"modified":"2016-12-21T10:16:06","modified_gmt":"2016-12-21T09:16:06","slug":"belle-annee-aux-adherents","status":"publish","type":"post","link":"http:\/\/www.unenfantuncartable17.fr\/?p=1196","title":{"rendered":"Belle ann\u00e9e aux adh\u00e9rents !"},"content":{"rendered":"<p><span style=\"font-family: 'arial black', sans-serif; font-size: 14pt; color: #808000;\">Le Conseil d\u2019Administration se joint \u00e0 moi pour vous pr\u00e9senter nos v\u0153ux de bonheur et de sant\u00e9 pour l\u2019ann\u00e9e 2017.<\/span><\/p>\n<p><span style=\"font-family: 'arial black', sans-serif; font-size: 14pt; color: #800000;\">Nous souhaitons, aujourd\u2019hui, attirer votre attention sur la situation de l\u2019association.<\/span><\/p>\n<p><span style=\"font-family: 'arial black', sans-serif; font-size: 14pt; color: #808000;\">Les articles publi\u00e9s sur le blog ou les rapports pr\u00e9sent\u00e9s lors des assembl\u00e9es annuelles montrent que notre aide aux enfants de l\u2019\u00eele de Mar Lodj n\u2019a cess\u00e9 de progresser.<\/span><\/p>\n<p><span style=\"font-family: 'arial black', sans-serif; font-size: 14pt; color: #808000;\"><span style=\"color: #800000;\"><strong>Depuis 8 ans,<\/strong><\/span> nous centrons notre action sur les \u00e9coles publiques des quatre villages de l\u2019Ile, et\u00a0 particuli\u00e8rement les fillettes, qui pourraient \u00eatre victimes de discrimination.<\/span><\/p>\n<p><span style=\"font-family: 'arial black', sans-serif; font-size: 14pt; color: #808000;\"><span style=\"color: #800000;\"><strong>Depuis 8 ans,<\/strong><\/span> nous prenons en charge les fournitures des \u00e9l\u00e8ves durant six ans, selon les besoins d\u00e9termin\u00e9s par les enseignants. Ces fournitures sont achet\u00e9es au S\u00e9n\u00e9gal, ou produites dans un \u00e9tablissement public de formation professionnelle.<\/span><\/p>\n<p><span style=\"font-family: 'arial black', sans-serif; font-size: 14pt; color: #808000;\">Des\u00a0 membres du conseil d\u2019administration et de l\u2019association se rendent sur place \u00e0 leurs frais au cours de deux missions annuelles.<\/span><\/p>\n<p><span style=\"font-family: 'arial black', sans-serif; font-size: 14pt; color: #808000;\">Nous signons des conventions annuelles de coop\u00e9ration avec chaque \u00e9cole et les repr\u00e9sentants des parents d\u2019\u00e9l\u00e8ves.<\/span><\/p>\n<p><span style=\"font-family: 'arial black', sans-serif; font-size: 14pt; color: #808000;\">Nous entendons poursuivre ce qui a constitu\u00e9 notre association d\u00e8s sa cr\u00e9ation\u00a0!<\/span><\/p>\n<p><span style=\"font-family: 'arial black', sans-serif; font-size: 14pt; color: #808000;\"><strong><span style=\"color: #800000;\">D\u2019une aide de 40 \u00e9l\u00e8ves<\/span><\/strong> de l\u2019\u00e9cole de Wandi\u00e9, <strong><span style=\"color: #800000;\">nous en sommes aujourd\u2019hui \u00e0 quasiment 1000<\/span><\/strong> ; nous avons suscit\u00e9, \u00e0 Mar Lodj, une biblioth\u00e8que d\u2019\u00e9l\u00e8ves et envisageons de poursuivre en direction de l\u2019\u00e9cole maternelle de Mar Fafako.<\/span><\/p>\n<p><span style=\"font-family: 'arial black', sans-serif; color: #800000;\"><strong><span style=\"font-size: 14pt;\">Alors, plus que jamais, nous avons besoin de votre aide\u00a0!<\/span><\/strong><\/span><\/p>\n<p><span style=\"font-family: 'arial black', sans-serif; font-size: 14pt; color: #808000;\">La situation financi\u00e8re est tr\u00e8s bonne, soyez rassur\u00e9s\u00a0! Mais\u2026<\/span><\/p>\n<p><span style=\"font-family: 'arial black', sans-serif; font-size: 14pt; color: #808000;\">Si nous sommes 230 adh\u00e9rents \u2013moins de 50 \u00e0 l\u2019origine- si le nombre des enfants b\u00e9n\u00e9ficiaires a \u00e9t\u00e9 multipli\u00e9 par 25, <span style=\"color: #800000;\"><strong>le co\u00fbt de la cotisation n\u2019a pas \u00e9volu\u00e9 depuis 8 ans<u>\u00a0<\/u>!\u00a0<\/strong><\/span><\/span><\/p>\n<p><span style=\"color: #808000;\"><span style=\"font-family: 'arial black', sans-serif; font-size: 14pt;\">D\u2019un montant de 30 \u20ac \/an, <span style=\"color: #800000;\"><strong>ce co\u00fbt ne revient en r\u00e9alit\u00e9 qu\u2019\u00e0 10,20 \u20ac<\/strong><\/span> gr\u00e2ce \u00e0 la d\u00e9duction de\u00a0 66% op\u00e9r\u00e9e par l\u2019administration fiscale (dons aux \u0153uvres sur la d\u00e9claration de revenus.<\/span><\/span><\/p>\n<p><span style=\"font-family: 'arial black', sans-serif; font-size: 14pt; color: #808000;\">Nous vous demandons donc de devenir les ambassadeurs de l\u2019association en sollicitant de nouvelles adh\u00e9sions autour de vous gr\u00e2ce au bulletin t\u00e9l\u00e9chargeable sur ce blog <span style=\"color: #800000;\"><strong>(rubrique comment adh\u00e9rer)<\/strong><\/span><\/span><\/p>\n<p><span style=\"font-family: 'arial black', sans-serif; font-size: 14pt; color: #808000;\">Si <span style=\"color: #800000;\"><strong>40 nouveaux adh\u00e9rents<\/strong><\/span> nous rejoignent, nous pourrons prolonger nos engagements envers la population de l\u2019\u00eele. Elle en a besoin\u00a0!<\/span><\/p>\n<p><span style=\"font-family: 'arial black', sans-serif; font-size: 14pt; color: #808000;\">Un bilan de l\u2019avancement de cette campagne d\u2019adh\u00e9sions vous sera communiqu\u00e9 d\u00e8s le mois de mars prochain.<\/span><\/p>\n<p><span style=\"font-family: 'arial black', sans-serif; font-size: 14pt; color: #808000;\">Nous comptons sur vous.<\/span><\/p>\n<p><span style=\"font-family: 'arial black', sans-serif; font-size: 14pt; color: #808000;\">Tr\u00e8s cordialement.<\/span><\/p>\n<p><span style=\"font-family: 'arial black', sans-serif; font-size: 14pt; color: #808000;\">Pour le Conseil d\u2019Administration<\/span><\/p>\n<p><span style=\"font-family: 'arial black', sans-serif; font-size: 14pt; color: #808000;\">Le Pr\u00e9sident<\/span><\/p>\n<p><span style=\"font-family: 'arial black', sans-serif; font-size: 14pt; color: #808000;\">Jean-Claude Brossard<\/span><\/p>\n<p><strong><u>\u00a0<\/u><\/strong><\/p>\n","protected":false},"excerpt":{"rendered":"<p>Le Conseil d\u2019Administration se joint \u00e0 moi pour vous pr\u00e9senter nos v\u0153ux de bonheur et de sant\u00e9 pour l\u2019ann\u00e9e 2017. Nous souhaitons, aujourd\u2019hui, attirer votre attention sur la situation de l\u2019association. Les articles publi\u00e9s sur le blog ou les rapports pr\u00e9sent\u00e9s lors des assembl\u00e9es annuelles montrent que notre aide aux enfants de l\u2019\u00eele de Mar [&hellip;]<\/p>\n","protected":false},"author":2,"featured_media":0,"comment_status":"open","ping_status":"open","sticky":false,"template":"","format":"standard","meta":{"jetpack_post_was_ever_published":false,"_jetpack_newsletter_access":"","_jetpack_dont_email_post_to_subs":true,"_jetpack_newsletter_tier_id":0,"_jetpack_memberships_contains_paywalled_content":false,"_jetpack_memberships_contains_paid_content":false,"footnotes":""},"categories":[1],"tags":[],"class_list":["post-1196","post","type-post","status-publish","format-standard","hentry","category-non-classe"],"jetpack_featured_media_url":"","jetpack_sharing_enabled":true,"jetpack_shortlink":"https:\/\/wp.me\/p5o8j7-ji","_links":{"self":[{"href":"http:\/\/www.unenfantuncartable17.fr\/index.php?rest_route=\/wp\/v2\/posts\/1196","targetHints":{"allow":["GET"]}}],"collection":[{"href":"http:\/\/www.unenfantuncartable17.fr\/index.php?rest_route=\/wp\/v2\/posts"}],"about":[{"href":"http:\/\/www.unenfantuncartable17.fr\/index.php?rest_route=\/wp\/v2\/types\/post"}],"author":[{"embeddable":true,"href":"http:\/\/www.unenfantuncartable17.fr\/index.php?rest_route=\/wp\/v2\/users\/2"}],"replies":[{"embeddable":true,"href":"http:\/\/www.unenfantuncartable17.fr\/index.php?rest_route=%2Fwp%2Fv2%2Fcomments&post=1196"}],"version-history":[{"count":12,"href":"http:\/\/www.unenfantuncartable17.fr\/index.php?rest_route=\/wp\/v2\/posts\/1196\/revisions"}],"predecessor-version":[{"id":1208,"href":"http:\/\/www.unenfantuncartable17.fr\/index.php?rest_route=\/wp\/v2\/posts\/1196\/revisions\/1208"}],"wp:attachment":[{"href":"http:\/\/www.unenfantuncartable17.fr\/index.php?rest_route=%2Fwp%2Fv2%2Fmedia&parent=1196"}],"wp:term":[{"taxonomy":"category","embeddable":true,"href":"http:\/\/www.unenfantuncartable17.fr\/index.php?rest_route=%2Fwp%2Fv2%2Fcategories&post=1196"},{"taxonomy":"post_tag","embeddable":true,"href":"http:\/\/www.unenfantuncartable17.fr\/index.php?rest_route=%2Fwp%2Fv2%2Ftags&post=1196"}],"curies":[{"name":"wp","href":"https:\/\/api.w.org\/{rel}","templated":true}]}}