{"id":1061,"date":"2016-11-03T15:19:50","date_gmt":"2016-11-03T14:19:50","guid":{"rendered":"http:\/\/www.unenfantuncartable17.fr\/?p=1061"},"modified":"2016-11-07T10:18:29","modified_gmt":"2016-11-07T09:18:29","slug":"mission-doctobre-objectifs-atteints","status":"publish","type":"post","link":"http:\/\/www.unenfantuncartable17.fr\/?p=1061","title":{"rendered":"Mission d&rsquo;octobre: objectifs atteints !"},"content":{"rendered":"<p><span style=\"font-family: 'arial black', sans-serif; font-size: 14pt; color: #993300;\">Forte de quatre administrateurs et d&rsquo;une adh\u00e9rente, la derni\u00e8re mission \u00e0 Mar Lodj s&rsquo;est d\u00e9roul\u00e9e du 19 au 29 octobre. Outre ses objectifs quantitatifs atteints (voir plus bas) <strong><span style=\"color: #808000;\">un palier a certainement \u00e9t\u00e9 franchi dans la compr\u00e9hension de notre action par l&rsquo;ensemble des acteurs locaux de l&rsquo;\u00e9ducation -enseignants, associations de parents d&rsquo;\u00e9l\u00e8ves, chefs de villages et \u00e9lus locaux.<\/span><\/strong><\/span><\/p>\n<div id=\"attachment_1040\" style=\"width: 310px\" class=\"wp-caption alignleft\"><a href=\"http:\/\/www.unenfantuncartable17.fr\/wp-content\/uploads\/2016\/11\/IMG_03871.jpg\"><img loading=\"lazy\" decoding=\"async\" aria-describedby=\"caption-attachment-1040\" class=\"size-medium wp-image-1040\" src=\"http:\/\/www.unenfantuncartable17.fr\/wp-content\/uploads\/2016\/11\/IMG_03871-300x200.jpg\" alt=\"R\u00e9union de travail \u00e0 Mar Lodj avec les enseignants et les notables\" width=\"300\" height=\"200\" srcset=\"http:\/\/www.unenfantuncartable17.fr\/wp-content\/uploads\/2016\/11\/IMG_03871-300x200.jpg 300w, http:\/\/www.unenfantuncartable17.fr\/wp-content\/uploads\/2016\/11\/IMG_03871-768x512.jpg 768w, http:\/\/www.unenfantuncartable17.fr\/wp-content\/uploads\/2016\/11\/IMG_03871.jpg 1024w\" sizes=\"auto, (max-width: 300px) 100vw, 300px\" \/><\/a><p id=\"caption-attachment-1040\" class=\"wp-caption-text\"><em><span style=\"color: #993300; font-size: 12pt;\">R\u00e9union de travail \u00e0 Mar Lodj avec enseignants et notables<\/span><\/em><\/p><\/div>\n<p><span style=\"font-family: 'arial black', sans-serif; font-size: 14pt; color: #993300;\">Nous avons not\u00e9-notamment \u00e0 Mar Lodj- une implication et une \u00e9coute tr\u00e8s attentives qui se sont concr\u00e9tis\u00e9es par des r\u00e9unions au cours desquelles notre action a \u00e9t\u00e9 questionn\u00e9e, et <strong><span style=\"color: #808000;\">particuli\u00e8rement sa p\u00e9rennit\u00e9.<\/span><\/strong> Notre pr\u00e9sence depuis 8 ans est connue bien s\u00fbr de nos interlocuteurs; mais c&rsquo;est surtout nos intentions de poursuite de notre action qu&rsquo;ils ont souhait\u00e9 conna\u00eetre. Il est probable qu&rsquo;un pas suppl\u00e9mentaire sera franchi en f\u00e9vrier prochain lors de la prochaine mission, par la tenue de r\u00e9unions (peut-\u00eatre dans chaque \u00e9cole) avec les inspecteurs responsables de la circonscription, avec lesquels des pistes pourront \u00eatre imagin\u00e9es.<\/span><\/p>\n<p><span style=\"font-family: 'arial black', sans-serif; font-size: 14pt; color: #993300;\">Une r\u00e9union tr\u00e8s fructueuse avec l&rsquo;ensemble des instituteurs de Mar Fafako (550 \u00e9l\u00e8ves) a aussi permis de repr\u00e9ciser notre engagement, et r\u00e9pondre ainsi aux questions des enseignants pour l&rsquo;avenir.<\/span><\/p>\n<p><span style=\"font-family: 'arial black', sans-serif; font-size: 14pt; color: #808000;\">Dans les quatre \u00e9coles \u00e9l\u00e9mentaires et \u00e0 la maternelle, notre facult\u00e9 \u00e0 projeter notre action dans un avenir \u00e0 court et moyen terme est apparu comme tr\u00e8s rassurant, et fait de notre association, un partenaire sur lequel les enseignants comptent d\u00e9sormais.<\/span><\/p>\n<p><a href=\"http:\/\/www.unenfantuncartable17.fr\/wp-content\/uploads\/2016\/11\/DSC008311.jpg\"><img loading=\"lazy\" decoding=\"async\" class=\"alignnone size-medium wp-image-1047\" src=\"http:\/\/www.unenfantuncartable17.fr\/wp-content\/uploads\/2016\/11\/DSC008311-300x225.jpg\" alt=\"dsc008311\" width=\"300\" height=\"225\" srcset=\"http:\/\/www.unenfantuncartable17.fr\/wp-content\/uploads\/2016\/11\/DSC008311-300x225.jpg 300w, http:\/\/www.unenfantuncartable17.fr\/wp-content\/uploads\/2016\/11\/DSC008311-768x576.jpg 768w, http:\/\/www.unenfantuncartable17.fr\/wp-content\/uploads\/2016\/11\/DSC008311.jpg 1024w\" sizes=\"auto, (max-width: 300px) 100vw, 300px\" \/><\/a><\/p>\n<p><em><span style=\"color: #993300; font-size: 12pt;\">Enfants de l&rsquo;\u00e9cole de Mar Lodj<\/span><\/em><\/p>\n<p><span style=\"font-family: 'arial black', sans-serif; font-size: 14pt; color: #993300;\"><span style=\"color: #808000;\"><strong>Les fournitures pour les 930 enfants<\/strong> :<\/span> Ce sont 4000 cahiers de toutes sortes,\u00a02600 prot\u00e8ge-cahiers, presque 300 compas, double-d\u00e9cim\u00e8tres, rapporteurs, \u00e9querres, 2500 stylos de toutes les couleurs, 800 bo\u00eetes de crayons de couleurs, 700 crayons noirs, 500 taille crayons, 625 gommes, 615 ardoises, 125 paires de ciseaux&#8230;qui ont \u00e9t\u00e9 fournis aux enfants de tous les niveaux du CI (7 ans) au CM2 (13 ans).\u00a0<\/span><\/p>\n<p><span style=\"font-family: 'arial black', sans-serif; font-size: 14pt; color: #993300;\"><strong><span style=\"color: #808000;\">Les<\/span> <span style=\"color: #808000;\">37 enseignants<\/span><\/strong> ont b\u00e9n\u00e9fici\u00e9 de 140 bo\u00eetes de craie blanche, 66 de bo\u00eetes de craie de couleurs, de 160 feutres, 35 rames de papier, 16 dictionnaires, de marqueurs, de rouleaux de scotch, de bidons de colle blanche&#8230;\u00a0<\/span><\/p>\n<p><span style=\"font-family: 'arial black', sans-serif; font-size: 14pt; color: #993300;\"><strong><span style=\"color: #808000;\">Plus de<\/span> <span style=\"color: #808000;\">300 livres<\/span><\/strong> de tous niveaux, de toutes mati\u00e8res ont \u00e9galement \u00e9t\u00e9 achet\u00e9s au b\u00e9n\u00e9fice des \u00e9l\u00e8ves mais aussi des enseignants qui peuvent ainsi mieux se consacrer aux t\u00e2ches p\u00e9dagogiques&#8230;en \u00e9crivant moins au tableau noir.<\/span><\/p>\n<p><span style=\"font-size: 14pt; font-family: 'arial black', sans-serif; color: #808000;\">Ces trois derniers postes pour\u00a0plus de 5100 \u20ac.<\/span><\/p>\n<p><span style=\"font-family: 'arial black', sans-serif; font-size: 14pt; color: #993300;\">N&rsquo;oublions pas dans cette liste, les <strong><span style=\"color: #808000;\">230 sacs et trousses (2000 \u20ac)<\/span> <\/strong>confi\u00e9s aux \u00e9l\u00e8ves de CI et de CE2 et fabriqu\u00e9s par un \u00e9tablissement public de formation aux m\u00e9tiers manuels, et notamment des couturi\u00e8res.<\/span><\/p>\n<p><span style=\"font-family: 'arial black', sans-serif; font-size: 14pt; color: #993300;\">Des conventions ont, comme tous les ans, \u00e9t\u00e9 sign\u00e9es entre les directeurs et nous, confirmant ainsi notre engagement.<\/span><\/p>\n<p><span style=\"font-family: 'arial black', sans-serif; font-size: 14pt; color: #993300;\"><strong><span style=\"color: #808000;\">La biblioth\u00e8que<\/span> <\/strong>des \u00e9l\u00e8ves de l&rsquo;\u00e9cole de Mar Lodj a fait ses premiers pas avec la centaine d&rsquo;ouvrages -albums, romans, encyclop\u00e9dies, BD- achet\u00e9e dans une grande librairie de Dakar avec la participation des enseignants. <strong><span style=\"color: #808000;\">(Un investissement de 800 \u20ac)<\/span><\/strong><\/span><\/p>\n<div id=\"attachment_1057\" style=\"width: 310px\" class=\"wp-caption alignnone\"><a href=\"http:\/\/www.unenfantuncartable17.fr\/wp-content\/uploads\/2016\/11\/IMG_06581.jpg\"><img loading=\"lazy\" decoding=\"async\" aria-describedby=\"caption-attachment-1057\" class=\"size-medium wp-image-1057\" src=\"http:\/\/www.unenfantuncartable17.fr\/wp-content\/uploads\/2016\/11\/IMG_06581-300x200.jpg\" alt=\"Rangement, classement pour la nouvelle biblioth\u00e8que\" width=\"300\" height=\"200\" srcset=\"http:\/\/www.unenfantuncartable17.fr\/wp-content\/uploads\/2016\/11\/IMG_06581-300x200.jpg 300w, http:\/\/www.unenfantuncartable17.fr\/wp-content\/uploads\/2016\/11\/IMG_06581-768x512.jpg 768w, http:\/\/www.unenfantuncartable17.fr\/wp-content\/uploads\/2016\/11\/IMG_06581.jpg 1024w\" sizes=\"auto, (max-width: 300px) 100vw, 300px\" \/><\/a><p id=\"caption-attachment-1057\" class=\"wp-caption-text\"><em><span style=\"font-size: 12pt; color: #993300;\">Rangement, classement pour la nouvelle biblioth\u00e8que<\/span><\/em><\/p><\/div>\n<p><span style=\"font-family: 'arial black', sans-serif; font-size: 14pt; color: #993300;\">Le nouvel animateur -ex-directeur de l&rsquo;\u00e9cole aujourd&rsquo;hui retrait\u00e9- a d\u00e9couvert sa nouvelle fonction avec Sylvie, une administratrice elle-m\u00eame biblioth\u00e9caire. Les ouvrages ont \u00e9t\u00e9 class\u00e9s, tri\u00e9s, rang\u00e9s dans l&rsquo;armoire m\u00e9tallique <strong><span style=\"color: #808000;\">(230 \u20ac)<\/span><\/strong> que nous avons command\u00e9e au centre de formation qui fabrique les sacs. Nous avons pu remarquer que les enseignants ne manquaient pas d&rsquo;id\u00e9es pour animer cette biblioth\u00e8que qui sera ouverte deux fois par semaine pour commencer. <strong><span style=\"color: #808000;\">Une premi\u00e8re \u00e9valuation sera conduite conjointement lors de la mission de f\u00e9vrier prochain<\/span><\/strong><\/span><\/p>\n<p><span style=\"font-family: 'arial black', sans-serif; font-size: 14pt; color: #993300;\">R\u00e9capitulatif des effectifs par \u00e9cole :<\/span><\/p>\n<p><span style=\"color: #993300; font-family: 'arial black', sans-serif; font-size: 14pt;\"><strong><span style=\"color: #808000;\">Wandi\u00e9 :<\/span><\/strong> 25 dont 12 filles. <strong><span style=\"color: #808000;\">Marsoulou\u00a0:<\/span><\/strong> 88 dont 46 filles. <strong><span style=\"color: #808000;\">Mar Lodj<\/span><\/strong> : 201 dont 94 filles. <strong><span style=\"color: #808000;\">Mar Fafako<\/span><\/strong> (1 et 2): 550 dont 265 filles. <span style=\"color: #808000;\"><strong>Maternelle Mar<\/strong> <strong>Lodj :<\/strong><\/span>\u00a066. Total: 930.<\/span><\/p>\n<p>&nbsp;<\/p>\n","protected":false},"excerpt":{"rendered":"<p>Forte de quatre administrateurs et d&rsquo;une adh\u00e9rente, la derni\u00e8re mission \u00e0 Mar Lodj s&rsquo;est d\u00e9roul\u00e9e du 19 au 29 octobre. Outre ses objectifs quantitatifs atteints (voir plus bas) un palier a certainement \u00e9t\u00e9 franchi dans la compr\u00e9hension de notre action par l&rsquo;ensemble des acteurs locaux de l&rsquo;\u00e9ducation -enseignants, associations de parents d&rsquo;\u00e9l\u00e8ves, chefs de villages [&hellip;]<\/p>\n","protected":false},"author":2,"featured_media":0,"comment_status":"open","ping_status":"open","sticky":false,"template":"","format":"standard","meta":{"jetpack_post_was_ever_published":false,"_jetpack_newsletter_access":"","_jetpack_dont_email_post_to_subs":true,"_jetpack_newsletter_tier_id":0,"_jetpack_memberships_contains_paywalled_content":false,"_jetpack_memberships_contains_paid_content":false,"footnotes":""},"categories":[1],"tags":[],"class_list":["post-1061","post","type-post","status-publish","format-standard","hentry","category-non-classe"],"jetpack_featured_media_url":"","jetpack_sharing_enabled":true,"jetpack_shortlink":"https:\/\/wp.me\/p5o8j7-h7","_links":{"self":[{"href":"http:\/\/www.unenfantuncartable17.fr\/index.php?rest_route=\/wp\/v2\/posts\/1061","targetHints":{"allow":["GET"]}}],"collection":[{"href":"http:\/\/www.unenfantuncartable17.fr\/index.php?rest_route=\/wp\/v2\/posts"}],"about":[{"href":"http:\/\/www.unenfantuncartable17.fr\/index.php?rest_route=\/wp\/v2\/types\/post"}],"author":[{"embeddable":true,"href":"http:\/\/www.unenfantuncartable17.fr\/index.php?rest_route=\/wp\/v2\/users\/2"}],"replies":[{"embeddable":true,"href":"http:\/\/www.unenfantuncartable17.fr\/index.php?rest_route=%2Fwp%2Fv2%2Fcomments&post=1061"}],"version-history":[{"count":14,"href":"http:\/\/www.unenfantuncartable17.fr\/index.php?rest_route=\/wp\/v2\/posts\/1061\/revisions"}],"predecessor-version":[{"id":1093,"href":"http:\/\/www.unenfantuncartable17.fr\/index.php?rest_route=\/wp\/v2\/posts\/1061\/revisions\/1093"}],"wp:attachment":[{"href":"http:\/\/www.unenfantuncartable17.fr\/index.php?rest_route=%2Fwp%2Fv2%2Fmedia&parent=1061"}],"wp:term":[{"taxonomy":"category","embeddable":true,"href":"http:\/\/www.unenfantuncartable17.fr\/index.php?rest_route=%2Fwp%2Fv2%2Fcategories&post=1061"},{"taxonomy":"post_tag","embeddable":true,"href":"http:\/\/www.unenfantuncartable17.fr\/index.php?rest_route=%2Fwp%2Fv2%2Ftags&post=1061"}],"curies":[{"name":"wp","href":"https:\/\/api.w.org\/{rel}","templated":true}]}}