{"id":1000,"date":"2016-08-22T09:57:57","date_gmt":"2016-08-22T08:57:57","guid":{"rendered":"http:\/\/www.unenfantuncartable17.fr\/?p=1000"},"modified":"2016-08-22T13:04:16","modified_gmt":"2016-08-22T12:04:16","slug":"10-septembre-un-enfant-un-cartable-a-la-fete-des-associations-de-lagord","status":"publish","type":"post","link":"http:\/\/www.unenfantuncartable17.fr\/?p=1000","title":{"rendered":"10 septembre: \u00ab\u00a0Un enfant, un cartable\u00a0\u00bb \u00e0 la f\u00eate des associations de Lagord"},"content":{"rendered":"<p><span style=\"font-size: 18pt; font-family: arial, helvetica, sans-serif; color: #993300;\"><strong>Le samedi 10 septembre, \u00ab\u00a0Un enfant, un cartable\u00a0\u00bb participera \u00e0 la f\u00eate des associations qui se tiendra \u00e0 la salle polyvalente de Lagord de 10 \u00e0 18 heures.<\/strong><\/span><\/p>\n<p><span style=\"font-size: 18pt; font-family: arial, helvetica, sans-serif; color: #993300;\"><strong>Les membres du CA pr\u00e9sents ce jour l\u00e0, exposeront nos activit\u00e9s sur un stand avec des montages, des diapositives, des affiches&#8230; et seront \u00e0 la disposition du public afin de r\u00e9pondre \u00e0 ses questions sur notre action au S\u00e9n\u00e9gal depuis 8 ans.<\/strong><\/span><\/p>\n<p><span style=\"font-size: 18pt; font-family: arial, helvetica, sans-serif; color: #808000;\"><strong>L&rsquo;occasion permettra aussi d&rsquo;\u00e9changer avec les adh\u00e9rents et de faire le point sur nos diff\u00e9rents engagements.<\/strong><\/span><\/p>\n<p><span style=\"font-size: 18pt; font-family: arial, helvetica, sans-serif; color: #993300;\"><strong>A bient\u00f4t !<\/strong><\/span><\/p>\n<p>&nbsp;<\/p>\n","protected":false},"excerpt":{"rendered":"<p>Le samedi 10 septembre, \u00ab\u00a0Un enfant, un cartable\u00a0\u00bb participera \u00e0 la f\u00eate des associations qui se tiendra \u00e0 la salle polyvalente de Lagord de 10 \u00e0 18 heures. Les membres du CA pr\u00e9sents ce jour l\u00e0, exposeront nos activit\u00e9s sur un stand avec des montages, des diapositives, des affiches&#8230; et seront \u00e0 la disposition du [&hellip;]<\/p>\n","protected":false},"author":2,"featured_media":0,"comment_status":"open","ping_status":"open","sticky":false,"template":"","format":"standard","meta":{"jetpack_post_was_ever_published":false,"_jetpack_newsletter_access":"","_jetpack_dont_email_post_to_subs":false,"_jetpack_newsletter_tier_id":0,"_jetpack_memberships_contains_paywalled_content":false,"_jetpack_memberships_contains_paid_content":false,"footnotes":""},"categories":[1],"tags":[],"class_list":["post-1000","post","type-post","status-publish","format-standard","hentry","category-non-classe"],"jetpack_featured_media_url":"","jetpack_sharing_enabled":true,"jetpack_shortlink":"https:\/\/wp.me\/p5o8j7-g8","_links":{"self":[{"href":"http:\/\/www.unenfantuncartable17.fr\/index.php?rest_route=\/wp\/v2\/posts\/1000","targetHints":{"allow":["GET"]}}],"collection":[{"href":"http:\/\/www.unenfantuncartable17.fr\/index.php?rest_route=\/wp\/v2\/posts"}],"about":[{"href":"http:\/\/www.unenfantuncartable17.fr\/index.php?rest_route=\/wp\/v2\/types\/post"}],"author":[{"embeddable":true,"href":"http:\/\/www.unenfantuncartable17.fr\/index.php?rest_route=\/wp\/v2\/users\/2"}],"replies":[{"embeddable":true,"href":"http:\/\/www.unenfantuncartable17.fr\/index.php?rest_route=%2Fwp%2Fv2%2Fcomments&post=1000"}],"version-history":[{"count":5,"href":"http:\/\/www.unenfantuncartable17.fr\/index.php?rest_route=\/wp\/v2\/posts\/1000\/revisions"}],"predecessor-version":[{"id":1005,"href":"http:\/\/www.unenfantuncartable17.fr\/index.php?rest_route=\/wp\/v2\/posts\/1000\/revisions\/1005"}],"wp:attachment":[{"href":"http:\/\/www.unenfantuncartable17.fr\/index.php?rest_route=%2Fwp%2Fv2%2Fmedia&parent=1000"}],"wp:term":[{"taxonomy":"category","embeddable":true,"href":"http:\/\/www.unenfantuncartable17.fr\/index.php?rest_route=%2Fwp%2Fv2%2Fcategories&post=1000"},{"taxonomy":"post_tag","embeddable":true,"href":"http:\/\/www.unenfantuncartable17.fr\/index.php?rest_route=%2Fwp%2Fv2%2Ftags&post=1000"}],"curies":[{"name":"wp","href":"https:\/\/api.w.org\/{rel}","templated":true}]}}